{"id":3797,"date":"2021-10-23T16:05:00","date_gmt":"2021-10-23T16:05:00","guid":{"rendered":"https:\/\/www.ametllerorigenwp.com\/?p=3797"},"modified":"2021-10-22T16:06:21","modified_gmt":"2021-10-22T16:06:21","slug":"petites-llavors-que-ajuden-a-canviar-el-mon-penedes-verd","status":"publish","type":"post","link":"https:\/\/www.ametllerorigenwp.com\/ca\/petites-llavors-que-ajuden-a-canviar-el-mon-penedes-verd\/","title":{"rendered":"Petites llavors que ajuden a canviar el m\u00f3n: Pened\u00e8s Verd"},"content":{"rendered":"\n<p>Avui \u00e9s el <strong>Dia Internacional contra el Canvi Clim\u00e0tic<\/strong>, una data per generar consci\u00e8ncia sobre la cura del planeta i la import\u00e0ncia d&#8217;adquirir nous h\u00e0bits de vida que ajudin a reduir els seus efectes.<\/p>\n\n\n\n<p>Des <strong>d\u2019Ametller Origen fem cam\u00ed per lluitar contra el canvi clim\u00e0tic <\/strong>i \u00e9s per aix\u00f2 que <strong><a href=\"https:\/\/www.youtube.com\/watch?v=YNMCSxKrJlY&amp;list=PL_it555ubt2QBhCq5Jm2D1Yp_KbuFMaUF&amp;index=16\" target=\"_blank\" rel=\"noreferrer noopener\">col\u00b7laborem amb associacions com Pened\u00e8s Verd<\/a><\/strong>, una organitzaci\u00f3 creada per tres joves penedesencs, que mensualment organitzen una trobada per recollir residus i netejar els espais naturals de la comarca. Des d&#8217;Ametller Origen fem cam\u00ed amb ells per cuidar la zona que ens ha vist n\u00e9ixer i cr\u00e9ixer i avan\u00e7ar cap a un m\u00f3n m\u00e9s sostenible.<\/p>\n\n\n\n<p>Seguim avan\u00e7ant junts cap al m\u00f3n on volem viure!<\/p>\n","protected":false},"excerpt":{"rendered":"<p>Avui \u00e9s el Dia Internacional contra el Canvi Clim\u00e0tic, una data per generar consci\u00e8ncia sobre la cura del planeta i la import\u00e0ncia d&#8217;adquirir nous h\u00e0bits de vida que ajudin a reduir els seus efectes. Des d\u2019Ametller Origen fem cam\u00ed per lluitar contra el canvi clim\u00e0tic i \u00e9s per aix\u00f2 que col\u00b7laborem amb associacions com Pened\u00e8s &hellip; <a href=\"https:\/\/www.ametllerorigenwp.com\/ca\/petites-llavors-que-ajuden-a-canviar-el-mon-penedes-verd\/\" class=\"more-link\">Continua llegint <span class=\"screen-reader-text\">\u00abPetites llavors que ajuden a canviar el m\u00f3n: Pened\u00e8s Verd\u00bb<\/span><\/a><\/p>\n","protected":false},"author":5,"featured_media":3795,"comment_status":"open","ping_status":"open","sticky":false,"template":"","format":"standard","meta":{"_uag_custom_page_level_css":"","advgb_blocks_editor_width":"","advgb_blocks_columns_visual_guide":"","footnotes":""},"categories":[2],"tags":[],"class_list":["post-3797","post","type-post","status-publish","format-standard","has-post-thumbnail","hentry","category-noticies"],"author_meta":{"display_name":"Mireia Zaragoza","author_link":"https:\/\/www.ametllerorigenwp.com\/ca\/author\/mzaragoza\/"},"featured_img":"https:\/\/www.ametllerorigenwp.com\/wp-content\/uploads\/2021\/10\/APP_CanviClimatic_1000x340_1-300x102.jpg","uagb_featured_image_src":{"full":["https:\/\/www.ametllerorigenwp.com\/wp-content\/uploads\/2021\/10\/APP_CanviClimatic_1000x340_1.jpg",1000,340,false],"thumbnail":["https:\/\/www.ametllerorigenwp.com\/wp-content\/uploads\/2021\/10\/APP_CanviClimatic_1000x340_1-150x150.jpg",150,150,true],"medium":["https:\/\/www.ametllerorigenwp.com\/wp-content\/uploads\/2021\/10\/APP_CanviClimatic_1000x340_1-300x102.jpg",300,102,true],"medium_large":["https:\/\/www.ametllerorigenwp.com\/wp-content\/uploads\/2021\/10\/APP_CanviClimatic_1000x340_1-768x261.jpg",768,261,true],"large":["https:\/\/www.ametllerorigenwp.com\/wp-content\/uploads\/2021\/10\/APP_CanviClimatic_1000x340_1.jpg",840,286,false],"1536x1536":["https:\/\/www.ametllerorigenwp.com\/wp-content\/uploads\/2021\/10\/APP_CanviClimatic_1000x340_1.jpg",1000,340,false],"2048x2048":["https:\/\/www.ametllerorigenwp.com\/wp-content\/uploads\/2021\/10\/APP_CanviClimatic_1000x340_1.jpg",1000,340,false],"post-thumbnail":["https:\/\/www.ametllerorigenwp.com\/wp-content\/uploads\/2021\/10\/APP_CanviClimatic_1000x340_1.jpg",1000,340,false]},"uagb_author_info":{"display_name":"Mireia Zaragoza","author_link":"https:\/\/www.ametllerorigenwp.com\/ca\/author\/mzaragoza\/"},"uagb_comment_info":0,"uagb_excerpt":"Avui \u00e9s el Dia Internacional contra el Canvi Clim\u00e0tic, una data per generar consci\u00e8ncia sobre la cura del planeta i la import\u00e0ncia d&#8217;adquirir nous h\u00e0bits de vida que ajudin a reduir els seus efectes. Des d\u2019Ametller Origen fem cam\u00ed per lluitar contra el canvi clim\u00e0tic i \u00e9s per aix\u00f2 que col\u00b7laborem amb associacions com Pened\u00e8s&hellip;","coauthors":[],"tax_additional":{"categories":{"linked":["<a href=\"https:\/\/www.ametllerorigenwp.com\/ca\/category\/noticies\/\" class=\"advgb-post-tax-term\">Noticies<\/a>"],"unlinked":["<span class=\"advgb-post-tax-term\">Noticies<\/span>"]}},"comment_count":"0","relative_dates":{"created":"Posted 5 anys ago","modified":"Updated 5 anys ago"},"absolute_dates":{"created":"Posted on 23 d'octubre de 2021","modified":"Updated on 22 d'octubre de 2021"},"absolute_dates_time":{"created":"Posted on 23 d'octubre de 2021 16:05","modified":"Updated on 22 d'octubre de 2021 16:06"},"featured_img_caption":"","series_order":"","show_in_app":true,"fecha_inicio_destacado":null,"hora_inicio_visualizacion":null,"minutos_inicio_visualizacion":null,"fecha_final_destacado":null,"hora_final_visualizacion":null,"minutos_final_visualizacion":null,"posicion_visualizacion":null,"estado_destacado":null,"niveles_destacados":null,"url_del_enlace":null,"banner_destacado":null,"posicion_visualizacion_de_la_noticia":null,"estado_noticia":null,"fecha_de_inicio_de_visualizacion_del_tutorial":null,"hora_inicio_visualizacion_tutorial":null,"minutos_inicio_visualizacion_tutorial":null,"fecha_de_final_de_visualizacion_del_tutorial":null,"hora_final_visualizacion_tutorial":null,"minutos_final_visualizacion_tutorial":null,"numero_de_veces_visto":null,"numero_de_veces_total":null,"niveles_tutorial":null,"tutorial_recursos_castellano":null,"tutorial_recursos_catalan":null,"dias_disponibles":null,"dias_de_la_semana":null,"dias_del_mes":null,"other_lang_post_id":null,"lang":"ca","campanya_descripcion":null,"campanya_fecha_inicio":null,"campanya_fecha_fin":null,"campanya_legales":null,"campanya_imagen":null,"campanya_characteristics":null,"campanya_url":null,"campanya_posicion_visualizacion":null,"campanya_estado":null,"_links":{"self":[{"href":"https:\/\/www.ametllerorigenwp.com\/ca\/wp-json\/wp\/v2\/posts\/3797","targetHints":{"allow":["GET"]}}],"collection":[{"href":"https:\/\/www.ametllerorigenwp.com\/ca\/wp-json\/wp\/v2\/posts"}],"about":[{"href":"https:\/\/www.ametllerorigenwp.com\/ca\/wp-json\/wp\/v2\/types\/post"}],"author":[{"embeddable":true,"href":"https:\/\/www.ametllerorigenwp.com\/ca\/wp-json\/wp\/v2\/users\/5"}],"replies":[{"embeddable":true,"href":"https:\/\/www.ametllerorigenwp.com\/ca\/wp-json\/wp\/v2\/comments?post=3797"}],"version-history":[{"count":1,"href":"https:\/\/www.ametllerorigenwp.com\/ca\/wp-json\/wp\/v2\/posts\/3797\/revisions"}],"predecessor-version":[{"id":3798,"href":"https:\/\/www.ametllerorigenwp.com\/ca\/wp-json\/wp\/v2\/posts\/3797\/revisions\/3798"}],"wp:featuredmedia":[{"embeddable":true,"href":"https:\/\/www.ametllerorigenwp.com\/ca\/wp-json\/wp\/v2\/media\/3795"}],"wp:attachment":[{"href":"https:\/\/www.ametllerorigenwp.com\/ca\/wp-json\/wp\/v2\/media?parent=3797"}],"wp:term":[{"taxonomy":"category","embeddable":true,"href":"https:\/\/www.ametllerorigenwp.com\/ca\/wp-json\/wp\/v2\/categories?post=3797"},{"taxonomy":"post_tag","embeddable":true,"href":"https:\/\/www.ametllerorigenwp.com\/ca\/wp-json\/wp\/v2\/tags?post=3797"}],"curies":[{"name":"wp","href":"https:\/\/api.w.org\/{rel}","templated":true}]}}