{"id":3831,"date":"2021-10-28T16:47:42","date_gmt":"2021-10-28T16:47:42","guid":{"rendered":"https:\/\/www.ametllerorigenwp.com\/?p=3831"},"modified":"2021-10-28T16:47:47","modified_gmt":"2021-10-28T16:47:47","slug":"cuida-el-teu-cervell-amb-els-antioxidants","status":"publish","type":"post","link":"https:\/\/www.ametllerorigenwp.com\/ca\/cuida-el-teu-cervell-amb-els-antioxidants\/","title":{"rendered":"Cuida el teu cervell amb els antioxidants"},"content":{"rendered":"\n<p>Sabies que uns h\u00e0bits de vida poc saludables incrementen l\u2019oxidaci\u00f3 del teu organisme i poden afavorir el proc\u00e9s d\u2019envelliment del teu cervell?<\/p>\n\n\n\n<p>Coincidint amb el Dia Mundial de l\u2019Ictus, volem explicar-te que <strong>la ingesta d\u2019aliments rics en antioxidants, com s\u00f3n les fuites i les verdures, t\u2019ajuda a protegir el teu cervell del pas del temps, <\/strong>alhora que tamb\u00e9 et protegeix de determinades malalties cardiovasculars i de determinats tipus de c\u00e0ncer<strong>.<\/strong><\/p>\n\n\n\n<p>A continuaci\u00f3 et compartim un llistat dels aliments amb m\u00e9s poder antioxidant perqu\u00e8 els introdueixis a la teva dieta. Pren-ne nota!<\/p>\n\n\n\n<ul class=\"wp-block-list\"><li>Nabius<\/li><li>Maduixes<\/li><li>Mores<\/li><li>Cireres<\/li><li>Prunes<\/li><li>Gerds<\/li><li>Coliflor<\/li><li>Col llombarda<\/li><li>Br\u00f2coli<\/li><li>Remolatxa<\/li><li>Alberg\u00ednia<\/li><li>Te verd<\/li><li>Cacau<\/li><\/ul>\n","protected":false},"excerpt":{"rendered":"<p>Sabies que uns h\u00e0bits de vida poc saludables incrementen l\u2019oxidaci\u00f3 del teu organisme i poden afavorir el proc\u00e9s d\u2019envelliment del teu cervell? Coincidint amb el Dia Mundial de l\u2019Ictus, volem explicar-te que la ingesta d\u2019aliments rics en antioxidants, com s\u00f3n les fuites i les verdures, t\u2019ajuda a protegir el teu cervell del pas del temps, &hellip; <a href=\"https:\/\/www.ametllerorigenwp.com\/ca\/cuida-el-teu-cervell-amb-els-antioxidants\/\" class=\"more-link\">Continua llegint <span class=\"screen-reader-text\">\u00abCuida el teu cervell amb els antioxidants\u00bb<\/span><\/a><\/p>\n","protected":false},"author":5,"featured_media":3832,"comment_status":"open","ping_status":"open","sticky":false,"template":"","format":"standard","meta":{"_uag_custom_page_level_css":"","advgb_blocks_editor_width":"","advgb_blocks_columns_visual_guide":"","footnotes":""},"categories":[2],"tags":[],"class_list":["post-3831","post","type-post","status-publish","format-standard","has-post-thumbnail","hentry","category-noticies"],"author_meta":{"display_name":"Mireia Zaragoza","author_link":"https:\/\/www.ametllerorigenwp.com\/ca\/author\/mzaragoza\/"},"featured_img":"https:\/\/www.ametllerorigenwp.com\/wp-content\/uploads\/2021\/10\/APP_Gerds-nabius-mores-300x102.jpg","uagb_featured_image_src":{"full":["https:\/\/www.ametllerorigenwp.com\/wp-content\/uploads\/2021\/10\/APP_Gerds-nabius-mores.jpg",1000,340,false],"thumbnail":["https:\/\/www.ametllerorigenwp.com\/wp-content\/uploads\/2021\/10\/APP_Gerds-nabius-mores-150x150.jpg",150,150,true],"medium":["https:\/\/www.ametllerorigenwp.com\/wp-content\/uploads\/2021\/10\/APP_Gerds-nabius-mores-300x102.jpg",300,102,true],"medium_large":["https:\/\/www.ametllerorigenwp.com\/wp-content\/uploads\/2021\/10\/APP_Gerds-nabius-mores-768x261.jpg",768,261,true],"large":["https:\/\/www.ametllerorigenwp.com\/wp-content\/uploads\/2021\/10\/APP_Gerds-nabius-mores.jpg",840,286,false],"1536x1536":["https:\/\/www.ametllerorigenwp.com\/wp-content\/uploads\/2021\/10\/APP_Gerds-nabius-mores.jpg",1000,340,false],"2048x2048":["https:\/\/www.ametllerorigenwp.com\/wp-content\/uploads\/2021\/10\/APP_Gerds-nabius-mores.jpg",1000,340,false],"post-thumbnail":["https:\/\/www.ametllerorigenwp.com\/wp-content\/uploads\/2021\/10\/APP_Gerds-nabius-mores.jpg",1000,340,false]},"uagb_author_info":{"display_name":"Mireia Zaragoza","author_link":"https:\/\/www.ametllerorigenwp.com\/ca\/author\/mzaragoza\/"},"uagb_comment_info":0,"uagb_excerpt":"Sabies que uns h\u00e0bits de vida poc saludables incrementen l\u2019oxidaci\u00f3 del teu organisme i poden afavorir el proc\u00e9s d\u2019envelliment del teu cervell? Coincidint amb el Dia Mundial de l\u2019Ictus, volem explicar-te que la ingesta d\u2019aliments rics en antioxidants, com s\u00f3n les fuites i les verdures, t\u2019ajuda a protegir el teu cervell del pas del temps,&hellip;","coauthors":[],"tax_additional":{"categories":{"linked":["<a href=\"https:\/\/www.ametllerorigenwp.com\/ca\/category\/noticies\/\" class=\"advgb-post-tax-term\">Noticies<\/a>"],"unlinked":["<span class=\"advgb-post-tax-term\">Noticies<\/span>"]}},"comment_count":"0","relative_dates":{"created":"Posted 5 anys ago","modified":"Updated 5 anys ago"},"absolute_dates":{"created":"Posted on 28 d'octubre de 2021","modified":"Updated on 28 d'octubre de 2021"},"absolute_dates_time":{"created":"Posted on 28 d'octubre de 2021 16:47","modified":"Updated on 28 d'octubre de 2021 16:47"},"featured_img_caption":"","series_order":"","show_in_app":true,"fecha_inicio_destacado":null,"hora_inicio_visualizacion":null,"minutos_inicio_visualizacion":null,"fecha_final_destacado":null,"hora_final_visualizacion":null,"minutos_final_visualizacion":null,"posicion_visualizacion":null,"estado_destacado":null,"niveles_destacados":null,"url_del_enlace":null,"banner_destacado":null,"posicion_visualizacion_de_la_noticia":null,"estado_noticia":null,"fecha_de_inicio_de_visualizacion_del_tutorial":null,"hora_inicio_visualizacion_tutorial":null,"minutos_inicio_visualizacion_tutorial":null,"fecha_de_final_de_visualizacion_del_tutorial":null,"hora_final_visualizacion_tutorial":null,"minutos_final_visualizacion_tutorial":null,"numero_de_veces_visto":null,"numero_de_veces_total":null,"niveles_tutorial":null,"tutorial_recursos_castellano":null,"tutorial_recursos_catalan":null,"dias_disponibles":null,"dias_de_la_semana":null,"dias_del_mes":null,"other_lang_post_id":null,"lang":"ca","campanya_descripcion":null,"campanya_fecha_inicio":null,"campanya_fecha_fin":null,"campanya_legales":null,"campanya_imagen":null,"campanya_characteristics":null,"campanya_url":null,"campanya_posicion_visualizacion":null,"campanya_estado":null,"_links":{"self":[{"href":"https:\/\/www.ametllerorigenwp.com\/ca\/wp-json\/wp\/v2\/posts\/3831","targetHints":{"allow":["GET"]}}],"collection":[{"href":"https:\/\/www.ametllerorigenwp.com\/ca\/wp-json\/wp\/v2\/posts"}],"about":[{"href":"https:\/\/www.ametllerorigenwp.com\/ca\/wp-json\/wp\/v2\/types\/post"}],"author":[{"embeddable":true,"href":"https:\/\/www.ametllerorigenwp.com\/ca\/wp-json\/wp\/v2\/users\/5"}],"replies":[{"embeddable":true,"href":"https:\/\/www.ametllerorigenwp.com\/ca\/wp-json\/wp\/v2\/comments?post=3831"}],"version-history":[{"count":1,"href":"https:\/\/www.ametllerorigenwp.com\/ca\/wp-json\/wp\/v2\/posts\/3831\/revisions"}],"predecessor-version":[{"id":3834,"href":"https:\/\/www.ametllerorigenwp.com\/ca\/wp-json\/wp\/v2\/posts\/3831\/revisions\/3834"}],"wp:featuredmedia":[{"embeddable":true,"href":"https:\/\/www.ametllerorigenwp.com\/ca\/wp-json\/wp\/v2\/media\/3832"}],"wp:attachment":[{"href":"https:\/\/www.ametllerorigenwp.com\/ca\/wp-json\/wp\/v2\/media?parent=3831"}],"wp:term":[{"taxonomy":"category","embeddable":true,"href":"https:\/\/www.ametllerorigenwp.com\/ca\/wp-json\/wp\/v2\/categories?post=3831"},{"taxonomy":"post_tag","embeddable":true,"href":"https:\/\/www.ametllerorigenwp.com\/ca\/wp-json\/wp\/v2\/tags?post=3831"}],"curies":[{"name":"wp","href":"https:\/\/api.w.org\/{rel}","templated":true}]}}