{"id":3869,"date":"2021-11-03T08:14:18","date_gmt":"2021-11-03T08:14:18","guid":{"rendered":"https:\/\/www.ametllerorigenwp.com\/?p=3869"},"modified":"2021-11-03T13:19:35","modified_gmt":"2021-11-03T13:19:35","slug":"caqui-la-fruita-de-tardor-amb-mes-vitamina-c","status":"publish","type":"post","link":"https:\/\/www.ametllerorigenwp.com\/ca\/caqui-la-fruita-de-tardor-amb-mes-vitamina-c\/","title":{"rendered":"Caqui, la fruita de tardor amb m\u00e9s vitamina C"},"content":{"rendered":"\n<p><strong>Sabies que un caqui t\u2019aporta el 46% de la ingesta di\u00e0ria recomanada de vitamina C?<\/strong><\/p>\n\n\n\n<p>Aquesta fruita de tardor de textura fina i sabor molt dol\u00e7 \u00e9s una excepcional font de <strong>vitamina C<\/strong>, important en el metabolisme, en l\u2019absorci\u00f3 intestinal del ferro i un gran antioxidant. Tanmateix, cont\u00e9 molta vitamina A, essencial per a la vista i la pell. A m\u00e9s a m\u00e9s, el caqui cont\u00e9 una gran quantitat <strong>d\u2019hidrats de carboni<\/strong>, que s\u00f3n la font principal d\u2019energia del teu cos, i <strong>fibra<\/strong>, que t\u2019ajuda a millorar la salut intestinal, eliminar toxines i evitar l\u2019estrenyiment.<\/p>\n\n\n\n<p><strong>Apr\u00e8n a diferenciar el caqui del persim\u00f3:<\/strong> <\/p>\n\n\n\n<p>T\u2019ha passat mai que l\u2019has conf\u00f3s amb el persim\u00f3? T\u2019expliquem les difer\u00e8ncies:<\/p>\n\n\n\n<p>El <strong>persim\u00f3 es tracta d&#8217;una varietat de caqui m\u00e9s resistent que es recull semi-madura i a la que se li ha eliminat l&#8217;astring\u00e8ncia<\/strong>. El persim\u00f3 es distingeix f\u00e0cilment del caqui gr\u00e0cies a la seva textura, for\u00e7a m\u00e9s dura, que permet que el tallis com si fos, per exemple, una poma. Tot el contrari que el caqui, que es menja normalment amb cullera per la seva consist\u00e8ncia tan tova.<\/p>\n\n\n\n<p>Gaudeix el <a href=\"https:\/\/www.ametllerorigen.com\/ca\/caqui-extra-safata-2\/p\">caqui<\/a> i el <a href=\"https:\/\/www.ametllerorigen.com\/ca\/persimon-i-safata\/p\">persim\u00f3<\/a> ara que estan de temporada!<\/p>\n","protected":false},"excerpt":{"rendered":"<p>Sabies que un caqui t\u2019aporta el 46% de la ingesta di\u00e0ria recomanada de vitamina C? Aquesta fruita de tardor de textura fina i sabor molt dol\u00e7 \u00e9s una excepcional font de vitamina C, important en el metabolisme, en l\u2019absorci\u00f3 intestinal del ferro i un gran antioxidant. Tanmateix, cont\u00e9 molta vitamina A, essencial per a la &hellip; <a href=\"https:\/\/www.ametllerorigenwp.com\/ca\/caqui-la-fruita-de-tardor-amb-mes-vitamina-c\/\" class=\"more-link\">Continua llegint <span class=\"screen-reader-text\">\u00abCaqui, la fruita de tardor amb m\u00e9s vitamina C\u00bb<\/span><\/a><\/p>\n","protected":false},"author":5,"featured_media":3870,"comment_status":"open","ping_status":"open","sticky":false,"template":"","format":"standard","meta":{"_uag_custom_page_level_css":"","advgb_blocks_editor_width":"","advgb_blocks_columns_visual_guide":"","footnotes":""},"categories":[2],"tags":[],"class_list":["post-3869","post","type-post","status-publish","format-standard","has-post-thumbnail","hentry","category-noticies"],"author_meta":{"display_name":"Mireia Zaragoza","author_link":"https:\/\/www.ametllerorigenwp.com\/ca\/author\/mzaragoza\/"},"featured_img":"https:\/\/www.ametllerorigenwp.com\/wp-content\/uploads\/2021\/11\/Caquis-300x102.jpg","uagb_featured_image_src":{"full":["https:\/\/www.ametllerorigenwp.com\/wp-content\/uploads\/2021\/11\/Caquis.jpg",1000,340,false],"thumbnail":["https:\/\/www.ametllerorigenwp.com\/wp-content\/uploads\/2021\/11\/Caquis-150x150.jpg",150,150,true],"medium":["https:\/\/www.ametllerorigenwp.com\/wp-content\/uploads\/2021\/11\/Caquis-300x102.jpg",300,102,true],"medium_large":["https:\/\/www.ametllerorigenwp.com\/wp-content\/uploads\/2021\/11\/Caquis-768x261.jpg",768,261,true],"large":["https:\/\/www.ametllerorigenwp.com\/wp-content\/uploads\/2021\/11\/Caquis.jpg",840,286,false],"1536x1536":["https:\/\/www.ametllerorigenwp.com\/wp-content\/uploads\/2021\/11\/Caquis.jpg",1000,340,false],"2048x2048":["https:\/\/www.ametllerorigenwp.com\/wp-content\/uploads\/2021\/11\/Caquis.jpg",1000,340,false],"post-thumbnail":["https:\/\/www.ametllerorigenwp.com\/wp-content\/uploads\/2021\/11\/Caquis.jpg",1000,340,false]},"uagb_author_info":{"display_name":"Mireia Zaragoza","author_link":"https:\/\/www.ametllerorigenwp.com\/ca\/author\/mzaragoza\/"},"uagb_comment_info":0,"uagb_excerpt":"Sabies que un caqui t\u2019aporta el 46% de la ingesta di\u00e0ria recomanada de vitamina C? Aquesta fruita de tardor de textura fina i sabor molt dol\u00e7 \u00e9s una excepcional font de vitamina C, important en el metabolisme, en l\u2019absorci\u00f3 intestinal del ferro i un gran antioxidant. Tanmateix, cont\u00e9 molta vitamina A, essencial per a la&hellip;","coauthors":[],"tax_additional":{"categories":{"linked":["<a href=\"https:\/\/www.ametllerorigenwp.com\/ca\/category\/noticies\/\" class=\"advgb-post-tax-term\">Noticies<\/a>"],"unlinked":["<span class=\"advgb-post-tax-term\">Noticies<\/span>"]}},"comment_count":"0","relative_dates":{"created":"Posted 4 anys ago","modified":"Updated 4 anys ago"},"absolute_dates":{"created":"Posted on 3 de novembre de 2021","modified":"Updated on 3 de novembre de 2021"},"absolute_dates_time":{"created":"Posted on 3 de novembre de 2021 08:14","modified":"Updated on 3 de novembre de 2021 13:19"},"featured_img_caption":"","series_order":"","show_in_app":true,"fecha_inicio_destacado":null,"hora_inicio_visualizacion":null,"minutos_inicio_visualizacion":null,"fecha_final_destacado":null,"hora_final_visualizacion":null,"minutos_final_visualizacion":null,"posicion_visualizacion":null,"estado_destacado":null,"niveles_destacados":null,"url_del_enlace":null,"banner_destacado":null,"posicion_visualizacion_de_la_noticia":null,"estado_noticia":null,"fecha_de_inicio_de_visualizacion_del_tutorial":null,"hora_inicio_visualizacion_tutorial":null,"minutos_inicio_visualizacion_tutorial":null,"fecha_de_final_de_visualizacion_del_tutorial":null,"hora_final_visualizacion_tutorial":null,"minutos_final_visualizacion_tutorial":null,"numero_de_veces_visto":null,"numero_de_veces_total":null,"niveles_tutorial":null,"tutorial_recursos_castellano":null,"tutorial_recursos_catalan":null,"dias_disponibles":null,"dias_de_la_semana":null,"dias_del_mes":null,"other_lang_post_id":null,"lang":"ca","campanya_descripcion":null,"campanya_fecha_inicio":null,"campanya_fecha_fin":null,"campanya_legales":null,"campanya_imagen":null,"campanya_characteristics":null,"campanya_url":null,"campanya_posicion_visualizacion":null,"campanya_estado":null,"_links":{"self":[{"href":"https:\/\/www.ametllerorigenwp.com\/ca\/wp-json\/wp\/v2\/posts\/3869","targetHints":{"allow":["GET"]}}],"collection":[{"href":"https:\/\/www.ametllerorigenwp.com\/ca\/wp-json\/wp\/v2\/posts"}],"about":[{"href":"https:\/\/www.ametllerorigenwp.com\/ca\/wp-json\/wp\/v2\/types\/post"}],"author":[{"embeddable":true,"href":"https:\/\/www.ametllerorigenwp.com\/ca\/wp-json\/wp\/v2\/users\/5"}],"replies":[{"embeddable":true,"href":"https:\/\/www.ametllerorigenwp.com\/ca\/wp-json\/wp\/v2\/comments?post=3869"}],"version-history":[{"count":3,"href":"https:\/\/www.ametllerorigenwp.com\/ca\/wp-json\/wp\/v2\/posts\/3869\/revisions"}],"predecessor-version":[{"id":3884,"href":"https:\/\/www.ametllerorigenwp.com\/ca\/wp-json\/wp\/v2\/posts\/3869\/revisions\/3884"}],"wp:featuredmedia":[{"embeddable":true,"href":"https:\/\/www.ametllerorigenwp.com\/ca\/wp-json\/wp\/v2\/media\/3870"}],"wp:attachment":[{"href":"https:\/\/www.ametllerorigenwp.com\/ca\/wp-json\/wp\/v2\/media?parent=3869"}],"wp:term":[{"taxonomy":"category","embeddable":true,"href":"https:\/\/www.ametllerorigenwp.com\/ca\/wp-json\/wp\/v2\/categories?post=3869"},{"taxonomy":"post_tag","embeddable":true,"href":"https:\/\/www.ametllerorigenwp.com\/ca\/wp-json\/wp\/v2\/tags?post=3869"}],"curies":[{"name":"wp","href":"https:\/\/api.w.org\/{rel}","templated":true}]}}