{"id":3906,"date":"2021-11-07T19:14:00","date_gmt":"2021-11-07T19:14:00","guid":{"rendered":"https:\/\/www.ametllerorigenwp.com\/?p=3906"},"modified":"2021-11-05T19:15:42","modified_gmt":"2021-11-05T19:15:42","slug":"gracies-per-la-teva-solidaritat","status":"publish","type":"post","link":"https:\/\/www.ametllerorigenwp.com\/ca\/gracies-per-la-teva-solidaritat\/","title":{"rendered":"Gr\u00e0cies per la teva solidaritat!"},"content":{"rendered":"\n<p>Coincidint amb el Dia Mundial de l\u2019Alzheimer, el passat 21 de setembre, <strong>vam impulsar la campanya \u2018Quan et cuides, l\u2019Alzheimer fa un pas enrere\u2019<\/strong>, amb l\u2019objectiu de conscienciar a la poblaci\u00f3 sobre la import\u00e0ncia de seguir uns h\u00e0bits de vida saludables per prevenir el risc de patir Alzheimer i recaptar fons per a la investigaci\u00f3 d\u2019aquesta malaltia.<\/p>\n\n\n\n<p>Amb aquesta iniciativa, que va consistir en<strong> la donaci\u00f3 d\u2019 1\u20ac per la venda de cada bossa de nous de 400 g, hem aconseguit 9.000 \u20ac que es destinaran a finan\u00e7ar projectes de recerca<\/strong><strong> <\/strong><strong>del Barcelona\u03b2eta Brain Research Center<\/strong>.<\/p>\n\n\n\n<p>Avancem junts cap al m\u00f3n on vols viure! <strong><\/strong><\/p>\n","protected":false},"excerpt":{"rendered":"<p>Coincidint amb el Dia Mundial de l\u2019Alzheimer, el passat 21 de setembre, vam impulsar la campanya \u2018Quan et cuides, l\u2019Alzheimer fa un pas enrere\u2019, amb l\u2019objectiu de conscienciar a la poblaci\u00f3 sobre la import\u00e0ncia de seguir uns h\u00e0bits de vida saludables per prevenir el risc de patir Alzheimer i recaptar fons per a la investigaci\u00f3 &hellip; <a href=\"https:\/\/www.ametllerorigenwp.com\/ca\/gracies-per-la-teva-solidaritat\/\" class=\"more-link\">Continua llegint <span class=\"screen-reader-text\">\u00abGr\u00e0cies per la teva solidaritat!\u00bb<\/span><\/a><\/p>\n","protected":false},"author":5,"featured_media":3907,"comment_status":"open","ping_status":"open","sticky":false,"template":"","format":"standard","meta":{"_uag_custom_page_level_css":"","advgb_blocks_editor_width":"","advgb_blocks_columns_visual_guide":"","footnotes":""},"categories":[2],"tags":[],"class_list":["post-3906","post","type-post","status-publish","format-standard","has-post-thumbnail","hentry","category-noticies"],"author_meta":{"display_name":"Mireia Zaragoza","author_link":"https:\/\/www.ametllerorigenwp.com\/ca\/author\/mzaragoza\/"},"featured_img":"https:\/\/www.ametllerorigenwp.com\/wp-content\/uploads\/2021\/11\/APP_recaptem-Pasqual-Margall-300x102.jpg","uagb_featured_image_src":{"full":["https:\/\/www.ametllerorigenwp.com\/wp-content\/uploads\/2021\/11\/APP_recaptem-Pasqual-Margall.jpg",1000,340,false],"thumbnail":["https:\/\/www.ametllerorigenwp.com\/wp-content\/uploads\/2021\/11\/APP_recaptem-Pasqual-Margall-150x150.jpg",150,150,true],"medium":["https:\/\/www.ametllerorigenwp.com\/wp-content\/uploads\/2021\/11\/APP_recaptem-Pasqual-Margall-300x102.jpg",300,102,true],"medium_large":["https:\/\/www.ametllerorigenwp.com\/wp-content\/uploads\/2021\/11\/APP_recaptem-Pasqual-Margall-768x261.jpg",768,261,true],"large":["https:\/\/www.ametllerorigenwp.com\/wp-content\/uploads\/2021\/11\/APP_recaptem-Pasqual-Margall.jpg",840,286,false],"1536x1536":["https:\/\/www.ametllerorigenwp.com\/wp-content\/uploads\/2021\/11\/APP_recaptem-Pasqual-Margall.jpg",1000,340,false],"2048x2048":["https:\/\/www.ametllerorigenwp.com\/wp-content\/uploads\/2021\/11\/APP_recaptem-Pasqual-Margall.jpg",1000,340,false],"post-thumbnail":["https:\/\/www.ametllerorigenwp.com\/wp-content\/uploads\/2021\/11\/APP_recaptem-Pasqual-Margall.jpg",1000,340,false]},"uagb_author_info":{"display_name":"Mireia Zaragoza","author_link":"https:\/\/www.ametllerorigenwp.com\/ca\/author\/mzaragoza\/"},"uagb_comment_info":0,"uagb_excerpt":"Coincidint amb el Dia Mundial de l\u2019Alzheimer, el passat 21 de setembre, vam impulsar la campanya \u2018Quan et cuides, l\u2019Alzheimer fa un pas enrere\u2019, amb l\u2019objectiu de conscienciar a la poblaci\u00f3 sobre la import\u00e0ncia de seguir uns h\u00e0bits de vida saludables per prevenir el risc de patir Alzheimer i recaptar fons per a la investigaci\u00f3&hellip;","coauthors":[],"tax_additional":{"categories":{"linked":["<a href=\"https:\/\/www.ametllerorigenwp.com\/ca\/category\/noticies\/\" class=\"advgb-post-tax-term\">Noticies<\/a>"],"unlinked":["<span class=\"advgb-post-tax-term\">Noticies<\/span>"]}},"comment_count":"0","relative_dates":{"created":"Posted 4 anys ago","modified":"Updated 4 anys ago"},"absolute_dates":{"created":"Posted on 7 de novembre de 2021","modified":"Updated on 5 de novembre de 2021"},"absolute_dates_time":{"created":"Posted on 7 de novembre de 2021 19:14","modified":"Updated on 5 de novembre de 2021 19:15"},"featured_img_caption":"","series_order":"","show_in_app":true,"fecha_inicio_destacado":null,"hora_inicio_visualizacion":null,"minutos_inicio_visualizacion":null,"fecha_final_destacado":null,"hora_final_visualizacion":null,"minutos_final_visualizacion":null,"posicion_visualizacion":null,"estado_destacado":null,"niveles_destacados":null,"url_del_enlace":null,"banner_destacado":null,"posicion_visualizacion_de_la_noticia":null,"estado_noticia":null,"fecha_de_inicio_de_visualizacion_del_tutorial":null,"hora_inicio_visualizacion_tutorial":null,"minutos_inicio_visualizacion_tutorial":null,"fecha_de_final_de_visualizacion_del_tutorial":null,"hora_final_visualizacion_tutorial":null,"minutos_final_visualizacion_tutorial":null,"numero_de_veces_visto":null,"numero_de_veces_total":null,"niveles_tutorial":null,"tutorial_recursos_castellano":null,"tutorial_recursos_catalan":null,"dias_disponibles":null,"dias_de_la_semana":null,"dias_del_mes":null,"other_lang_post_id":null,"lang":"ca","campanya_descripcion":null,"campanya_fecha_inicio":null,"campanya_fecha_fin":null,"campanya_legales":null,"campanya_imagen":null,"campanya_characteristics":null,"campanya_url":null,"campanya_posicion_visualizacion":null,"campanya_estado":null,"_links":{"self":[{"href":"https:\/\/www.ametllerorigenwp.com\/ca\/wp-json\/wp\/v2\/posts\/3906","targetHints":{"allow":["GET"]}}],"collection":[{"href":"https:\/\/www.ametllerorigenwp.com\/ca\/wp-json\/wp\/v2\/posts"}],"about":[{"href":"https:\/\/www.ametllerorigenwp.com\/ca\/wp-json\/wp\/v2\/types\/post"}],"author":[{"embeddable":true,"href":"https:\/\/www.ametllerorigenwp.com\/ca\/wp-json\/wp\/v2\/users\/5"}],"replies":[{"embeddable":true,"href":"https:\/\/www.ametllerorigenwp.com\/ca\/wp-json\/wp\/v2\/comments?post=3906"}],"version-history":[{"count":1,"href":"https:\/\/www.ametllerorigenwp.com\/ca\/wp-json\/wp\/v2\/posts\/3906\/revisions"}],"predecessor-version":[{"id":3909,"href":"https:\/\/www.ametllerorigenwp.com\/ca\/wp-json\/wp\/v2\/posts\/3906\/revisions\/3909"}],"wp:featuredmedia":[{"embeddable":true,"href":"https:\/\/www.ametllerorigenwp.com\/ca\/wp-json\/wp\/v2\/media\/3907"}],"wp:attachment":[{"href":"https:\/\/www.ametllerorigenwp.com\/ca\/wp-json\/wp\/v2\/media?parent=3906"}],"wp:term":[{"taxonomy":"category","embeddable":true,"href":"https:\/\/www.ametllerorigenwp.com\/ca\/wp-json\/wp\/v2\/categories?post=3906"},{"taxonomy":"post_tag","embeddable":true,"href":"https:\/\/www.ametllerorigenwp.com\/ca\/wp-json\/wp\/v2\/tags?post=3906"}],"curies":[{"name":"wp","href":"https:\/\/api.w.org\/{rel}","templated":true}]}}