{"id":3919,"date":"2021-11-08T20:33:56","date_gmt":"2021-11-08T20:33:56","guid":{"rendered":"https:\/\/www.ametllerorigenwp.com\/?p=3919"},"modified":"2021-11-08T20:34:03","modified_gmt":"2021-11-08T20:34:03","slug":"tensenyem-com-macerem-el-formatge-stilton","status":"publish","type":"post","link":"https:\/\/www.ametllerorigenwp.com\/ca\/tensenyem-com-macerem-el-formatge-stilton\/","title":{"rendered":"T\u2019ensenyem com macerem el formatge Stilton"},"content":{"rendered":"\n<p>Has tastat <strong>el formatge Stilton macerat amb vi d\u2019Oporto<\/strong>? Els nostres formatgers ja l\u2019estan macerant per tal que puguis gaudir d\u2019aqu\u00ed vuit dies d\u2019aquesta deliciosa combinaci\u00f3.<\/p>\n\n\n\n<p>El formatge Stilton \u00e9s <strong>un formatge blau de vaca, de textura cremosa i sabor intens, m\u00e9s aviat dol\u00e7 que macerem durant quinze dies amb vi d\u2019Oporto<\/strong>. Descobreix-ho en aquest <a href=\"https:\/\/www.instagram.com\/tv\/CWBwv9hoHri\/\" target=\"_blank\" rel=\"noreferrer noopener\">v\u00eddeo<\/a>! \u00a0<\/p>\n","protected":false},"excerpt":{"rendered":"<p>Has tastat el formatge Stilton macerat amb vi d\u2019Oporto? Els nostres formatgers ja l\u2019estan macerant per tal que puguis gaudir d\u2019aqu\u00ed vuit dies d\u2019aquesta deliciosa combinaci\u00f3. El formatge Stilton \u00e9s un formatge blau de vaca, de textura cremosa i sabor intens, m\u00e9s aviat dol\u00e7 que macerem durant quinze dies amb vi d\u2019Oporto. Descobreix-ho en aquest &hellip; <a href=\"https:\/\/www.ametllerorigenwp.com\/ca\/tensenyem-com-macerem-el-formatge-stilton\/\" class=\"more-link\">Continua llegint <span class=\"screen-reader-text\">\u00abT\u2019ensenyem com macerem el formatge Stilton\u00bb<\/span><\/a><\/p>\n","protected":false},"author":5,"featured_media":3920,"comment_status":"open","ping_status":"open","sticky":false,"template":"","format":"standard","meta":{"_uag_custom_page_level_css":"","advgb_blocks_editor_width":"","advgb_blocks_columns_visual_guide":"","footnotes":""},"categories":[2],"tags":[],"class_list":["post-3919","post","type-post","status-publish","format-standard","has-post-thumbnail","hentry","category-noticies"],"author_meta":{"display_name":"Mireia Zaragoza","author_link":"https:\/\/www.ametllerorigenwp.com\/ca\/author\/mzaragoza\/"},"featured_img":"https:\/\/www.ametllerorigenwp.com\/wp-content\/uploads\/2021\/11\/Nuevo-proyecto-19-300x102.jpg","uagb_featured_image_src":{"full":["https:\/\/www.ametllerorigenwp.com\/wp-content\/uploads\/2021\/11\/Nuevo-proyecto-19.jpg",1000,340,false],"thumbnail":["https:\/\/www.ametllerorigenwp.com\/wp-content\/uploads\/2021\/11\/Nuevo-proyecto-19-150x150.jpg",150,150,true],"medium":["https:\/\/www.ametllerorigenwp.com\/wp-content\/uploads\/2021\/11\/Nuevo-proyecto-19-300x102.jpg",300,102,true],"medium_large":["https:\/\/www.ametllerorigenwp.com\/wp-content\/uploads\/2021\/11\/Nuevo-proyecto-19-768x261.jpg",768,261,true],"large":["https:\/\/www.ametllerorigenwp.com\/wp-content\/uploads\/2021\/11\/Nuevo-proyecto-19.jpg",840,286,false],"1536x1536":["https:\/\/www.ametllerorigenwp.com\/wp-content\/uploads\/2021\/11\/Nuevo-proyecto-19.jpg",1000,340,false],"2048x2048":["https:\/\/www.ametllerorigenwp.com\/wp-content\/uploads\/2021\/11\/Nuevo-proyecto-19.jpg",1000,340,false],"post-thumbnail":["https:\/\/www.ametllerorigenwp.com\/wp-content\/uploads\/2021\/11\/Nuevo-proyecto-19.jpg",1000,340,false]},"uagb_author_info":{"display_name":"Mireia Zaragoza","author_link":"https:\/\/www.ametllerorigenwp.com\/ca\/author\/mzaragoza\/"},"uagb_comment_info":0,"uagb_excerpt":"Has tastat el formatge Stilton macerat amb vi d\u2019Oporto? Els nostres formatgers ja l\u2019estan macerant per tal que puguis gaudir d\u2019aqu\u00ed vuit dies d\u2019aquesta deliciosa combinaci\u00f3. El formatge Stilton \u00e9s un formatge blau de vaca, de textura cremosa i sabor intens, m\u00e9s aviat dol\u00e7 que macerem durant quinze dies amb vi d\u2019Oporto. Descobreix-ho en aquest&hellip;","coauthors":[],"tax_additional":{"categories":{"linked":["<a href=\"https:\/\/www.ametllerorigenwp.com\/ca\/category\/noticies\/\" class=\"advgb-post-tax-term\">Noticies<\/a>"],"unlinked":["<span class=\"advgb-post-tax-term\">Noticies<\/span>"]}},"comment_count":"0","relative_dates":{"created":"Posted 4 anys ago","modified":"Updated 4 anys ago"},"absolute_dates":{"created":"Posted on 8 de novembre de 2021","modified":"Updated on 8 de novembre de 2021"},"absolute_dates_time":{"created":"Posted on 8 de novembre de 2021 20:33","modified":"Updated on 8 de novembre de 2021 20:34"},"featured_img_caption":"","series_order":"","show_in_app":true,"fecha_inicio_destacado":null,"hora_inicio_visualizacion":null,"minutos_inicio_visualizacion":null,"fecha_final_destacado":null,"hora_final_visualizacion":null,"minutos_final_visualizacion":null,"posicion_visualizacion":null,"estado_destacado":null,"niveles_destacados":null,"url_del_enlace":null,"banner_destacado":null,"posicion_visualizacion_de_la_noticia":null,"estado_noticia":null,"fecha_de_inicio_de_visualizacion_del_tutorial":null,"hora_inicio_visualizacion_tutorial":null,"minutos_inicio_visualizacion_tutorial":null,"fecha_de_final_de_visualizacion_del_tutorial":null,"hora_final_visualizacion_tutorial":null,"minutos_final_visualizacion_tutorial":null,"numero_de_veces_visto":null,"numero_de_veces_total":null,"niveles_tutorial":null,"tutorial_recursos_castellano":null,"tutorial_recursos_catalan":null,"dias_disponibles":null,"dias_de_la_semana":null,"dias_del_mes":null,"other_lang_post_id":null,"lang":"ca","campanya_descripcion":null,"campanya_fecha_inicio":null,"campanya_fecha_fin":null,"campanya_legales":null,"campanya_imagen":null,"campanya_characteristics":null,"campanya_url":null,"campanya_posicion_visualizacion":null,"campanya_estado":null,"_links":{"self":[{"href":"https:\/\/www.ametllerorigenwp.com\/ca\/wp-json\/wp\/v2\/posts\/3919","targetHints":{"allow":["GET"]}}],"collection":[{"href":"https:\/\/www.ametllerorigenwp.com\/ca\/wp-json\/wp\/v2\/posts"}],"about":[{"href":"https:\/\/www.ametllerorigenwp.com\/ca\/wp-json\/wp\/v2\/types\/post"}],"author":[{"embeddable":true,"href":"https:\/\/www.ametllerorigenwp.com\/ca\/wp-json\/wp\/v2\/users\/5"}],"replies":[{"embeddable":true,"href":"https:\/\/www.ametllerorigenwp.com\/ca\/wp-json\/wp\/v2\/comments?post=3919"}],"version-history":[{"count":2,"href":"https:\/\/www.ametllerorigenwp.com\/ca\/wp-json\/wp\/v2\/posts\/3919\/revisions"}],"predecessor-version":[{"id":3923,"href":"https:\/\/www.ametllerorigenwp.com\/ca\/wp-json\/wp\/v2\/posts\/3919\/revisions\/3923"}],"wp:featuredmedia":[{"embeddable":true,"href":"https:\/\/www.ametllerorigenwp.com\/ca\/wp-json\/wp\/v2\/media\/3920"}],"wp:attachment":[{"href":"https:\/\/www.ametllerorigenwp.com\/ca\/wp-json\/wp\/v2\/media?parent=3919"}],"wp:term":[{"taxonomy":"category","embeddable":true,"href":"https:\/\/www.ametllerorigenwp.com\/ca\/wp-json\/wp\/v2\/categories?post=3919"},{"taxonomy":"post_tag","embeddable":true,"href":"https:\/\/www.ametllerorigenwp.com\/ca\/wp-json\/wp\/v2\/tags?post=3919"}],"curies":[{"name":"wp","href":"https:\/\/api.w.org\/{rel}","templated":true}]}}