{"id":3927,"date":"2021-11-09T12:55:42","date_gmt":"2021-11-09T12:55:42","guid":{"rendered":"https:\/\/www.ametllerorigenwp.com\/?p=3927"},"modified":"2021-11-09T13:15:57","modified_gmt":"2021-11-09T13:15:57","slug":"mostrans-la-teva-vena-mes-creativa-i-participa-en-el-concurs","status":"publish","type":"post","link":"https:\/\/www.ametllerorigenwp.com\/ca\/mostrans-la-teva-vena-mes-creativa-i-participa-en-el-concurs\/","title":{"rendered":"Mostra\u2019ns la teva vena m\u00e9s creativa i participa en el concurs!"},"content":{"rendered":"\n<p><strong>Coincidint amb l\u2019obertura de la nostra primera botiga a l\u2019Hospitalet de Llobregat, el pr\u00f2xim 22 de novembre, posem en marxa un concurs art\u00edstic<\/strong>, juntament amb la Fundaci\u00f3n Contorno Urbano i Montana Colors, per a <strong>la realitzaci\u00f3 d\u2019una pintura mural a la paret mitgera de la nova botiga<\/strong>, situada al carrer Prat de la Riba 297.<\/p>\n\n\n\n<p>La <strong>tem\u00e0tica del mural ha d\u2019estar alineada amb el nostre prop\u00f2sit de promoure un estil de vida m\u00e9s saludable i sostenible facilitant l\u2019acc\u00e9s a una alimentaci\u00f3 saludable, plaent i neta i amb el moviment Fem Cam\u00ed<\/strong>, que hem impulsat enguany, amb l\u2019objectiu d\u2019avan\u00e7ar cap a un m\u00f3n m\u00e9s saludable i sostenible.<\/p>\n\n\n\n<p>El guanyador podr\u00e0 realitzar la seva obra a la paret de la botiga i rebr\u00e0 2.400 \u20ac de premi. La convocat\u00f2ria per enviar propostes est\u00e0 oberta fins al 21 de novembre.<\/p>\n\n\n\n<p>Consulta <strong><a href=\"https:\/\/bases.ametllerorigen.cat\/bases-legals\/bases-concurs-mural-ametller-origen-CAT.pdf\">aqu\u00ed<\/a><\/strong> les bases legals.<\/p>\n","protected":false},"excerpt":{"rendered":"<p>Coincidint amb l\u2019obertura de la nostra primera botiga a l\u2019Hospitalet de Llobregat, el pr\u00f2xim 22 de novembre, posem en marxa un concurs art\u00edstic, juntament amb la Fundaci\u00f3n Contorno Urbano i Montana Colors, per a la realitzaci\u00f3 d\u2019una pintura mural a la paret mitgera de la nova botiga, situada al carrer Prat de la Riba 297. &hellip; <a href=\"https:\/\/www.ametllerorigenwp.com\/ca\/mostrans-la-teva-vena-mes-creativa-i-participa-en-el-concurs\/\" class=\"more-link\">Continua llegint <span class=\"screen-reader-text\">\u00abMostra\u2019ns la teva vena m\u00e9s creativa i participa en el concurs!\u00bb<\/span><\/a><\/p>\n","protected":false},"author":5,"featured_media":3928,"comment_status":"open","ping_status":"open","sticky":false,"template":"","format":"standard","meta":{"_uag_custom_page_level_css":"","advgb_blocks_editor_width":"","advgb_blocks_columns_visual_guide":"","footnotes":""},"categories":[2],"tags":[],"class_list":["post-3927","post","type-post","status-publish","format-standard","has-post-thumbnail","hentry","category-noticies"],"author_meta":{"display_name":"Mireia Zaragoza","author_link":"https:\/\/www.ametllerorigenwp.com\/ca\/author\/mzaragoza\/"},"featured_img":"https:\/\/www.ametllerorigenwp.com\/wp-content\/uploads\/2021\/11\/APP_concurs_mural_Cat-300x102.jpg","uagb_featured_image_src":{"full":["https:\/\/www.ametllerorigenwp.com\/wp-content\/uploads\/2021\/11\/APP_concurs_mural_Cat.jpg",1000,340,false],"thumbnail":["https:\/\/www.ametllerorigenwp.com\/wp-content\/uploads\/2021\/11\/APP_concurs_mural_Cat-150x150.jpg",150,150,true],"medium":["https:\/\/www.ametllerorigenwp.com\/wp-content\/uploads\/2021\/11\/APP_concurs_mural_Cat-300x102.jpg",300,102,true],"medium_large":["https:\/\/www.ametllerorigenwp.com\/wp-content\/uploads\/2021\/11\/APP_concurs_mural_Cat-768x261.jpg",768,261,true],"large":["https:\/\/www.ametllerorigenwp.com\/wp-content\/uploads\/2021\/11\/APP_concurs_mural_Cat.jpg",840,286,false],"1536x1536":["https:\/\/www.ametllerorigenwp.com\/wp-content\/uploads\/2021\/11\/APP_concurs_mural_Cat.jpg",1000,340,false],"2048x2048":["https:\/\/www.ametllerorigenwp.com\/wp-content\/uploads\/2021\/11\/APP_concurs_mural_Cat.jpg",1000,340,false],"post-thumbnail":["https:\/\/www.ametllerorigenwp.com\/wp-content\/uploads\/2021\/11\/APP_concurs_mural_Cat.jpg",1000,340,false]},"uagb_author_info":{"display_name":"Mireia Zaragoza","author_link":"https:\/\/www.ametllerorigenwp.com\/ca\/author\/mzaragoza\/"},"uagb_comment_info":0,"uagb_excerpt":"Coincidint amb l\u2019obertura de la nostra primera botiga a l\u2019Hospitalet de Llobregat, el pr\u00f2xim 22 de novembre, posem en marxa un concurs art\u00edstic, juntament amb la Fundaci\u00f3n Contorno Urbano i Montana Colors, per a la realitzaci\u00f3 d\u2019una pintura mural a la paret mitgera de la nova botiga, situada al carrer Prat de la Riba 297.&hellip;","coauthors":[],"tax_additional":{"categories":{"linked":["<a href=\"https:\/\/www.ametllerorigenwp.com\/ca\/category\/noticies\/\" class=\"advgb-post-tax-term\">Noticies<\/a>"],"unlinked":["<span class=\"advgb-post-tax-term\">Noticies<\/span>"]}},"comment_count":"0","relative_dates":{"created":"Posted 4 anys ago","modified":"Updated 4 anys ago"},"absolute_dates":{"created":"Posted on 9 de novembre de 2021","modified":"Updated on 9 de novembre de 2021"},"absolute_dates_time":{"created":"Posted on 9 de novembre de 2021 12:55","modified":"Updated on 9 de novembre de 2021 13:15"},"featured_img_caption":"","series_order":"","show_in_app":true,"fecha_inicio_destacado":null,"hora_inicio_visualizacion":null,"minutos_inicio_visualizacion":null,"fecha_final_destacado":null,"hora_final_visualizacion":null,"minutos_final_visualizacion":null,"posicion_visualizacion":null,"estado_destacado":null,"niveles_destacados":null,"url_del_enlace":null,"banner_destacado":null,"posicion_visualizacion_de_la_noticia":null,"estado_noticia":null,"fecha_de_inicio_de_visualizacion_del_tutorial":null,"hora_inicio_visualizacion_tutorial":null,"minutos_inicio_visualizacion_tutorial":null,"fecha_de_final_de_visualizacion_del_tutorial":null,"hora_final_visualizacion_tutorial":null,"minutos_final_visualizacion_tutorial":null,"numero_de_veces_visto":null,"numero_de_veces_total":null,"niveles_tutorial":null,"tutorial_recursos_castellano":null,"tutorial_recursos_catalan":null,"dias_disponibles":null,"dias_de_la_semana":null,"dias_del_mes":null,"other_lang_post_id":null,"lang":"ca","campanya_descripcion":null,"campanya_fecha_inicio":null,"campanya_fecha_fin":null,"campanya_legales":null,"campanya_imagen":null,"campanya_characteristics":null,"campanya_url":null,"campanya_posicion_visualizacion":null,"campanya_estado":null,"_links":{"self":[{"href":"https:\/\/www.ametllerorigenwp.com\/ca\/wp-json\/wp\/v2\/posts\/3927","targetHints":{"allow":["GET"]}}],"collection":[{"href":"https:\/\/www.ametllerorigenwp.com\/ca\/wp-json\/wp\/v2\/posts"}],"about":[{"href":"https:\/\/www.ametllerorigenwp.com\/ca\/wp-json\/wp\/v2\/types\/post"}],"author":[{"embeddable":true,"href":"https:\/\/www.ametllerorigenwp.com\/ca\/wp-json\/wp\/v2\/users\/5"}],"replies":[{"embeddable":true,"href":"https:\/\/www.ametllerorigenwp.com\/ca\/wp-json\/wp\/v2\/comments?post=3927"}],"version-history":[{"count":4,"href":"https:\/\/www.ametllerorigenwp.com\/ca\/wp-json\/wp\/v2\/posts\/3927\/revisions"}],"predecessor-version":[{"id":3941,"href":"https:\/\/www.ametllerorigenwp.com\/ca\/wp-json\/wp\/v2\/posts\/3927\/revisions\/3941"}],"wp:featuredmedia":[{"embeddable":true,"href":"https:\/\/www.ametllerorigenwp.com\/ca\/wp-json\/wp\/v2\/media\/3928"}],"wp:attachment":[{"href":"https:\/\/www.ametllerorigenwp.com\/ca\/wp-json\/wp\/v2\/media?parent=3927"}],"wp:term":[{"taxonomy":"category","embeddable":true,"href":"https:\/\/www.ametllerorigenwp.com\/ca\/wp-json\/wp\/v2\/categories?post=3927"},{"taxonomy":"post_tag","embeddable":true,"href":"https:\/\/www.ametllerorigenwp.com\/ca\/wp-json\/wp\/v2\/tags?post=3927"}],"curies":[{"name":"wp","href":"https:\/\/api.w.org\/{rel}","templated":true}]}}