{"id":3977,"date":"2021-11-15T16:28:28","date_gmt":"2021-11-15T16:28:28","guid":{"rendered":"https:\/\/www.ametllerorigenwp.com\/?p=3977"},"modified":"2021-11-15T16:28:36","modified_gmt":"2021-11-15T16:28:36","slug":"recaptem-5-983-e-per-a-la-investigacio-contra-el-cancer-de-mama-gracies","status":"publish","type":"post","link":"https:\/\/www.ametllerorigenwp.com\/ca\/recaptem-5-983-e-per-a-la-investigacio-contra-el-cancer-de-mama-gracies\/","title":{"rendered":"Recaptem 5.983 \u20ac per a la investigaci\u00f3 contra el c\u00e0ncer de mama: gr\u00e0cies!"},"content":{"rendered":"\n<p>Coincidint amb el Dia Mundial del C\u00e0ncer de Mama, el passat 18 d\u2019octubre, <strong>vam impulsar la campanya \u2018Betacarotens contra el c\u00e0ncer de mama\u2019<\/strong> per donar suport a la investigaci\u00f3 d\u2019aquesta malaltia.<\/p>\n\n\n\n<p>Amb aquesta iniciativa, que <strong>va consistir en la donaci\u00f3 d\u2019<\/strong><strong>1 \u20ac per cada crema de carbassa de 485 ml venuda<\/strong><strong>, hem aconseguit recaptar 5.983 \u20ac que es destinaran a finan\u00e7ar diferents projectes de recerca<\/strong>.<\/p>\n\n\n\n<p>Avancem junts cap al m\u00f3n on vols viure!<\/p>\n","protected":false},"excerpt":{"rendered":"<p>Coincidint amb el Dia Mundial del C\u00e0ncer de Mama, el passat 18 d\u2019octubre, vam impulsar la campanya \u2018Betacarotens contra el c\u00e0ncer de mama\u2019 per donar suport a la investigaci\u00f3 d\u2019aquesta malaltia. Amb aquesta iniciativa, que va consistir en la donaci\u00f3 d\u20191 \u20ac per cada crema de carbassa de 485 ml venuda, hem aconseguit recaptar 5.983 &hellip; <a href=\"https:\/\/www.ametllerorigenwp.com\/ca\/recaptem-5-983-e-per-a-la-investigacio-contra-el-cancer-de-mama-gracies\/\" class=\"more-link\">Continua llegint <span class=\"screen-reader-text\">\u00abRecaptem 5.983 \u20ac per a la investigaci\u00f3 contra el c\u00e0ncer de mama: gr\u00e0cies!\u00bb<\/span><\/a><\/p>\n","protected":false},"author":5,"featured_media":3978,"comment_status":"open","ping_status":"open","sticky":false,"template":"","format":"standard","meta":{"_uag_custom_page_level_css":"","advgb_blocks_editor_width":"","advgb_blocks_columns_visual_guide":"","footnotes":""},"categories":[2],"tags":[],"class_list":["post-3977","post","type-post","status-publish","format-standard","has-post-thumbnail","hentry","category-noticies"],"author_meta":{"display_name":"Mireia Zaragoza","author_link":"https:\/\/www.ametllerorigenwp.com\/ca\/author\/mzaragoza\/"},"featured_img":"https:\/\/www.ametllerorigenwp.com\/wp-content\/uploads\/2021\/11\/App-Betacarotens-cancer-mama-CAT-300x102.jpg","uagb_featured_image_src":{"full":["https:\/\/www.ametllerorigenwp.com\/wp-content\/uploads\/2021\/11\/App-Betacarotens-cancer-mama-CAT.jpg",1000,340,false],"thumbnail":["https:\/\/www.ametllerorigenwp.com\/wp-content\/uploads\/2021\/11\/App-Betacarotens-cancer-mama-CAT-150x150.jpg",150,150,true],"medium":["https:\/\/www.ametllerorigenwp.com\/wp-content\/uploads\/2021\/11\/App-Betacarotens-cancer-mama-CAT-300x102.jpg",300,102,true],"medium_large":["https:\/\/www.ametllerorigenwp.com\/wp-content\/uploads\/2021\/11\/App-Betacarotens-cancer-mama-CAT-768x261.jpg",768,261,true],"large":["https:\/\/www.ametllerorigenwp.com\/wp-content\/uploads\/2021\/11\/App-Betacarotens-cancer-mama-CAT.jpg",840,286,false],"1536x1536":["https:\/\/www.ametllerorigenwp.com\/wp-content\/uploads\/2021\/11\/App-Betacarotens-cancer-mama-CAT.jpg",1000,340,false],"2048x2048":["https:\/\/www.ametllerorigenwp.com\/wp-content\/uploads\/2021\/11\/App-Betacarotens-cancer-mama-CAT.jpg",1000,340,false],"post-thumbnail":["https:\/\/www.ametllerorigenwp.com\/wp-content\/uploads\/2021\/11\/App-Betacarotens-cancer-mama-CAT.jpg",1000,340,false]},"uagb_author_info":{"display_name":"Mireia Zaragoza","author_link":"https:\/\/www.ametllerorigenwp.com\/ca\/author\/mzaragoza\/"},"uagb_comment_info":0,"uagb_excerpt":"Coincidint amb el Dia Mundial del C\u00e0ncer de Mama, el passat 18 d\u2019octubre, vam impulsar la campanya \u2018Betacarotens contra el c\u00e0ncer de mama\u2019 per donar suport a la investigaci\u00f3 d\u2019aquesta malaltia. Amb aquesta iniciativa, que va consistir en la donaci\u00f3 d\u20191 \u20ac per cada crema de carbassa de 485 ml venuda, hem aconseguit recaptar 5.983&hellip;","coauthors":[],"tax_additional":{"categories":{"linked":["<a href=\"https:\/\/www.ametllerorigenwp.com\/ca\/category\/noticies\/\" class=\"advgb-post-tax-term\">Noticies<\/a>"],"unlinked":["<span class=\"advgb-post-tax-term\">Noticies<\/span>"]}},"comment_count":"0","relative_dates":{"created":"Posted 4 anys ago","modified":"Updated 4 anys ago"},"absolute_dates":{"created":"Posted on 15 de novembre de 2021","modified":"Updated on 15 de novembre de 2021"},"absolute_dates_time":{"created":"Posted on 15 de novembre de 2021 16:28","modified":"Updated on 15 de novembre de 2021 16:28"},"featured_img_caption":"","series_order":"","show_in_app":true,"fecha_inicio_destacado":null,"hora_inicio_visualizacion":null,"minutos_inicio_visualizacion":null,"fecha_final_destacado":null,"hora_final_visualizacion":null,"minutos_final_visualizacion":null,"posicion_visualizacion":null,"estado_destacado":null,"niveles_destacados":null,"url_del_enlace":null,"banner_destacado":null,"posicion_visualizacion_de_la_noticia":null,"estado_noticia":null,"fecha_de_inicio_de_visualizacion_del_tutorial":null,"hora_inicio_visualizacion_tutorial":null,"minutos_inicio_visualizacion_tutorial":null,"fecha_de_final_de_visualizacion_del_tutorial":null,"hora_final_visualizacion_tutorial":null,"minutos_final_visualizacion_tutorial":null,"numero_de_veces_visto":null,"numero_de_veces_total":null,"niveles_tutorial":null,"tutorial_recursos_castellano":null,"tutorial_recursos_catalan":null,"dias_disponibles":null,"dias_de_la_semana":null,"dias_del_mes":null,"other_lang_post_id":null,"lang":"ca","campanya_descripcion":null,"campanya_fecha_inicio":null,"campanya_fecha_fin":null,"campanya_legales":null,"campanya_imagen":null,"campanya_characteristics":null,"campanya_url":null,"campanya_posicion_visualizacion":null,"campanya_estado":null,"_links":{"self":[{"href":"https:\/\/www.ametllerorigenwp.com\/ca\/wp-json\/wp\/v2\/posts\/3977","targetHints":{"allow":["GET"]}}],"collection":[{"href":"https:\/\/www.ametllerorigenwp.com\/ca\/wp-json\/wp\/v2\/posts"}],"about":[{"href":"https:\/\/www.ametllerorigenwp.com\/ca\/wp-json\/wp\/v2\/types\/post"}],"author":[{"embeddable":true,"href":"https:\/\/www.ametllerorigenwp.com\/ca\/wp-json\/wp\/v2\/users\/5"}],"replies":[{"embeddable":true,"href":"https:\/\/www.ametllerorigenwp.com\/ca\/wp-json\/wp\/v2\/comments?post=3977"}],"version-history":[{"count":1,"href":"https:\/\/www.ametllerorigenwp.com\/ca\/wp-json\/wp\/v2\/posts\/3977\/revisions"}],"predecessor-version":[{"id":3980,"href":"https:\/\/www.ametllerorigenwp.com\/ca\/wp-json\/wp\/v2\/posts\/3977\/revisions\/3980"}],"wp:featuredmedia":[{"embeddable":true,"href":"https:\/\/www.ametllerorigenwp.com\/ca\/wp-json\/wp\/v2\/media\/3978"}],"wp:attachment":[{"href":"https:\/\/www.ametllerorigenwp.com\/ca\/wp-json\/wp\/v2\/media?parent=3977"}],"wp:term":[{"taxonomy":"category","embeddable":true,"href":"https:\/\/www.ametllerorigenwp.com\/ca\/wp-json\/wp\/v2\/categories?post=3977"},{"taxonomy":"post_tag","embeddable":true,"href":"https:\/\/www.ametllerorigenwp.com\/ca\/wp-json\/wp\/v2\/tags?post=3977"}],"curies":[{"name":"wp","href":"https:\/\/api.w.org\/{rel}","templated":true}]}}