{"id":4029,"date":"2021-11-23T15:33:26","date_gmt":"2021-11-23T15:33:26","guid":{"rendered":"https:\/\/www.ametllerorigenwp.com\/?p=4029"},"modified":"2021-11-23T15:33:31","modified_gmt":"2021-11-23T15:33:31","slug":"millora-la-teva-digestio-amb-la-pinya","status":"publish","type":"post","link":"https:\/\/www.ametllerorigenwp.com\/ca\/millora-la-teva-digestio-amb-la-pinya\/","title":{"rendered":"Millora la teva digesti\u00f3 amb la pinya"},"content":{"rendered":"\n<p>Sabies que <strong>aquesta fruita<\/strong>, de polpa groga i molt arom\u00e0tica, <strong>facilita la digesti\u00f3<\/strong>? Aix\u00f2 \u00e9s gr\u00e0cies a <strong>la bromelina<\/strong> que augmenta la capacitat de digerir les prote\u00efnes i ajuda a reduir les inflamacions. &nbsp;Tanmateix, <strong>la pinya t\u2019aporta vitamina C<\/strong>, un antioxidant que evita l\u2019envelliment de les c\u00e8l\u00b7lules, i <strong>vitamines del grup B<\/strong>, que ajuden al teu sistema nervi\u00f3s.<\/p>\n\n\n\n<p>Pel que fa als minerals, destaca el seu contingut en <strong>iode<\/strong>, indispensable per al correcte funcionament del teu organisme, i <strong>potassi <\/strong>que ajuda a reduir la pressi\u00f3 arterial i millora la salut card\u00edaca.<\/p>\n\n\n\n<p>Per saber <strong>si la pinya est\u00e0 madura, fixat en les fulles<\/strong>. Si s\u00f3n de color verd i en pots treure una f\u00e0cilment, voldr\u00e0 dir que est\u00e0 llesta per consumir.<\/p>\n\n\n\n<p><a href=\"https:\/\/www.ametllerorigen.com\/ca\/pinya-ca-u\/p\">Incorpora-la<\/a> a la teva dieta!<\/p>\n","protected":false},"excerpt":{"rendered":"<p>Sabies que aquesta fruita, de polpa groga i molt arom\u00e0tica, facilita la digesti\u00f3? Aix\u00f2 \u00e9s gr\u00e0cies a la bromelina que augmenta la capacitat de digerir les prote\u00efnes i ajuda a reduir les inflamacions. &nbsp;Tanmateix, la pinya t\u2019aporta vitamina C, un antioxidant que evita l\u2019envelliment de les c\u00e8l\u00b7lules, i vitamines del grup B, que ajuden al &hellip; <a href=\"https:\/\/www.ametllerorigenwp.com\/ca\/millora-la-teva-digestio-amb-la-pinya\/\" class=\"more-link\">Continua llegint <span class=\"screen-reader-text\">\u00abMillora la teva digesti\u00f3 amb la pinya\u00bb<\/span><\/a><\/p>\n","protected":false},"author":5,"featured_media":4030,"comment_status":"open","ping_status":"open","sticky":false,"template":"","format":"standard","meta":{"_uag_custom_page_level_css":"","advgb_blocks_editor_width":"","advgb_blocks_columns_visual_guide":"","footnotes":""},"categories":[2],"tags":[],"class_list":["post-4029","post","type-post","status-publish","format-standard","has-post-thumbnail","hentry","category-noticies"],"author_meta":{"display_name":"Mireia Zaragoza","author_link":"https:\/\/www.ametllerorigenwp.com\/ca\/author\/mzaragoza\/"},"featured_img":"https:\/\/www.ametllerorigenwp.com\/wp-content\/uploads\/2021\/11\/Pinya_1-300x102.jpg","uagb_featured_image_src":{"full":["https:\/\/www.ametllerorigenwp.com\/wp-content\/uploads\/2021\/11\/Pinya_1.jpg",1000,340,false],"thumbnail":["https:\/\/www.ametllerorigenwp.com\/wp-content\/uploads\/2021\/11\/Pinya_1-150x150.jpg",150,150,true],"medium":["https:\/\/www.ametllerorigenwp.com\/wp-content\/uploads\/2021\/11\/Pinya_1-300x102.jpg",300,102,true],"medium_large":["https:\/\/www.ametllerorigenwp.com\/wp-content\/uploads\/2021\/11\/Pinya_1-768x261.jpg",768,261,true],"large":["https:\/\/www.ametllerorigenwp.com\/wp-content\/uploads\/2021\/11\/Pinya_1.jpg",840,286,false],"1536x1536":["https:\/\/www.ametllerorigenwp.com\/wp-content\/uploads\/2021\/11\/Pinya_1.jpg",1000,340,false],"2048x2048":["https:\/\/www.ametllerorigenwp.com\/wp-content\/uploads\/2021\/11\/Pinya_1.jpg",1000,340,false],"post-thumbnail":["https:\/\/www.ametllerorigenwp.com\/wp-content\/uploads\/2021\/11\/Pinya_1.jpg",1000,340,false]},"uagb_author_info":{"display_name":"Mireia Zaragoza","author_link":"https:\/\/www.ametllerorigenwp.com\/ca\/author\/mzaragoza\/"},"uagb_comment_info":0,"uagb_excerpt":"Sabies que aquesta fruita, de polpa groga i molt arom\u00e0tica, facilita la digesti\u00f3? Aix\u00f2 \u00e9s gr\u00e0cies a la bromelina que augmenta la capacitat de digerir les prote\u00efnes i ajuda a reduir les inflamacions. &nbsp;Tanmateix, la pinya t\u2019aporta vitamina C, un antioxidant que evita l\u2019envelliment de les c\u00e8l\u00b7lules, i vitamines del grup B, que ajuden al&hellip;","coauthors":[],"tax_additional":{"categories":{"linked":["<a href=\"https:\/\/www.ametllerorigenwp.com\/ca\/category\/noticies\/\" class=\"advgb-post-tax-term\">Noticies<\/a>"],"unlinked":["<span class=\"advgb-post-tax-term\">Noticies<\/span>"]}},"comment_count":"0","relative_dates":{"created":"Posted 4 anys ago","modified":"Updated 4 anys ago"},"absolute_dates":{"created":"Posted on 23 de novembre de 2021","modified":"Updated on 23 de novembre de 2021"},"absolute_dates_time":{"created":"Posted on 23 de novembre de 2021 15:33","modified":"Updated on 23 de novembre de 2021 15:33"},"featured_img_caption":"","series_order":"","show_in_app":true,"fecha_inicio_destacado":null,"hora_inicio_visualizacion":null,"minutos_inicio_visualizacion":null,"fecha_final_destacado":null,"hora_final_visualizacion":null,"minutos_final_visualizacion":null,"posicion_visualizacion":null,"estado_destacado":null,"niveles_destacados":null,"url_del_enlace":null,"banner_destacado":null,"posicion_visualizacion_de_la_noticia":null,"estado_noticia":null,"fecha_de_inicio_de_visualizacion_del_tutorial":null,"hora_inicio_visualizacion_tutorial":null,"minutos_inicio_visualizacion_tutorial":null,"fecha_de_final_de_visualizacion_del_tutorial":null,"hora_final_visualizacion_tutorial":null,"minutos_final_visualizacion_tutorial":null,"numero_de_veces_visto":null,"numero_de_veces_total":null,"niveles_tutorial":null,"tutorial_recursos_castellano":null,"tutorial_recursos_catalan":null,"dias_disponibles":null,"dias_de_la_semana":null,"dias_del_mes":null,"other_lang_post_id":null,"lang":"ca","campanya_descripcion":null,"campanya_fecha_inicio":null,"campanya_fecha_fin":null,"campanya_legales":null,"campanya_imagen":null,"campanya_characteristics":null,"campanya_url":null,"campanya_posicion_visualizacion":null,"campanya_estado":null,"_links":{"self":[{"href":"https:\/\/www.ametllerorigenwp.com\/ca\/wp-json\/wp\/v2\/posts\/4029","targetHints":{"allow":["GET"]}}],"collection":[{"href":"https:\/\/www.ametllerorigenwp.com\/ca\/wp-json\/wp\/v2\/posts"}],"about":[{"href":"https:\/\/www.ametllerorigenwp.com\/ca\/wp-json\/wp\/v2\/types\/post"}],"author":[{"embeddable":true,"href":"https:\/\/www.ametllerorigenwp.com\/ca\/wp-json\/wp\/v2\/users\/5"}],"replies":[{"embeddable":true,"href":"https:\/\/www.ametllerorigenwp.com\/ca\/wp-json\/wp\/v2\/comments?post=4029"}],"version-history":[{"count":2,"href":"https:\/\/www.ametllerorigenwp.com\/ca\/wp-json\/wp\/v2\/posts\/4029\/revisions"}],"predecessor-version":[{"id":4033,"href":"https:\/\/www.ametllerorigenwp.com\/ca\/wp-json\/wp\/v2\/posts\/4029\/revisions\/4033"}],"wp:featuredmedia":[{"embeddable":true,"href":"https:\/\/www.ametllerorigenwp.com\/ca\/wp-json\/wp\/v2\/media\/4030"}],"wp:attachment":[{"href":"https:\/\/www.ametllerorigenwp.com\/ca\/wp-json\/wp\/v2\/media?parent=4029"}],"wp:term":[{"taxonomy":"category","embeddable":true,"href":"https:\/\/www.ametllerorigenwp.com\/ca\/wp-json\/wp\/v2\/categories?post=4029"},{"taxonomy":"post_tag","embeddable":true,"href":"https:\/\/www.ametllerorigenwp.com\/ca\/wp-json\/wp\/v2\/tags?post=4029"}],"curies":[{"name":"wp","href":"https:\/\/api.w.org\/{rel}","templated":true}]}}