{"id":4038,"date":"2021-11-24T17:20:29","date_gmt":"2021-11-24T17:20:29","guid":{"rendered":"https:\/\/www.ametllerorigenwp.com\/?p=4038"},"modified":"2021-11-24T17:20:58","modified_gmt":"2021-11-24T17:20:58","slug":"ens-adherim-al-protocol-de-reutilitzacio-denvasos-de-rezero","status":"publish","type":"post","link":"https:\/\/www.ametllerorigenwp.com\/ca\/ens-adherim-al-protocol-de-reutilitzacio-denvasos-de-rezero\/","title":{"rendered":"Ens adherim al protocol de reutilitzaci\u00f3 d&#8217;envasos de Rezero"},"content":{"rendered":"\n<p>Coincidint amb <strong>la Setmana Europea de la Prevenci\u00f3 de Residus<\/strong>, <strong>l&#8217;entitat\u00a0Rezero\u00a0<\/strong>ha presentat el protocol per <strong>fomentar la reutilitzaci\u00f3 i la lluita contra el pl\u00e0stic d&#8217;un sol \u00fas als establiments comercials<\/strong>. Una iniciativa a la qual estem adherits per <strong>promoure una compra m\u00e9s sostenible i conscient <\/strong>posant a disposici\u00f3 dels <strong>clients bosses i capses reutilitzables per endur-se la compra, bosses de malla per les fruites i verdures a granel i\u00a0tuppers\u00a0reutilitzables a les seccions de carnisseria i xarcuteria<\/strong>.<\/p>\n\n\n\n<p>Seguim fent cam\u00ed junts cap al m\u00f3n on vols viure!<\/p>\n","protected":false},"excerpt":{"rendered":"<p>Coincidint amb la Setmana Europea de la Prevenci\u00f3 de Residus, l&#8217;entitat\u00a0Rezero\u00a0ha presentat el protocol per fomentar la reutilitzaci\u00f3 i la lluita contra el pl\u00e0stic d&#8217;un sol \u00fas als establiments comercials. Una iniciativa a la qual estem adherits per promoure una compra m\u00e9s sostenible i conscient posant a disposici\u00f3 dels clients bosses i capses reutilitzables per &hellip; <a href=\"https:\/\/www.ametllerorigenwp.com\/ca\/ens-adherim-al-protocol-de-reutilitzacio-denvasos-de-rezero\/\" class=\"more-link\">Continua llegint <span class=\"screen-reader-text\">\u00abEns adherim al protocol de reutilitzaci\u00f3 d&#8217;envasos de Rezero\u00bb<\/span><\/a><\/p>\n","protected":false},"author":5,"featured_media":4039,"comment_status":"open","ping_status":"open","sticky":false,"template":"","format":"standard","meta":{"_uag_custom_page_level_css":"","advgb_blocks_editor_width":"","advgb_blocks_columns_visual_guide":"","footnotes":""},"categories":[2],"tags":[],"class_list":["post-4038","post","type-post","status-publish","format-standard","has-post-thumbnail","hentry","category-noticies"],"author_meta":{"display_name":"Mireia Zaragoza","author_link":"https:\/\/www.ametllerorigenwp.com\/ca\/author\/mzaragoza\/"},"featured_img":"https:\/\/www.ametllerorigenwp.com\/wp-content\/uploads\/2021\/11\/APP_Rezero-2-300x102.jpg","uagb_featured_image_src":{"full":["https:\/\/www.ametllerorigenwp.com\/wp-content\/uploads\/2021\/11\/APP_Rezero-2.jpg",1000,340,false],"thumbnail":["https:\/\/www.ametllerorigenwp.com\/wp-content\/uploads\/2021\/11\/APP_Rezero-2-150x150.jpg",150,150,true],"medium":["https:\/\/www.ametllerorigenwp.com\/wp-content\/uploads\/2021\/11\/APP_Rezero-2-300x102.jpg",300,102,true],"medium_large":["https:\/\/www.ametllerorigenwp.com\/wp-content\/uploads\/2021\/11\/APP_Rezero-2-768x261.jpg",768,261,true],"large":["https:\/\/www.ametllerorigenwp.com\/wp-content\/uploads\/2021\/11\/APP_Rezero-2.jpg",840,286,false],"1536x1536":["https:\/\/www.ametllerorigenwp.com\/wp-content\/uploads\/2021\/11\/APP_Rezero-2.jpg",1000,340,false],"2048x2048":["https:\/\/www.ametllerorigenwp.com\/wp-content\/uploads\/2021\/11\/APP_Rezero-2.jpg",1000,340,false],"post-thumbnail":["https:\/\/www.ametllerorigenwp.com\/wp-content\/uploads\/2021\/11\/APP_Rezero-2.jpg",1000,340,false]},"uagb_author_info":{"display_name":"Mireia Zaragoza","author_link":"https:\/\/www.ametllerorigenwp.com\/ca\/author\/mzaragoza\/"},"uagb_comment_info":0,"uagb_excerpt":"Coincidint amb la Setmana Europea de la Prevenci\u00f3 de Residus, l&#8217;entitat\u00a0Rezero\u00a0ha presentat el protocol per fomentar la reutilitzaci\u00f3 i la lluita contra el pl\u00e0stic d&#8217;un sol \u00fas als establiments comercials. Una iniciativa a la qual estem adherits per promoure una compra m\u00e9s sostenible i conscient posant a disposici\u00f3 dels clients bosses i capses reutilitzables per&hellip;","coauthors":[],"tax_additional":{"categories":{"linked":["<a href=\"https:\/\/www.ametllerorigenwp.com\/ca\/category\/noticies\/\" class=\"advgb-post-tax-term\">Noticies<\/a>"],"unlinked":["<span class=\"advgb-post-tax-term\">Noticies<\/span>"]}},"comment_count":"0","relative_dates":{"created":"Posted 4 anys ago","modified":"Updated 4 anys ago"},"absolute_dates":{"created":"Posted on 24 de novembre de 2021","modified":"Updated on 24 de novembre de 2021"},"absolute_dates_time":{"created":"Posted on 24 de novembre de 2021 17:20","modified":"Updated on 24 de novembre de 2021 17:20"},"featured_img_caption":"","series_order":"","show_in_app":true,"fecha_inicio_destacado":null,"hora_inicio_visualizacion":null,"minutos_inicio_visualizacion":null,"fecha_final_destacado":null,"hora_final_visualizacion":null,"minutos_final_visualizacion":null,"posicion_visualizacion":null,"estado_destacado":null,"niveles_destacados":null,"url_del_enlace":null,"banner_destacado":null,"posicion_visualizacion_de_la_noticia":null,"estado_noticia":null,"fecha_de_inicio_de_visualizacion_del_tutorial":null,"hora_inicio_visualizacion_tutorial":null,"minutos_inicio_visualizacion_tutorial":null,"fecha_de_final_de_visualizacion_del_tutorial":null,"hora_final_visualizacion_tutorial":null,"minutos_final_visualizacion_tutorial":null,"numero_de_veces_visto":null,"numero_de_veces_total":null,"niveles_tutorial":null,"tutorial_recursos_castellano":null,"tutorial_recursos_catalan":null,"dias_disponibles":null,"dias_de_la_semana":null,"dias_del_mes":null,"other_lang_post_id":null,"lang":"ca","campanya_descripcion":null,"campanya_fecha_inicio":null,"campanya_fecha_fin":null,"campanya_legales":null,"campanya_imagen":null,"campanya_characteristics":null,"campanya_url":null,"campanya_posicion_visualizacion":null,"campanya_estado":null,"_links":{"self":[{"href":"https:\/\/www.ametllerorigenwp.com\/ca\/wp-json\/wp\/v2\/posts\/4038","targetHints":{"allow":["GET"]}}],"collection":[{"href":"https:\/\/www.ametllerorigenwp.com\/ca\/wp-json\/wp\/v2\/posts"}],"about":[{"href":"https:\/\/www.ametllerorigenwp.com\/ca\/wp-json\/wp\/v2\/types\/post"}],"author":[{"embeddable":true,"href":"https:\/\/www.ametllerorigenwp.com\/ca\/wp-json\/wp\/v2\/users\/5"}],"replies":[{"embeddable":true,"href":"https:\/\/www.ametllerorigenwp.com\/ca\/wp-json\/wp\/v2\/comments?post=4038"}],"version-history":[{"count":1,"href":"https:\/\/www.ametllerorigenwp.com\/ca\/wp-json\/wp\/v2\/posts\/4038\/revisions"}],"predecessor-version":[{"id":4042,"href":"https:\/\/www.ametllerorigenwp.com\/ca\/wp-json\/wp\/v2\/posts\/4038\/revisions\/4042"}],"wp:featuredmedia":[{"embeddable":true,"href":"https:\/\/www.ametllerorigenwp.com\/ca\/wp-json\/wp\/v2\/media\/4039"}],"wp:attachment":[{"href":"https:\/\/www.ametllerorigenwp.com\/ca\/wp-json\/wp\/v2\/media?parent=4038"}],"wp:term":[{"taxonomy":"category","embeddable":true,"href":"https:\/\/www.ametllerorigenwp.com\/ca\/wp-json\/wp\/v2\/categories?post=4038"},{"taxonomy":"post_tag","embeddable":true,"href":"https:\/\/www.ametllerorigenwp.com\/ca\/wp-json\/wp\/v2\/tags?post=4038"}],"curies":[{"name":"wp","href":"https:\/\/api.w.org\/{rel}","templated":true}]}}