{"id":4094,"date":"2021-11-29T12:08:50","date_gmt":"2021-11-29T12:08:50","guid":{"rendered":"https:\/\/www.ametllerorigenwp.com\/?p=4094"},"modified":"2021-12-01T10:20:38","modified_gmt":"2021-12-01T10:20:38","slug":"apuntat-als-tallers-daquest-mes-amb-lalbert-adria-lada-parellada-i-el-christian-escriba","status":"publish","type":"post","link":"https:\/\/www.ametllerorigenwp.com\/ca\/apuntat-als-tallers-daquest-mes-amb-lalbert-adria-lada-parellada-i-el-christian-escriba\/","title":{"rendered":"Showcooking amb l\u2019Albert Adri\u00e0, el Christian Escrib\u00e0, l\u2019Ada Parellada i el Jordi Morera"},"content":{"rendered":"\n<p>Est\u00e0s a punt per viure un desembre de pel\u00b7l\u00edcula? Tenim un calendari d&#8217;activitats d&#8217;estrella amb <strong>els showcookings del xef&nbsp;Albert Adri\u00e0&nbsp; i el seu past\u00eds de formatge, la xef Ada Parellada i el men\u00fa d&#8217;aprofitament de Nadal, el tast del tortell de reis amb el pastisser Christian Escrib\u00e0&nbsp; i dels&nbsp;panettones amb el Jordi Morera!&nbsp;I, a m\u00e9s,&nbsp;tallers de cuina amb el nostre xef&nbsp;Cintet<\/strong>,&nbsp;<strong>els millors maridatges i&nbsp;activitats pels m\u00e9s petits de la casa<\/strong>.&nbsp;Consulta el nostre <a href=\"https:\/\/www.femcami.org\/ca\/escola-del-bon-menjar\/esdeveniments\/\">calendari d\u2019activitats<\/a> per saber tots els detalls i no te\u2019n perdis ni una.<\/p>\n\n\n\n<p>T\u2019hi esperem!<\/p>\n","protected":false},"excerpt":{"rendered":"<p>Est\u00e0s a punt per viure un desembre de pel\u00b7l\u00edcula? Tenim un calendari d&#8217;activitats d&#8217;estrella amb els showcookings del xef&nbsp;Albert Adri\u00e0&nbsp; i el seu past\u00eds de formatge, la xef Ada Parellada i el men\u00fa d&#8217;aprofitament de Nadal, el tast del tortell de reis amb el pastisser Christian Escrib\u00e0&nbsp; i dels&nbsp;panettones amb el Jordi Morera!&nbsp;I, a m\u00e9s,&nbsp;tallers &hellip; <a href=\"https:\/\/www.ametllerorigenwp.com\/ca\/apuntat-als-tallers-daquest-mes-amb-lalbert-adria-lada-parellada-i-el-christian-escriba\/\" class=\"more-link\">Continua llegint <span class=\"screen-reader-text\">\u00abShowcooking amb l\u2019Albert Adri\u00e0, el Christian Escrib\u00e0, l\u2019Ada Parellada i el Jordi Morera\u00bb<\/span><\/a><\/p>\n","protected":false},"author":5,"featured_media":4123,"comment_status":"open","ping_status":"open","sticky":false,"template":"","format":"standard","meta":{"_uag_custom_page_level_css":"","advgb_blocks_editor_width":"","advgb_blocks_columns_visual_guide":"","footnotes":""},"categories":[2],"tags":[],"class_list":["post-4094","post","type-post","status-publish","format-standard","has-post-thumbnail","hentry","category-noticies"],"author_meta":{"display_name":"Mireia Zaragoza","author_link":"https:\/\/www.ametllerorigenwp.com\/ca\/author\/mzaragoza\/"},"featured_img":"https:\/\/www.ametllerorigenwp.com\/wp-content\/uploads\/2021\/11\/APP_Tallers-desembre_CAT-1-300x102.jpg","uagb_featured_image_src":{"full":["https:\/\/www.ametllerorigenwp.com\/wp-content\/uploads\/2021\/11\/APP_Tallers-desembre_CAT-1.jpg",1000,340,false],"thumbnail":["https:\/\/www.ametllerorigenwp.com\/wp-content\/uploads\/2021\/11\/APP_Tallers-desembre_CAT-1-150x150.jpg",150,150,true],"medium":["https:\/\/www.ametllerorigenwp.com\/wp-content\/uploads\/2021\/11\/APP_Tallers-desembre_CAT-1-300x102.jpg",300,102,true],"medium_large":["https:\/\/www.ametllerorigenwp.com\/wp-content\/uploads\/2021\/11\/APP_Tallers-desembre_CAT-1-768x261.jpg",768,261,true],"large":["https:\/\/www.ametllerorigenwp.com\/wp-content\/uploads\/2021\/11\/APP_Tallers-desembre_CAT-1.jpg",840,286,false],"1536x1536":["https:\/\/www.ametllerorigenwp.com\/wp-content\/uploads\/2021\/11\/APP_Tallers-desembre_CAT-1.jpg",1000,340,false],"2048x2048":["https:\/\/www.ametllerorigenwp.com\/wp-content\/uploads\/2021\/11\/APP_Tallers-desembre_CAT-1.jpg",1000,340,false],"post-thumbnail":["https:\/\/www.ametllerorigenwp.com\/wp-content\/uploads\/2021\/11\/APP_Tallers-desembre_CAT-1.jpg",1000,340,false]},"uagb_author_info":{"display_name":"Mireia Zaragoza","author_link":"https:\/\/www.ametllerorigenwp.com\/ca\/author\/mzaragoza\/"},"uagb_comment_info":2,"uagb_excerpt":"Est\u00e0s a punt per viure un desembre de pel\u00b7l\u00edcula? Tenim un calendari d&#8217;activitats d&#8217;estrella amb els showcookings del xef&nbsp;Albert Adri\u00e0&nbsp; i el seu past\u00eds de formatge, la xef Ada Parellada i el men\u00fa d&#8217;aprofitament de Nadal, el tast del tortell de reis amb el pastisser Christian Escrib\u00e0&nbsp; i dels&nbsp;panettones amb el Jordi Morera!&nbsp;I, a m\u00e9s,&nbsp;tallers&hellip;","coauthors":[],"tax_additional":{"categories":{"linked":["<a href=\"https:\/\/www.ametllerorigenwp.com\/ca\/category\/noticies\/\" class=\"advgb-post-tax-term\">Noticies<\/a>"],"unlinked":["<span class=\"advgb-post-tax-term\">Noticies<\/span>"]}},"comment_count":"0","relative_dates":{"created":"Posted 4 anys ago","modified":"Updated 4 anys ago"},"absolute_dates":{"created":"Posted on 29 de novembre de 2021","modified":"Updated on 1 de desembre de 2021"},"absolute_dates_time":{"created":"Posted on 29 de novembre de 2021 12:08","modified":"Updated on 1 de desembre de 2021 10:20"},"featured_img_caption":"","series_order":"","show_in_app":true,"fecha_inicio_destacado":null,"hora_inicio_visualizacion":null,"minutos_inicio_visualizacion":null,"fecha_final_destacado":null,"hora_final_visualizacion":null,"minutos_final_visualizacion":null,"posicion_visualizacion":null,"estado_destacado":null,"niveles_destacados":null,"url_del_enlace":null,"banner_destacado":null,"posicion_visualizacion_de_la_noticia":null,"estado_noticia":null,"fecha_de_inicio_de_visualizacion_del_tutorial":null,"hora_inicio_visualizacion_tutorial":null,"minutos_inicio_visualizacion_tutorial":null,"fecha_de_final_de_visualizacion_del_tutorial":null,"hora_final_visualizacion_tutorial":null,"minutos_final_visualizacion_tutorial":null,"numero_de_veces_visto":null,"numero_de_veces_total":null,"niveles_tutorial":null,"tutorial_recursos_castellano":null,"tutorial_recursos_catalan":null,"dias_disponibles":null,"dias_de_la_semana":null,"dias_del_mes":null,"other_lang_post_id":null,"lang":"ca","campanya_descripcion":null,"campanya_fecha_inicio":null,"campanya_fecha_fin":null,"campanya_legales":null,"campanya_imagen":null,"campanya_characteristics":null,"campanya_url":null,"campanya_posicion_visualizacion":null,"campanya_estado":null,"_links":{"self":[{"href":"https:\/\/www.ametllerorigenwp.com\/ca\/wp-json\/wp\/v2\/posts\/4094","targetHints":{"allow":["GET"]}}],"collection":[{"href":"https:\/\/www.ametllerorigenwp.com\/ca\/wp-json\/wp\/v2\/posts"}],"about":[{"href":"https:\/\/www.ametllerorigenwp.com\/ca\/wp-json\/wp\/v2\/types\/post"}],"author":[{"embeddable":true,"href":"https:\/\/www.ametllerorigenwp.com\/ca\/wp-json\/wp\/v2\/users\/5"}],"replies":[{"embeddable":true,"href":"https:\/\/www.ametllerorigenwp.com\/ca\/wp-json\/wp\/v2\/comments?post=4094"}],"version-history":[{"count":4,"href":"https:\/\/www.ametllerorigenwp.com\/ca\/wp-json\/wp\/v2\/posts\/4094\/revisions"}],"predecessor-version":[{"id":4110,"href":"https:\/\/www.ametllerorigenwp.com\/ca\/wp-json\/wp\/v2\/posts\/4094\/revisions\/4110"}],"wp:featuredmedia":[{"embeddable":true,"href":"https:\/\/www.ametllerorigenwp.com\/ca\/wp-json\/wp\/v2\/media\/4123"}],"wp:attachment":[{"href":"https:\/\/www.ametllerorigenwp.com\/ca\/wp-json\/wp\/v2\/media?parent=4094"}],"wp:term":[{"taxonomy":"category","embeddable":true,"href":"https:\/\/www.ametllerorigenwp.com\/ca\/wp-json\/wp\/v2\/categories?post=4094"},{"taxonomy":"post_tag","embeddable":true,"href":"https:\/\/www.ametllerorigenwp.com\/ca\/wp-json\/wp\/v2\/tags?post=4094"}],"curies":[{"name":"wp","href":"https:\/\/api.w.org\/{rel}","templated":true}]}}