{"id":4144,"date":"2021-12-02T15:56:38","date_gmt":"2021-12-02T15:56:38","guid":{"rendered":"https:\/\/www.ametllerorigenwp.com\/?p=4144"},"modified":"2021-12-02T15:56:50","modified_gmt":"2021-12-02T15:56:50","slug":"gaudeix-de-les-mandarines-i-taronges-dels-nostres-camps-i-evita-el-malbaratament-alimentari","status":"publish","type":"post","link":"https:\/\/www.ametllerorigenwp.com\/ca\/gaudeix-de-les-mandarines-i-taronges-dels-nostres-camps-i-evita-el-malbaratament-alimentari\/","title":{"rendered":"Gaudeix de les mandarines i taronges dels nostres camps i evita el malbaratament alimentari"},"content":{"rendered":"\n<p>Ets un fan del c\u00edtrics? <strong>Tenim <a href=\"https:\/\/www.ametllerorigen.com\/ca\/Fruita\/Taronges-i-citrics\">taronges i mandarines<\/a> directes dels nostres camps amb una dol\u00e7or espectacular<\/strong>, perqu\u00e8 les <strong>deixem madurar a l\u2019arbre i les collim en el seu punt \u00f2ptim de maduraci\u00f3.<\/strong><\/p>\n\n\n\n<p>I sobretot, no et deixis emportar per l\u2019aparen\u00e7a i ajuda\u2019ns a evitar el malbaratament alimentari. Si veus algunes taronges i mandarines que presenten alguns defectes a la pela, recorda que el sabor i la dol\u00e7or s\u00f3n al seu interior!<\/p>\n","protected":false},"excerpt":{"rendered":"<p>Ets un fan del c\u00edtrics? Tenim taronges i mandarines directes dels nostres camps amb una dol\u00e7or espectacular, perqu\u00e8 les deixem madurar a l\u2019arbre i les collim en el seu punt \u00f2ptim de maduraci\u00f3. I sobretot, no et deixis emportar per l\u2019aparen\u00e7a i ajuda\u2019ns a evitar el malbaratament alimentari. Si veus algunes taronges i mandarines que &hellip; <a href=\"https:\/\/www.ametllerorigenwp.com\/ca\/gaudeix-de-les-mandarines-i-taronges-dels-nostres-camps-i-evita-el-malbaratament-alimentari\/\" class=\"more-link\">Continua llegint <span class=\"screen-reader-text\">\u00abGaudeix de les mandarines i taronges dels nostres camps i evita el malbaratament alimentari\u00bb<\/span><\/a><\/p>\n","protected":false},"author":5,"featured_media":4145,"comment_status":"open","ping_status":"open","sticky":false,"template":"","format":"standard","meta":{"_uag_custom_page_level_css":"","advgb_blocks_editor_width":"","advgb_blocks_columns_visual_guide":"","footnotes":""},"categories":[2],"tags":[],"class_list":["post-4144","post","type-post","status-publish","format-standard","has-post-thumbnail","hentry","category-noticies"],"author_meta":{"display_name":"Mireia Zaragoza","author_link":"https:\/\/www.ametllerorigenwp.com\/ca\/author\/mzaragoza\/"},"featured_img":"https:\/\/www.ametllerorigenwp.com\/wp-content\/uploads\/2021\/12\/Mandarines-300x102.jpg","uagb_featured_image_src":{"full":["https:\/\/www.ametllerorigenwp.com\/wp-content\/uploads\/2021\/12\/Mandarines.jpg",1001,340,false],"thumbnail":["https:\/\/www.ametllerorigenwp.com\/wp-content\/uploads\/2021\/12\/Mandarines-150x150.jpg",150,150,true],"medium":["https:\/\/www.ametllerorigenwp.com\/wp-content\/uploads\/2021\/12\/Mandarines-300x102.jpg",300,102,true],"medium_large":["https:\/\/www.ametllerorigenwp.com\/wp-content\/uploads\/2021\/12\/Mandarines-768x261.jpg",768,261,true],"large":["https:\/\/www.ametllerorigenwp.com\/wp-content\/uploads\/2021\/12\/Mandarines.jpg",840,285,false],"1536x1536":["https:\/\/www.ametllerorigenwp.com\/wp-content\/uploads\/2021\/12\/Mandarines.jpg",1001,340,false],"2048x2048":["https:\/\/www.ametllerorigenwp.com\/wp-content\/uploads\/2021\/12\/Mandarines.jpg",1001,340,false],"post-thumbnail":["https:\/\/www.ametllerorigenwp.com\/wp-content\/uploads\/2021\/12\/Mandarines.jpg",1001,340,false]},"uagb_author_info":{"display_name":"Mireia Zaragoza","author_link":"https:\/\/www.ametllerorigenwp.com\/ca\/author\/mzaragoza\/"},"uagb_comment_info":0,"uagb_excerpt":"Ets un fan del c\u00edtrics? Tenim taronges i mandarines directes dels nostres camps amb una dol\u00e7or espectacular, perqu\u00e8 les deixem madurar a l\u2019arbre i les collim en el seu punt \u00f2ptim de maduraci\u00f3. I sobretot, no et deixis emportar per l\u2019aparen\u00e7a i ajuda\u2019ns a evitar el malbaratament alimentari. Si veus algunes taronges i mandarines que&hellip;","coauthors":[],"tax_additional":{"categories":{"linked":["<a href=\"https:\/\/www.ametllerorigenwp.com\/ca\/category\/noticies\/\" class=\"advgb-post-tax-term\">Noticies<\/a>"],"unlinked":["<span class=\"advgb-post-tax-term\">Noticies<\/span>"]}},"comment_count":"0","relative_dates":{"created":"Posted 4 anys ago","modified":"Updated 4 anys ago"},"absolute_dates":{"created":"Posted on 2 de desembre de 2021","modified":"Updated on 2 de desembre de 2021"},"absolute_dates_time":{"created":"Posted on 2 de desembre de 2021 15:56","modified":"Updated on 2 de desembre de 2021 15:56"},"featured_img_caption":"","series_order":"","show_in_app":true,"fecha_inicio_destacado":null,"hora_inicio_visualizacion":null,"minutos_inicio_visualizacion":null,"fecha_final_destacado":null,"hora_final_visualizacion":null,"minutos_final_visualizacion":null,"posicion_visualizacion":null,"estado_destacado":null,"niveles_destacados":null,"url_del_enlace":null,"banner_destacado":null,"posicion_visualizacion_de_la_noticia":null,"estado_noticia":null,"fecha_de_inicio_de_visualizacion_del_tutorial":null,"hora_inicio_visualizacion_tutorial":null,"minutos_inicio_visualizacion_tutorial":null,"fecha_de_final_de_visualizacion_del_tutorial":null,"hora_final_visualizacion_tutorial":null,"minutos_final_visualizacion_tutorial":null,"numero_de_veces_visto":null,"numero_de_veces_total":null,"niveles_tutorial":null,"tutorial_recursos_castellano":null,"tutorial_recursos_catalan":null,"dias_disponibles":null,"dias_de_la_semana":null,"dias_del_mes":null,"other_lang_post_id":null,"lang":"ca","campanya_descripcion":null,"campanya_fecha_inicio":null,"campanya_fecha_fin":null,"campanya_legales":null,"campanya_imagen":null,"campanya_characteristics":null,"campanya_url":null,"campanya_posicion_visualizacion":null,"campanya_estado":null,"_links":{"self":[{"href":"https:\/\/www.ametllerorigenwp.com\/ca\/wp-json\/wp\/v2\/posts\/4144","targetHints":{"allow":["GET"]}}],"collection":[{"href":"https:\/\/www.ametllerorigenwp.com\/ca\/wp-json\/wp\/v2\/posts"}],"about":[{"href":"https:\/\/www.ametllerorigenwp.com\/ca\/wp-json\/wp\/v2\/types\/post"}],"author":[{"embeddable":true,"href":"https:\/\/www.ametllerorigenwp.com\/ca\/wp-json\/wp\/v2\/users\/5"}],"replies":[{"embeddable":true,"href":"https:\/\/www.ametllerorigenwp.com\/ca\/wp-json\/wp\/v2\/comments?post=4144"}],"version-history":[{"count":2,"href":"https:\/\/www.ametllerorigenwp.com\/ca\/wp-json\/wp\/v2\/posts\/4144\/revisions"}],"predecessor-version":[{"id":4148,"href":"https:\/\/www.ametllerorigenwp.com\/ca\/wp-json\/wp\/v2\/posts\/4144\/revisions\/4148"}],"wp:featuredmedia":[{"embeddable":true,"href":"https:\/\/www.ametllerorigenwp.com\/ca\/wp-json\/wp\/v2\/media\/4145"}],"wp:attachment":[{"href":"https:\/\/www.ametllerorigenwp.com\/ca\/wp-json\/wp\/v2\/media?parent=4144"}],"wp:term":[{"taxonomy":"category","embeddable":true,"href":"https:\/\/www.ametllerorigenwp.com\/ca\/wp-json\/wp\/v2\/categories?post=4144"},{"taxonomy":"post_tag","embeddable":true,"href":"https:\/\/www.ametllerorigenwp.com\/ca\/wp-json\/wp\/v2\/tags?post=4144"}],"curies":[{"name":"wp","href":"https:\/\/api.w.org\/{rel}","templated":true}]}}