{"id":4163,"date":"2021-12-03T16:27:00","date_gmt":"2021-12-03T16:27:00","guid":{"rendered":"https:\/\/www.ametllerorigenwp.com\/?p=4163"},"modified":"2021-12-03T16:27:03","modified_gmt":"2021-12-03T16:27:03","slug":"ja-pots-llegir-el-segon-numero-de-la-revista-fem-cami","status":"publish","type":"post","link":"https:\/\/www.ametllerorigenwp.com\/ca\/ja-pots-llegir-el-segon-numero-de-la-revista-fem-cami\/","title":{"rendered":"Ja pots llegir el segon n\u00famero de la revista Fem Cam\u00ed!"},"content":{"rendered":"\n<p><strong>Estem molt contents de presentar-te el segon n\u00famero de la revisa Fem Cam\u00ed<\/strong>, la publicaci\u00f3 del moviment amb el qual volem avan\u00e7ar cap a un m\u00f3n m\u00e9s saludable i sostenible, i que ja est\u00e0 disponible a totes les nostres botigues i a la <a href=\"https:\/\/www.femcami.org\/ca\/revista-fem-cami\/revista-fem-cami-desembre-2021\/\">botiga online<\/a>.<\/p>\n\n\n\n<p>En aquest segon n\u00famero trobar\u00e0s l\u2019entrevista de <strong>la periodista Agn\u00e8s Marqu\u00e8s al cuiner Nandu Jubany, les receptes de temporada de la Carme Ruscalleda i l\u2019Ada Parellada, cinc propostes de Buddha bowls, el men\u00fa dels 30 aliments d\u2019origen vegetal i les firmes de Tom\u00e0s Molina, Empar Moliner,&nbsp; Antonio Cerrillo, Pep Nogu\u00e9 i el Carlos Casabona<\/strong>.<\/p>\n\n\n\n<p>Bona lectura!<\/p>\n","protected":false},"excerpt":{"rendered":"<p>Estem molt contents de presentar-te el segon n\u00famero de la revisa Fem Cam\u00ed, la publicaci\u00f3 del moviment amb el qual volem avan\u00e7ar cap a un m\u00f3n m\u00e9s saludable i sostenible, i que ja est\u00e0 disponible a totes les nostres botigues i a la botiga online. En aquest segon n\u00famero trobar\u00e0s l\u2019entrevista de la periodista Agn\u00e8s &hellip; <a href=\"https:\/\/www.ametllerorigenwp.com\/ca\/ja-pots-llegir-el-segon-numero-de-la-revista-fem-cami\/\" class=\"more-link\">Continua llegint <span class=\"screen-reader-text\">\u00abJa pots llegir el segon n\u00famero de la revista Fem Cam\u00ed!\u00bb<\/span><\/a><\/p>\n","protected":false},"author":5,"featured_media":4164,"comment_status":"open","ping_status":"open","sticky":false,"template":"","format":"standard","meta":{"_uag_custom_page_level_css":"","advgb_blocks_editor_width":"","advgb_blocks_columns_visual_guide":"","footnotes":""},"categories":[2],"tags":[],"class_list":["post-4163","post","type-post","status-publish","format-standard","has-post-thumbnail","hentry","category-noticies"],"author_meta":{"display_name":"Mireia Zaragoza","author_link":"https:\/\/www.ametllerorigenwp.com\/ca\/author\/mzaragoza\/"},"featured_img":"https:\/\/www.ametllerorigenwp.com\/wp-content\/uploads\/2021\/12\/App-Revista-300x102.jpg","uagb_featured_image_src":{"full":["https:\/\/www.ametllerorigenwp.com\/wp-content\/uploads\/2021\/12\/App-Revista.jpg",1000,340,false],"thumbnail":["https:\/\/www.ametllerorigenwp.com\/wp-content\/uploads\/2021\/12\/App-Revista-150x150.jpg",150,150,true],"medium":["https:\/\/www.ametllerorigenwp.com\/wp-content\/uploads\/2021\/12\/App-Revista-300x102.jpg",300,102,true],"medium_large":["https:\/\/www.ametllerorigenwp.com\/wp-content\/uploads\/2021\/12\/App-Revista-768x261.jpg",768,261,true],"large":["https:\/\/www.ametllerorigenwp.com\/wp-content\/uploads\/2021\/12\/App-Revista.jpg",840,286,false],"1536x1536":["https:\/\/www.ametllerorigenwp.com\/wp-content\/uploads\/2021\/12\/App-Revista.jpg",1000,340,false],"2048x2048":["https:\/\/www.ametllerorigenwp.com\/wp-content\/uploads\/2021\/12\/App-Revista.jpg",1000,340,false],"post-thumbnail":["https:\/\/www.ametllerorigenwp.com\/wp-content\/uploads\/2021\/12\/App-Revista.jpg",1000,340,false]},"uagb_author_info":{"display_name":"Mireia Zaragoza","author_link":"https:\/\/www.ametllerorigenwp.com\/ca\/author\/mzaragoza\/"},"uagb_comment_info":0,"uagb_excerpt":"Estem molt contents de presentar-te el segon n\u00famero de la revisa Fem Cam\u00ed, la publicaci\u00f3 del moviment amb el qual volem avan\u00e7ar cap a un m\u00f3n m\u00e9s saludable i sostenible, i que ja est\u00e0 disponible a totes les nostres botigues i a la botiga online. En aquest segon n\u00famero trobar\u00e0s l\u2019entrevista de la periodista Agn\u00e8s&hellip;","coauthors":[],"tax_additional":{"categories":{"linked":["<a href=\"https:\/\/www.ametllerorigenwp.com\/ca\/category\/noticies\/\" class=\"advgb-post-tax-term\">Noticies<\/a>"],"unlinked":["<span class=\"advgb-post-tax-term\">Noticies<\/span>"]}},"comment_count":"0","relative_dates":{"created":"Posted 4 anys ago","modified":"Updated 4 anys ago"},"absolute_dates":{"created":"Posted on 3 de desembre de 2021","modified":"Updated on 3 de desembre de 2021"},"absolute_dates_time":{"created":"Posted on 3 de desembre de 2021 16:27","modified":"Updated on 3 de desembre de 2021 16:27"},"featured_img_caption":"","series_order":"","show_in_app":true,"fecha_inicio_destacado":null,"hora_inicio_visualizacion":null,"minutos_inicio_visualizacion":null,"fecha_final_destacado":null,"hora_final_visualizacion":null,"minutos_final_visualizacion":null,"posicion_visualizacion":null,"estado_destacado":null,"niveles_destacados":null,"url_del_enlace":null,"banner_destacado":null,"posicion_visualizacion_de_la_noticia":null,"estado_noticia":null,"fecha_de_inicio_de_visualizacion_del_tutorial":null,"hora_inicio_visualizacion_tutorial":null,"minutos_inicio_visualizacion_tutorial":null,"fecha_de_final_de_visualizacion_del_tutorial":null,"hora_final_visualizacion_tutorial":null,"minutos_final_visualizacion_tutorial":null,"numero_de_veces_visto":null,"numero_de_veces_total":null,"niveles_tutorial":null,"tutorial_recursos_castellano":null,"tutorial_recursos_catalan":null,"dias_disponibles":null,"dias_de_la_semana":null,"dias_del_mes":null,"other_lang_post_id":null,"lang":"ca","campanya_descripcion":null,"campanya_fecha_inicio":null,"campanya_fecha_fin":null,"campanya_legales":null,"campanya_imagen":null,"campanya_characteristics":null,"campanya_url":null,"campanya_posicion_visualizacion":null,"campanya_estado":null,"_links":{"self":[{"href":"https:\/\/www.ametllerorigenwp.com\/ca\/wp-json\/wp\/v2\/posts\/4163","targetHints":{"allow":["GET"]}}],"collection":[{"href":"https:\/\/www.ametllerorigenwp.com\/ca\/wp-json\/wp\/v2\/posts"}],"about":[{"href":"https:\/\/www.ametllerorigenwp.com\/ca\/wp-json\/wp\/v2\/types\/post"}],"author":[{"embeddable":true,"href":"https:\/\/www.ametllerorigenwp.com\/ca\/wp-json\/wp\/v2\/users\/5"}],"replies":[{"embeddable":true,"href":"https:\/\/www.ametllerorigenwp.com\/ca\/wp-json\/wp\/v2\/comments?post=4163"}],"version-history":[{"count":2,"href":"https:\/\/www.ametllerorigenwp.com\/ca\/wp-json\/wp\/v2\/posts\/4163\/revisions"}],"predecessor-version":[{"id":4167,"href":"https:\/\/www.ametllerorigenwp.com\/ca\/wp-json\/wp\/v2\/posts\/4163\/revisions\/4167"}],"wp:featuredmedia":[{"embeddable":true,"href":"https:\/\/www.ametllerorigenwp.com\/ca\/wp-json\/wp\/v2\/media\/4164"}],"wp:attachment":[{"href":"https:\/\/www.ametllerorigenwp.com\/ca\/wp-json\/wp\/v2\/media?parent=4163"}],"wp:term":[{"taxonomy":"category","embeddable":true,"href":"https:\/\/www.ametllerorigenwp.com\/ca\/wp-json\/wp\/v2\/categories?post=4163"},{"taxonomy":"post_tag","embeddable":true,"href":"https:\/\/www.ametllerorigenwp.com\/ca\/wp-json\/wp\/v2\/tags?post=4163"}],"curies":[{"name":"wp","href":"https:\/\/api.w.org\/{rel}","templated":true}]}}