{"id":4221,"date":"2021-12-14T15:01:49","date_gmt":"2021-12-14T15:01:49","guid":{"rendered":"https:\/\/www.ametllerorigenwp.com\/?p=4221"},"modified":"2021-12-14T15:01:53","modified_gmt":"2021-12-14T15:01:53","slug":"vols-gaudir-dun-maridatge-de-caves-i-fruita-apunta-thi","status":"publish","type":"post","link":"https:\/\/www.ametllerorigenwp.com\/ca\/vols-gaudir-dun-maridatge-de-caves-i-fruita-apunta-thi\/","title":{"rendered":"Vols gaudir d\u2019un maridatge de caves i fruita? Apunta-t\u2019hi!"},"content":{"rendered":"\n<p>El pr\u00f2xim <strong>dilluns dia 20<\/strong>, a les 18 h, et convidem a participar en <strong>un maridatge de caves i fruita fresca i fruita seca<\/strong> que celebrarem a <strong>Ametller Origen Mercat d\u2019Autors<\/strong> (C\/Num\u00e0ncia, 47 Barcelona).<\/p>\n\n\n\n<p>Durant el maridatge, que estar\u00e0 guiat per <strong>la sommelier Meritxell Falgueres<\/strong>, podr\u00e0s <strong>provar quatre caves combinats amb quatre plats de fruita fresca i seca<\/strong>.<\/p>\n\n\n\n<p><a href=\"https:\/\/www.femcami.org\/ca\/esdeveniment\/maridatge-de-caves-amb-fruita\/\">T\u2019hi esperem!<\/a><\/p>\n","protected":false},"excerpt":{"rendered":"<p>El pr\u00f2xim dilluns dia 20, a les 18 h, et convidem a participar en un maridatge de caves i fruita fresca i fruita seca que celebrarem a Ametller Origen Mercat d\u2019Autors (C\/Num\u00e0ncia, 47 Barcelona). Durant el maridatge, que estar\u00e0 guiat per la sommelier Meritxell Falgueres, podr\u00e0s provar quatre caves combinats amb quatre plats de fruita &hellip; <a href=\"https:\/\/www.ametllerorigenwp.com\/ca\/vols-gaudir-dun-maridatge-de-caves-i-fruita-apunta-thi\/\" class=\"more-link\">Continua llegint <span class=\"screen-reader-text\">\u00abVols gaudir d\u2019un maridatge de caves i fruita? Apunta-t\u2019hi!\u00bb<\/span><\/a><\/p>\n","protected":false},"author":5,"featured_media":4218,"comment_status":"open","ping_status":"open","sticky":false,"template":"","format":"standard","meta":{"_uag_custom_page_level_css":"","advgb_blocks_editor_width":"","advgb_blocks_columns_visual_guide":"","footnotes":""},"categories":[2],"tags":[],"class_list":["post-4221","post","type-post","status-publish","format-standard","has-post-thumbnail","hentry","category-noticies"],"author_meta":{"display_name":"Mireia Zaragoza","author_link":"https:\/\/www.ametllerorigenwp.com\/ca\/author\/mzaragoza\/"},"featured_img":"https:\/\/www.ametllerorigenwp.com\/wp-content\/uploads\/2021\/12\/Nuevo-proyecto-24-300x102.jpg","uagb_featured_image_src":{"full":["https:\/\/www.ametllerorigenwp.com\/wp-content\/uploads\/2021\/12\/Nuevo-proyecto-24.jpg",1000,340,false],"thumbnail":["https:\/\/www.ametllerorigenwp.com\/wp-content\/uploads\/2021\/12\/Nuevo-proyecto-24-150x150.jpg",150,150,true],"medium":["https:\/\/www.ametllerorigenwp.com\/wp-content\/uploads\/2021\/12\/Nuevo-proyecto-24-300x102.jpg",300,102,true],"medium_large":["https:\/\/www.ametllerorigenwp.com\/wp-content\/uploads\/2021\/12\/Nuevo-proyecto-24-768x261.jpg",768,261,true],"large":["https:\/\/www.ametllerorigenwp.com\/wp-content\/uploads\/2021\/12\/Nuevo-proyecto-24.jpg",840,286,false],"1536x1536":["https:\/\/www.ametllerorigenwp.com\/wp-content\/uploads\/2021\/12\/Nuevo-proyecto-24.jpg",1000,340,false],"2048x2048":["https:\/\/www.ametllerorigenwp.com\/wp-content\/uploads\/2021\/12\/Nuevo-proyecto-24.jpg",1000,340,false],"post-thumbnail":["https:\/\/www.ametllerorigenwp.com\/wp-content\/uploads\/2021\/12\/Nuevo-proyecto-24.jpg",1000,340,false]},"uagb_author_info":{"display_name":"Mireia Zaragoza","author_link":"https:\/\/www.ametllerorigenwp.com\/ca\/author\/mzaragoza\/"},"uagb_comment_info":0,"uagb_excerpt":"El pr\u00f2xim dilluns dia 20, a les 18 h, et convidem a participar en un maridatge de caves i fruita fresca i fruita seca que celebrarem a Ametller Origen Mercat d\u2019Autors (C\/Num\u00e0ncia, 47 Barcelona). Durant el maridatge, que estar\u00e0 guiat per la sommelier Meritxell Falgueres, podr\u00e0s provar quatre caves combinats amb quatre plats de fruita&hellip;","coauthors":[],"tax_additional":{"categories":{"linked":["<a href=\"https:\/\/www.ametllerorigenwp.com\/ca\/category\/noticies\/\" class=\"advgb-post-tax-term\">Noticies<\/a>"],"unlinked":["<span class=\"advgb-post-tax-term\">Noticies<\/span>"]}},"comment_count":"0","relative_dates":{"created":"Posted 4 anys ago","modified":"Updated 4 anys ago"},"absolute_dates":{"created":"Posted on 14 de desembre de 2021","modified":"Updated on 14 de desembre de 2021"},"absolute_dates_time":{"created":"Posted on 14 de desembre de 2021 15:01","modified":"Updated on 14 de desembre de 2021 15:01"},"featured_img_caption":"","series_order":"","show_in_app":true,"fecha_inicio_destacado":null,"hora_inicio_visualizacion":null,"minutos_inicio_visualizacion":null,"fecha_final_destacado":null,"hora_final_visualizacion":null,"minutos_final_visualizacion":null,"posicion_visualizacion":null,"estado_destacado":null,"niveles_destacados":null,"url_del_enlace":null,"banner_destacado":null,"posicion_visualizacion_de_la_noticia":null,"estado_noticia":null,"fecha_de_inicio_de_visualizacion_del_tutorial":null,"hora_inicio_visualizacion_tutorial":null,"minutos_inicio_visualizacion_tutorial":null,"fecha_de_final_de_visualizacion_del_tutorial":null,"hora_final_visualizacion_tutorial":null,"minutos_final_visualizacion_tutorial":null,"numero_de_veces_visto":null,"numero_de_veces_total":null,"niveles_tutorial":null,"tutorial_recursos_castellano":null,"tutorial_recursos_catalan":null,"dias_disponibles":null,"dias_de_la_semana":null,"dias_del_mes":null,"other_lang_post_id":null,"lang":"ca","campanya_descripcion":null,"campanya_fecha_inicio":null,"campanya_fecha_fin":null,"campanya_legales":null,"campanya_imagen":null,"campanya_characteristics":null,"campanya_url":null,"campanya_posicion_visualizacion":null,"campanya_estado":null,"_links":{"self":[{"href":"https:\/\/www.ametllerorigenwp.com\/ca\/wp-json\/wp\/v2\/posts\/4221","targetHints":{"allow":["GET"]}}],"collection":[{"href":"https:\/\/www.ametllerorigenwp.com\/ca\/wp-json\/wp\/v2\/posts"}],"about":[{"href":"https:\/\/www.ametllerorigenwp.com\/ca\/wp-json\/wp\/v2\/types\/post"}],"author":[{"embeddable":true,"href":"https:\/\/www.ametllerorigenwp.com\/ca\/wp-json\/wp\/v2\/users\/5"}],"replies":[{"embeddable":true,"href":"https:\/\/www.ametllerorigenwp.com\/ca\/wp-json\/wp\/v2\/comments?post=4221"}],"version-history":[{"count":2,"href":"https:\/\/www.ametllerorigenwp.com\/ca\/wp-json\/wp\/v2\/posts\/4221\/revisions"}],"predecessor-version":[{"id":4223,"href":"https:\/\/www.ametllerorigenwp.com\/ca\/wp-json\/wp\/v2\/posts\/4221\/revisions\/4223"}],"wp:featuredmedia":[{"embeddable":true,"href":"https:\/\/www.ametllerorigenwp.com\/ca\/wp-json\/wp\/v2\/media\/4218"}],"wp:attachment":[{"href":"https:\/\/www.ametllerorigenwp.com\/ca\/wp-json\/wp\/v2\/media?parent=4221"}],"wp:term":[{"taxonomy":"category","embeddable":true,"href":"https:\/\/www.ametllerorigenwp.com\/ca\/wp-json\/wp\/v2\/categories?post=4221"},{"taxonomy":"post_tag","embeddable":true,"href":"https:\/\/www.ametllerorigenwp.com\/ca\/wp-json\/wp\/v2\/tags?post=4221"}],"curies":[{"name":"wp","href":"https:\/\/api.w.org\/{rel}","templated":true}]}}