{"id":4249,"date":"2021-12-17T14:26:08","date_gmt":"2021-12-17T14:26:08","guid":{"rendered":"https:\/\/www.ametllerorigenwp.com\/?p=4249"},"modified":"2021-12-17T14:26:11","modified_gmt":"2021-12-17T14:26:11","slug":"lagroparc-penedes-premiat-amb-el-guardo-alimentem-el-mon","status":"publish","type":"post","link":"https:\/\/www.ametllerorigenwp.com\/ca\/lagroparc-penedes-premiat-amb-el-guardo-alimentem-el-mon\/","title":{"rendered":"L\u2019Agroparc Pened\u00e8s, premiat amb el guard\u00f3 \u2018Alimentem el m\u00f3n\u2019"},"content":{"rendered":"\n<p>El <strong>Col\u00b7legi Oficial d\u2019Enginyers Agr\u00f2noms de Catalunya ha reconegut el projecte l\u2019Agroparc Pened\u00e8s amb el \u2018IV Premi Alimentem el m\u00f3n\u2019<\/strong> per ser una iniciativa que promou el desenvolupament sostenible en el sector de l\u2019agroalimentaci\u00f3.<\/p>\n\n\n\n<p>Aquest guard\u00f3 reconeix l\u2019esfor\u00e7 del grup per impulsar un nou model de producci\u00f3 aliment\u00e0ria m\u00e9s eficient i contribuir a fer front als nous reptes que es presenten dins del sector. Tanmateix, el jurat ha destacat el component innovador de l\u2019Agroparc Pened\u00e8s perqu\u00e8 integra agricultura, ramaderia, agroind\u00fastria i energies renovables en un \u00fanic espai i fomenta la sostenibilitat.<\/p>\n\n\n\n<p>L\u2019Agroparc Pened\u00e8s ser\u00e0 <strong>el primer districte agroindustrial d\u2019energia positiva i CO2 negatiu<\/strong> i amb el qual evitarem l\u2019emissi\u00f3 de 1.400 tones de CO2 a l\u2019any.&nbsp;<\/p>\n","protected":false},"excerpt":{"rendered":"<p>El Col\u00b7legi Oficial d\u2019Enginyers Agr\u00f2noms de Catalunya ha reconegut el projecte l\u2019Agroparc Pened\u00e8s amb el \u2018IV Premi Alimentem el m\u00f3n\u2019 per ser una iniciativa que promou el desenvolupament sostenible en el sector de l\u2019agroalimentaci\u00f3. Aquest guard\u00f3 reconeix l\u2019esfor\u00e7 del grup per impulsar un nou model de producci\u00f3 aliment\u00e0ria m\u00e9s eficient i contribuir a fer front &hellip; <a href=\"https:\/\/www.ametllerorigenwp.com\/ca\/lagroparc-penedes-premiat-amb-el-guardo-alimentem-el-mon\/\" class=\"more-link\">Continua llegint <span class=\"screen-reader-text\">\u00abL\u2019Agroparc Pened\u00e8s, premiat amb el guard\u00f3 \u2018Alimentem el m\u00f3n\u2019\u00bb<\/span><\/a><\/p>\n","protected":false},"author":5,"featured_media":3698,"comment_status":"open","ping_status":"open","sticky":false,"template":"","format":"standard","meta":{"_uag_custom_page_level_css":"","advgb_blocks_editor_width":"","advgb_blocks_columns_visual_guide":"","footnotes":""},"categories":[2],"tags":[],"class_list":["post-4249","post","type-post","status-publish","format-standard","has-post-thumbnail","hentry","category-noticies"],"author_meta":{"display_name":"Mireia Zaragoza","author_link":"https:\/\/www.ametllerorigenwp.com\/ca\/author\/mzaragoza\/"},"featured_img":"https:\/\/www.ametllerorigenwp.com\/wp-content\/uploads\/2021\/10\/APPagroparc4-300x102.jpg","uagb_featured_image_src":{"full":["https:\/\/www.ametllerorigenwp.com\/wp-content\/uploads\/2021\/10\/APPagroparc4.jpg",1000,340,false],"thumbnail":["https:\/\/www.ametllerorigenwp.com\/wp-content\/uploads\/2021\/10\/APPagroparc4-150x150.jpg",150,150,true],"medium":["https:\/\/www.ametllerorigenwp.com\/wp-content\/uploads\/2021\/10\/APPagroparc4-300x102.jpg",300,102,true],"medium_large":["https:\/\/www.ametllerorigenwp.com\/wp-content\/uploads\/2021\/10\/APPagroparc4-768x261.jpg",768,261,true],"large":["https:\/\/www.ametllerorigenwp.com\/wp-content\/uploads\/2021\/10\/APPagroparc4.jpg",840,286,false],"1536x1536":["https:\/\/www.ametllerorigenwp.com\/wp-content\/uploads\/2021\/10\/APPagroparc4.jpg",1000,340,false],"2048x2048":["https:\/\/www.ametllerorigenwp.com\/wp-content\/uploads\/2021\/10\/APPagroparc4.jpg",1000,340,false],"post-thumbnail":["https:\/\/www.ametllerorigenwp.com\/wp-content\/uploads\/2021\/10\/APPagroparc4.jpg",1000,340,false]},"uagb_author_info":{"display_name":"Mireia Zaragoza","author_link":"https:\/\/www.ametllerorigenwp.com\/ca\/author\/mzaragoza\/"},"uagb_comment_info":0,"uagb_excerpt":"El Col\u00b7legi Oficial d\u2019Enginyers Agr\u00f2noms de Catalunya ha reconegut el projecte l\u2019Agroparc Pened\u00e8s amb el \u2018IV Premi Alimentem el m\u00f3n\u2019 per ser una iniciativa que promou el desenvolupament sostenible en el sector de l\u2019agroalimentaci\u00f3. Aquest guard\u00f3 reconeix l\u2019esfor\u00e7 del grup per impulsar un nou model de producci\u00f3 aliment\u00e0ria m\u00e9s eficient i contribuir a fer front&hellip;","coauthors":[],"tax_additional":{"categories":{"linked":["<a href=\"https:\/\/www.ametllerorigenwp.com\/ca\/category\/noticies\/\" class=\"advgb-post-tax-term\">Noticies<\/a>"],"unlinked":["<span class=\"advgb-post-tax-term\">Noticies<\/span>"]}},"comment_count":"0","relative_dates":{"created":"Posted 4 anys ago","modified":"Updated 4 anys ago"},"absolute_dates":{"created":"Posted on 17 de desembre de 2021","modified":"Updated on 17 de desembre de 2021"},"absolute_dates_time":{"created":"Posted on 17 de desembre de 2021 14:26","modified":"Updated on 17 de desembre de 2021 14:26"},"featured_img_caption":"","series_order":"","show_in_app":true,"fecha_inicio_destacado":null,"hora_inicio_visualizacion":null,"minutos_inicio_visualizacion":null,"fecha_final_destacado":null,"hora_final_visualizacion":null,"minutos_final_visualizacion":null,"posicion_visualizacion":null,"estado_destacado":null,"niveles_destacados":null,"url_del_enlace":null,"banner_destacado":null,"posicion_visualizacion_de_la_noticia":null,"estado_noticia":null,"fecha_de_inicio_de_visualizacion_del_tutorial":null,"hora_inicio_visualizacion_tutorial":null,"minutos_inicio_visualizacion_tutorial":null,"fecha_de_final_de_visualizacion_del_tutorial":null,"hora_final_visualizacion_tutorial":null,"minutos_final_visualizacion_tutorial":null,"numero_de_veces_visto":null,"numero_de_veces_total":null,"niveles_tutorial":null,"tutorial_recursos_castellano":null,"tutorial_recursos_catalan":null,"dias_disponibles":null,"dias_de_la_semana":null,"dias_del_mes":null,"other_lang_post_id":null,"lang":"ca","campanya_descripcion":null,"campanya_fecha_inicio":null,"campanya_fecha_fin":null,"campanya_legales":null,"campanya_imagen":null,"campanya_characteristics":null,"campanya_url":null,"campanya_posicion_visualizacion":null,"campanya_estado":null,"_links":{"self":[{"href":"https:\/\/www.ametllerorigenwp.com\/ca\/wp-json\/wp\/v2\/posts\/4249","targetHints":{"allow":["GET"]}}],"collection":[{"href":"https:\/\/www.ametllerorigenwp.com\/ca\/wp-json\/wp\/v2\/posts"}],"about":[{"href":"https:\/\/www.ametllerorigenwp.com\/ca\/wp-json\/wp\/v2\/types\/post"}],"author":[{"embeddable":true,"href":"https:\/\/www.ametllerorigenwp.com\/ca\/wp-json\/wp\/v2\/users\/5"}],"replies":[{"embeddable":true,"href":"https:\/\/www.ametllerorigenwp.com\/ca\/wp-json\/wp\/v2\/comments?post=4249"}],"version-history":[{"count":2,"href":"https:\/\/www.ametllerorigenwp.com\/ca\/wp-json\/wp\/v2\/posts\/4249\/revisions"}],"predecessor-version":[{"id":4251,"href":"https:\/\/www.ametllerorigenwp.com\/ca\/wp-json\/wp\/v2\/posts\/4249\/revisions\/4251"}],"wp:featuredmedia":[{"embeddable":true,"href":"https:\/\/www.ametllerorigenwp.com\/ca\/wp-json\/wp\/v2\/media\/3698"}],"wp:attachment":[{"href":"https:\/\/www.ametllerorigenwp.com\/ca\/wp-json\/wp\/v2\/media?parent=4249"}],"wp:term":[{"taxonomy":"category","embeddable":true,"href":"https:\/\/www.ametllerorigenwp.com\/ca\/wp-json\/wp\/v2\/categories?post=4249"},{"taxonomy":"post_tag","embeddable":true,"href":"https:\/\/www.ametllerorigenwp.com\/ca\/wp-json\/wp\/v2\/tags?post=4249"}],"curies":[{"name":"wp","href":"https:\/\/api.w.org\/{rel}","templated":true}]}}