{"id":4272,"date":"2021-12-21T17:03:04","date_gmt":"2021-12-21T17:03:04","guid":{"rendered":"https:\/\/www.ametllerorigenwp.com\/?p=4272"},"modified":"2021-12-21T17:04:27","modified_gmt":"2021-12-21T17:04:27","slug":"el-moviment-fem-cami-seleccionat-com-un-dels-101ejemplosporelclima","status":"publish","type":"post","link":"https:\/\/www.ametllerorigenwp.com\/ca\/el-moviment-fem-cami-seleccionat-com-un-dels-101ejemplosporelclima\/","title":{"rendered":"El moviment Fem Cam\u00ed, seleccionat com un dels  #101EjemplosPorElClima"},"content":{"rendered":"\n<p>La <strong>iniciativa Fem Cam\u00ed ha estat escollida com un dels \u2018101 Ejemplos Empresariales de acciones #porelclima\u2019<\/strong> que atorga la comunitat #PorElClima, una alian\u00e7a de diferents actors que contribueix a la implementaci\u00f3 de l\u2019Acord de Par\u00eds a Espanya. Aquesta entitat reconeix aquelles <strong>propostes que treballen per fer front a l\u2019emerg\u00e8ncia clim\u00e0tica i impulsen accions de descarbonitzaci\u00f3<\/strong>.<\/p>\n\n\n\n<p>Amb <strong>l\u2019objectiu de ser neutres en emissions de CO2 en abast 1, 2 i 3 abans de l\u2019any 2027, lluitem contra el malbaratament alimentari<\/strong> a trav\u00e9s de la donaci\u00f3 d\u2019aliments amb data de caducitat curta, i <strong>duem a terme altres accions per fer cam\u00ed en aquesta direcci\u00f3<\/strong>.<\/p>\n\n\n\n<p>Ho pots llegir <a href=\"https:\/\/empresasporelclima.es\/empresas-comprometidas\/historias\/4773-0-desperdicio-alimentario\" target=\"_blank\" rel=\"noreferrer noopener\">aqu\u00ed<\/a>!<\/p>\n","protected":false},"excerpt":{"rendered":"<p>La iniciativa Fem Cam\u00ed ha estat escollida com un dels \u2018101 Ejemplos Empresariales de acciones #porelclima\u2019 que atorga la comunitat #PorElClima, una alian\u00e7a de diferents actors que contribueix a la implementaci\u00f3 de l\u2019Acord de Par\u00eds a Espanya. Aquesta entitat reconeix aquelles propostes que treballen per fer front a l\u2019emerg\u00e8ncia clim\u00e0tica i impulsen accions de descarbonitzaci\u00f3. &hellip; <a href=\"https:\/\/www.ametllerorigenwp.com\/ca\/el-moviment-fem-cami-seleccionat-com-un-dels-101ejemplosporelclima\/\" class=\"more-link\">Continua llegint <span class=\"screen-reader-text\">\u00abEl moviment Fem Cam\u00ed, seleccionat com un dels  #101EjemplosPorElClima\u00bb<\/span><\/a><\/p>\n","protected":false},"author":5,"featured_media":1719,"comment_status":"open","ping_status":"open","sticky":false,"template":"","format":"standard","meta":{"_uag_custom_page_level_css":"","advgb_blocks_editor_width":"","advgb_blocks_columns_visual_guide":"","footnotes":""},"categories":[2],"tags":[],"class_list":["post-4272","post","type-post","status-publish","format-standard","has-post-thumbnail","hentry","category-noticies"],"author_meta":{"display_name":"Mireia Zaragoza","author_link":"https:\/\/www.ametllerorigenwp.com\/ca\/author\/mzaragoza\/"},"featured_img":"https:\/\/www.ametllerorigenwp.com\/wp-content\/uploads\/2021\/04\/donacio-300x102.png","uagb_featured_image_src":{"full":["https:\/\/www.ametllerorigenwp.com\/wp-content\/uploads\/2021\/04\/donacio.png",1000,340,false],"thumbnail":["https:\/\/www.ametllerorigenwp.com\/wp-content\/uploads\/2021\/04\/donacio-150x150.png",150,150,true],"medium":["https:\/\/www.ametllerorigenwp.com\/wp-content\/uploads\/2021\/04\/donacio-300x102.png",300,102,true],"medium_large":["https:\/\/www.ametllerorigenwp.com\/wp-content\/uploads\/2021\/04\/donacio-768x261.png",768,261,true],"large":["https:\/\/www.ametllerorigenwp.com\/wp-content\/uploads\/2021\/04\/donacio.png",840,286,false],"1536x1536":["https:\/\/www.ametllerorigenwp.com\/wp-content\/uploads\/2021\/04\/donacio.png",1000,340,false],"2048x2048":["https:\/\/www.ametllerorigenwp.com\/wp-content\/uploads\/2021\/04\/donacio.png",1000,340,false],"post-thumbnail":["https:\/\/www.ametllerorigenwp.com\/wp-content\/uploads\/2021\/04\/donacio.png",1000,340,false]},"uagb_author_info":{"display_name":"Mireia Zaragoza","author_link":"https:\/\/www.ametllerorigenwp.com\/ca\/author\/mzaragoza\/"},"uagb_comment_info":0,"uagb_excerpt":"La iniciativa Fem Cam\u00ed ha estat escollida com un dels \u2018101 Ejemplos Empresariales de acciones #porelclima\u2019 que atorga la comunitat #PorElClima, una alian\u00e7a de diferents actors que contribueix a la implementaci\u00f3 de l\u2019Acord de Par\u00eds a Espanya. Aquesta entitat reconeix aquelles propostes que treballen per fer front a l\u2019emerg\u00e8ncia clim\u00e0tica i impulsen accions de descarbonitzaci\u00f3.&hellip;","coauthors":[],"tax_additional":{"categories":{"linked":["<a href=\"https:\/\/www.ametllerorigenwp.com\/ca\/category\/noticies\/\" class=\"advgb-post-tax-term\">Noticies<\/a>"],"unlinked":["<span class=\"advgb-post-tax-term\">Noticies<\/span>"]}},"comment_count":"0","relative_dates":{"created":"Posted 4 anys ago","modified":"Updated 4 anys ago"},"absolute_dates":{"created":"Posted on 21 de desembre de 2021","modified":"Updated on 21 de desembre de 2021"},"absolute_dates_time":{"created":"Posted on 21 de desembre de 2021 17:03","modified":"Updated on 21 de desembre de 2021 17:04"},"featured_img_caption":"","series_order":"","show_in_app":true,"fecha_inicio_destacado":null,"hora_inicio_visualizacion":null,"minutos_inicio_visualizacion":null,"fecha_final_destacado":null,"hora_final_visualizacion":null,"minutos_final_visualizacion":null,"posicion_visualizacion":null,"estado_destacado":null,"niveles_destacados":null,"url_del_enlace":null,"banner_destacado":null,"posicion_visualizacion_de_la_noticia":null,"estado_noticia":null,"fecha_de_inicio_de_visualizacion_del_tutorial":null,"hora_inicio_visualizacion_tutorial":null,"minutos_inicio_visualizacion_tutorial":null,"fecha_de_final_de_visualizacion_del_tutorial":null,"hora_final_visualizacion_tutorial":null,"minutos_final_visualizacion_tutorial":null,"numero_de_veces_visto":null,"numero_de_veces_total":null,"niveles_tutorial":null,"tutorial_recursos_castellano":null,"tutorial_recursos_catalan":null,"dias_disponibles":null,"dias_de_la_semana":null,"dias_del_mes":null,"other_lang_post_id":null,"lang":"ca","campanya_descripcion":null,"campanya_fecha_inicio":null,"campanya_fecha_fin":null,"campanya_legales":null,"campanya_imagen":null,"campanya_characteristics":null,"campanya_url":null,"campanya_posicion_visualizacion":null,"campanya_estado":null,"_links":{"self":[{"href":"https:\/\/www.ametllerorigenwp.com\/ca\/wp-json\/wp\/v2\/posts\/4272","targetHints":{"allow":["GET"]}}],"collection":[{"href":"https:\/\/www.ametllerorigenwp.com\/ca\/wp-json\/wp\/v2\/posts"}],"about":[{"href":"https:\/\/www.ametllerorigenwp.com\/ca\/wp-json\/wp\/v2\/types\/post"}],"author":[{"embeddable":true,"href":"https:\/\/www.ametllerorigenwp.com\/ca\/wp-json\/wp\/v2\/users\/5"}],"replies":[{"embeddable":true,"href":"https:\/\/www.ametllerorigenwp.com\/ca\/wp-json\/wp\/v2\/comments?post=4272"}],"version-history":[{"count":3,"href":"https:\/\/www.ametllerorigenwp.com\/ca\/wp-json\/wp\/v2\/posts\/4272\/revisions"}],"predecessor-version":[{"id":4277,"href":"https:\/\/www.ametllerorigenwp.com\/ca\/wp-json\/wp\/v2\/posts\/4272\/revisions\/4277"}],"wp:featuredmedia":[{"embeddable":true,"href":"https:\/\/www.ametllerorigenwp.com\/ca\/wp-json\/wp\/v2\/media\/1719"}],"wp:attachment":[{"href":"https:\/\/www.ametllerorigenwp.com\/ca\/wp-json\/wp\/v2\/media?parent=4272"}],"wp:term":[{"taxonomy":"category","embeddable":true,"href":"https:\/\/www.ametllerorigenwp.com\/ca\/wp-json\/wp\/v2\/categories?post=4272"},{"taxonomy":"post_tag","embeddable":true,"href":"https:\/\/www.ametllerorigenwp.com\/ca\/wp-json\/wp\/v2\/tags?post=4272"}],"curies":[{"name":"wp","href":"https:\/\/api.w.org\/{rel}","templated":true}]}}