{"id":4438,"date":"2022-01-16T10:17:00","date_gmt":"2022-01-16T10:17:00","guid":{"rendered":"https:\/\/www.ametllerorigenwp.com\/?p=4438"},"modified":"2022-01-14T10:21:08","modified_gmt":"2022-01-14T10:21:08","slug":"endevina-quina-verdura-de-temporada-cultivem-en-aquests-camps","status":"publish","type":"post","link":"https:\/\/www.ametllerorigenwp.com\/ca\/endevina-quina-verdura-de-temporada-cultivem-en-aquests-camps\/","title":{"rendered":"Endevina quina verdura de temporada cultivem en aquests camps"},"content":{"rendered":"\n<p><strong>Saps quina verdura s\u2019amaga darrere d\u2019aquesta foto?<\/strong> Et donem algunes pistes:<\/p>\n\n\n\n<ul class=\"wp-block-list\"><li>\u00c9s de la <strong>fam\u00edlia de les cruc\u00edferes<\/strong><\/li><li>T\u00e9 molta <strong>fibra<\/strong><\/li><li>\u00c9s una de les verdures amb m\u00e9s <strong>vitamina C<\/strong><\/li><li>Cont\u00e9 <strong>vitamines del grup B<\/strong><\/li><li>\u00c9s font de <strong>potassi i ferro<\/strong><\/li><li>\u00c9s <strong>antioxidant<\/strong><\/li><\/ul>\n\n\n\n<p>Si encara no ho has endevinat, descobreix-ho en <a href=\"https:\/\/www.instagram.com\/p\/CYj-tM6IqvT\/\">el nostre Instagram<\/a>!<\/p>\n","protected":false},"excerpt":{"rendered":"<p>Saps quina verdura s\u2019amaga darrere d\u2019aquesta foto? Et donem algunes pistes: \u00c9s de la fam\u00edlia de les cruc\u00edferes T\u00e9 molta fibra \u00c9s una de les verdures amb m\u00e9s vitamina C Cont\u00e9 vitamines del grup B \u00c9s font de potassi i ferro \u00c9s antioxidant Si encara no ho has endevinat, descobreix-ho en el nostre Instagram!<\/p>\n","protected":false},"author":5,"featured_media":4439,"comment_status":"open","ping_status":"open","sticky":false,"template":"","format":"standard","meta":{"_uag_custom_page_level_css":"","advgb_blocks_editor_width":"","advgb_blocks_columns_visual_guide":"","footnotes":""},"categories":[2],"tags":[],"class_list":["post-4438","post","type-post","status-publish","format-standard","has-post-thumbnail","hentry","category-noticies"],"author_meta":{"display_name":"Mireia Zaragoza","author_link":"https:\/\/www.ametllerorigenwp.com\/ca\/author\/mzaragoza\/"},"featured_img":"https:\/\/www.ametllerorigenwp.com\/wp-content\/uploads\/2022\/01\/Nuevo-proyecto-33-300x102.jpg","uagb_featured_image_src":{"full":["https:\/\/www.ametllerorigenwp.com\/wp-content\/uploads\/2022\/01\/Nuevo-proyecto-33.jpg",1000,340,false],"thumbnail":["https:\/\/www.ametllerorigenwp.com\/wp-content\/uploads\/2022\/01\/Nuevo-proyecto-33-150x150.jpg",150,150,true],"medium":["https:\/\/www.ametllerorigenwp.com\/wp-content\/uploads\/2022\/01\/Nuevo-proyecto-33-300x102.jpg",300,102,true],"medium_large":["https:\/\/www.ametllerorigenwp.com\/wp-content\/uploads\/2022\/01\/Nuevo-proyecto-33-768x261.jpg",768,261,true],"large":["https:\/\/www.ametllerorigenwp.com\/wp-content\/uploads\/2022\/01\/Nuevo-proyecto-33.jpg",840,286,false],"1536x1536":["https:\/\/www.ametllerorigenwp.com\/wp-content\/uploads\/2022\/01\/Nuevo-proyecto-33.jpg",1000,340,false],"2048x2048":["https:\/\/www.ametllerorigenwp.com\/wp-content\/uploads\/2022\/01\/Nuevo-proyecto-33.jpg",1000,340,false],"post-thumbnail":["https:\/\/www.ametllerorigenwp.com\/wp-content\/uploads\/2022\/01\/Nuevo-proyecto-33.jpg",1000,340,false]},"uagb_author_info":{"display_name":"Mireia Zaragoza","author_link":"https:\/\/www.ametllerorigenwp.com\/ca\/author\/mzaragoza\/"},"uagb_comment_info":0,"uagb_excerpt":"Saps quina verdura s\u2019amaga darrere d\u2019aquesta foto? Et donem algunes pistes: \u00c9s de la fam\u00edlia de les cruc\u00edferes T\u00e9 molta fibra \u00c9s una de les verdures amb m\u00e9s vitamina C Cont\u00e9 vitamines del grup B \u00c9s font de potassi i ferro \u00c9s antioxidant Si encara no ho has endevinat, descobreix-ho en el nostre Instagram!","coauthors":[],"tax_additional":{"categories":{"linked":["<a href=\"https:\/\/www.ametllerorigenwp.com\/ca\/category\/noticies\/\" class=\"advgb-post-tax-term\">Noticies<\/a>"],"unlinked":["<span class=\"advgb-post-tax-term\">Noticies<\/span>"]}},"comment_count":"0","relative_dates":{"created":"Posted 4 anys ago","modified":"Updated 4 anys ago"},"absolute_dates":{"created":"Posted on 16 de gener de 2022","modified":"Updated on 14 de gener de 2022"},"absolute_dates_time":{"created":"Posted on 16 de gener de 2022 10:17","modified":"Updated on 14 de gener de 2022 10:21"},"featured_img_caption":"","series_order":"","show_in_app":true,"fecha_inicio_destacado":null,"hora_inicio_visualizacion":null,"minutos_inicio_visualizacion":null,"fecha_final_destacado":null,"hora_final_visualizacion":null,"minutos_final_visualizacion":null,"posicion_visualizacion":null,"estado_destacado":null,"niveles_destacados":null,"url_del_enlace":null,"banner_destacado":null,"posicion_visualizacion_de_la_noticia":null,"estado_noticia":null,"fecha_de_inicio_de_visualizacion_del_tutorial":null,"hora_inicio_visualizacion_tutorial":null,"minutos_inicio_visualizacion_tutorial":null,"fecha_de_final_de_visualizacion_del_tutorial":null,"hora_final_visualizacion_tutorial":null,"minutos_final_visualizacion_tutorial":null,"numero_de_veces_visto":null,"numero_de_veces_total":null,"niveles_tutorial":null,"tutorial_recursos_castellano":null,"tutorial_recursos_catalan":null,"dias_disponibles":null,"dias_de_la_semana":null,"dias_del_mes":null,"other_lang_post_id":null,"lang":"ca","campanya_descripcion":null,"campanya_fecha_inicio":null,"campanya_fecha_fin":null,"campanya_legales":null,"campanya_imagen":null,"campanya_characteristics":null,"campanya_url":null,"campanya_posicion_visualizacion":null,"campanya_estado":null,"_links":{"self":[{"href":"https:\/\/www.ametllerorigenwp.com\/ca\/wp-json\/wp\/v2\/posts\/4438","targetHints":{"allow":["GET"]}}],"collection":[{"href":"https:\/\/www.ametllerorigenwp.com\/ca\/wp-json\/wp\/v2\/posts"}],"about":[{"href":"https:\/\/www.ametllerorigenwp.com\/ca\/wp-json\/wp\/v2\/types\/post"}],"author":[{"embeddable":true,"href":"https:\/\/www.ametllerorigenwp.com\/ca\/wp-json\/wp\/v2\/users\/5"}],"replies":[{"embeddable":true,"href":"https:\/\/www.ametllerorigenwp.com\/ca\/wp-json\/wp\/v2\/comments?post=4438"}],"version-history":[{"count":2,"href":"https:\/\/www.ametllerorigenwp.com\/ca\/wp-json\/wp\/v2\/posts\/4438\/revisions"}],"predecessor-version":[{"id":4442,"href":"https:\/\/www.ametllerorigenwp.com\/ca\/wp-json\/wp\/v2\/posts\/4438\/revisions\/4442"}],"wp:featuredmedia":[{"embeddable":true,"href":"https:\/\/www.ametllerorigenwp.com\/ca\/wp-json\/wp\/v2\/media\/4439"}],"wp:attachment":[{"href":"https:\/\/www.ametllerorigenwp.com\/ca\/wp-json\/wp\/v2\/media?parent=4438"}],"wp:term":[{"taxonomy":"category","embeddable":true,"href":"https:\/\/www.ametllerorigenwp.com\/ca\/wp-json\/wp\/v2\/categories?post=4438"},{"taxonomy":"post_tag","embeddable":true,"href":"https:\/\/www.ametllerorigenwp.com\/ca\/wp-json\/wp\/v2\/tags?post=4438"}],"curies":[{"name":"wp","href":"https:\/\/api.w.org\/{rel}","templated":true}]}}