{"id":4566,"date":"2022-01-28T09:39:56","date_gmt":"2022-01-28T09:39:56","guid":{"rendered":"https:\/\/www.ametllerorigenwp.com\/?p=4566"},"modified":"2022-01-28T16:22:31","modified_gmt":"2022-01-28T16:22:31","slug":"el-millor-menu-de-calcotada-a-ametller-origen-mercat-dautors","status":"publish","type":"post","link":"https:\/\/www.ametllerorigenwp.com\/ca\/el-millor-menu-de-calcotada-a-ametller-origen-mercat-dautors\/","title":{"rendered":"El millor men\u00fa de cal\u00e7otada, als restaurants Ametller Origen"},"content":{"rendered":"\n<p>Ets dels que menges els cal\u00e7ots amb guants i pitet o dels que acaba amb les mans negres? <strong>\u00c9s temporada d\u2019un dels grans tresors de la nostra gastronomia: els cal\u00e7ots, i ara en pots gaudir als nostres restaurants (<strong>Ametller Origen Mercat d&#8217;Autors, Ametller Origen Mercat d&#8217;Autors CASA SEAT, Ametller Origen Sant Cugat del Vall\u00e8s i Ametller Origen Ol\u00e8rdola)<\/strong>. Cada dissabte t\u2019oferim el men\u00fa de cal\u00e7otada per compartir amb els teus<\/strong>: cal\u00e7ots amb salsa romesco, taula d\u2019embotits, carn a la graella i postres.<\/p>\n\n\n\n<p>Per si no ho sabies, <strong>els cal\u00e7ots tenen moltes propietats nutricionals i s\u00f3n molt saludables<\/strong>: s\u00f3n <strong>molt rics en aigua i fibra<\/strong>, que t\u2019ajuda a regular el tr\u00e0nsit intestinal i cuidar la teva microbiota. T\u2019aporten <strong>vitamina C<\/strong>, un potent antioxidant, &nbsp;i <strong>vitamina A<\/strong>, essencial per a la pell, els cabells i els ulls, aix\u00ed com <strong>potassi<\/strong>, que ajuda a reduir la pressi\u00f3 arterial i millora la salut card\u00edaca, i <strong>f\u00f2sfor<\/strong>, imprescindible per al bon funcionament del sistema nervi\u00f3s.<\/p>\n","protected":false},"excerpt":{"rendered":"<p>Ets dels que menges els cal\u00e7ots amb guants i pitet o dels que acaba amb les mans negres? \u00c9s temporada d\u2019un dels grans tresors de la nostra gastronomia: els cal\u00e7ots, i ara en pots gaudir als nostres restaurants (Ametller Origen Mercat d&#8217;Autors, Ametller Origen Mercat d&#8217;Autors CASA SEAT, Ametller Origen Sant Cugat del Vall\u00e8s i &hellip; <a href=\"https:\/\/www.ametllerorigenwp.com\/ca\/el-millor-menu-de-calcotada-a-ametller-origen-mercat-dautors\/\" class=\"more-link\">Continua llegint <span class=\"screen-reader-text\">\u00abEl millor men\u00fa de cal\u00e7otada, als restaurants Ametller Origen\u00bb<\/span><\/a><\/p>\n","protected":false},"author":5,"featured_media":4567,"comment_status":"open","ping_status":"open","sticky":false,"template":"","format":"standard","meta":{"_uag_custom_page_level_css":"","advgb_blocks_editor_width":"","advgb_blocks_columns_visual_guide":"","footnotes":""},"categories":[2],"tags":[],"class_list":["post-4566","post","type-post","status-publish","format-standard","has-post-thumbnail","hentry","category-noticies"],"author_meta":{"display_name":"Mireia Zaragoza","author_link":"https:\/\/www.ametllerorigenwp.com\/ca\/author\/mzaragoza\/"},"featured_img":"https:\/\/www.ametllerorigenwp.com\/wp-content\/uploads\/2022\/01\/Calcots_app-1-300x102.jpg","uagb_featured_image_src":{"full":["https:\/\/www.ametllerorigenwp.com\/wp-content\/uploads\/2022\/01\/Calcots_app-1.jpg",1000,340,false],"thumbnail":["https:\/\/www.ametllerorigenwp.com\/wp-content\/uploads\/2022\/01\/Calcots_app-1-150x150.jpg",150,150,true],"medium":["https:\/\/www.ametllerorigenwp.com\/wp-content\/uploads\/2022\/01\/Calcots_app-1-300x102.jpg",300,102,true],"medium_large":["https:\/\/www.ametllerorigenwp.com\/wp-content\/uploads\/2022\/01\/Calcots_app-1-768x261.jpg",768,261,true],"large":["https:\/\/www.ametllerorigenwp.com\/wp-content\/uploads\/2022\/01\/Calcots_app-1.jpg",840,286,false],"1536x1536":["https:\/\/www.ametllerorigenwp.com\/wp-content\/uploads\/2022\/01\/Calcots_app-1.jpg",1000,340,false],"2048x2048":["https:\/\/www.ametllerorigenwp.com\/wp-content\/uploads\/2022\/01\/Calcots_app-1.jpg",1000,340,false],"post-thumbnail":["https:\/\/www.ametllerorigenwp.com\/wp-content\/uploads\/2022\/01\/Calcots_app-1.jpg",1000,340,false]},"uagb_author_info":{"display_name":"Mireia Zaragoza","author_link":"https:\/\/www.ametllerorigenwp.com\/ca\/author\/mzaragoza\/"},"uagb_comment_info":0,"uagb_excerpt":"Ets dels que menges els cal\u00e7ots amb guants i pitet o dels que acaba amb les mans negres? \u00c9s temporada d\u2019un dels grans tresors de la nostra gastronomia: els cal\u00e7ots, i ara en pots gaudir als nostres restaurants (Ametller Origen Mercat d&#8217;Autors, Ametller Origen Mercat d&#8217;Autors CASA SEAT, Ametller Origen Sant Cugat del Vall\u00e8s i&hellip;","coauthors":[],"tax_additional":{"categories":{"linked":["<a href=\"https:\/\/www.ametllerorigenwp.com\/ca\/category\/noticies\/\" class=\"advgb-post-tax-term\">Noticies<\/a>"],"unlinked":["<span class=\"advgb-post-tax-term\">Noticies<\/span>"]}},"comment_count":"0","relative_dates":{"created":"Posted 4 anys ago","modified":"Updated 4 anys ago"},"absolute_dates":{"created":"Posted on 28 de gener de 2022","modified":"Updated on 28 de gener de 2022"},"absolute_dates_time":{"created":"Posted on 28 de gener de 2022 09:39","modified":"Updated on 28 de gener de 2022 16:22"},"featured_img_caption":"","series_order":"","show_in_app":true,"fecha_inicio_destacado":null,"hora_inicio_visualizacion":null,"minutos_inicio_visualizacion":null,"fecha_final_destacado":null,"hora_final_visualizacion":null,"minutos_final_visualizacion":null,"posicion_visualizacion":null,"estado_destacado":null,"niveles_destacados":null,"url_del_enlace":null,"banner_destacado":null,"posicion_visualizacion_de_la_noticia":null,"estado_noticia":null,"fecha_de_inicio_de_visualizacion_del_tutorial":null,"hora_inicio_visualizacion_tutorial":null,"minutos_inicio_visualizacion_tutorial":null,"fecha_de_final_de_visualizacion_del_tutorial":null,"hora_final_visualizacion_tutorial":null,"minutos_final_visualizacion_tutorial":null,"numero_de_veces_visto":null,"numero_de_veces_total":null,"niveles_tutorial":null,"tutorial_recursos_castellano":null,"tutorial_recursos_catalan":null,"dias_disponibles":null,"dias_de_la_semana":null,"dias_del_mes":null,"other_lang_post_id":null,"lang":"ca","campanya_descripcion":null,"campanya_fecha_inicio":null,"campanya_fecha_fin":null,"campanya_legales":null,"campanya_imagen":null,"campanya_characteristics":null,"campanya_url":null,"campanya_posicion_visualizacion":null,"campanya_estado":null,"_links":{"self":[{"href":"https:\/\/www.ametllerorigenwp.com\/ca\/wp-json\/wp\/v2\/posts\/4566","targetHints":{"allow":["GET"]}}],"collection":[{"href":"https:\/\/www.ametllerorigenwp.com\/ca\/wp-json\/wp\/v2\/posts"}],"about":[{"href":"https:\/\/www.ametllerorigenwp.com\/ca\/wp-json\/wp\/v2\/types\/post"}],"author":[{"embeddable":true,"href":"https:\/\/www.ametllerorigenwp.com\/ca\/wp-json\/wp\/v2\/users\/5"}],"replies":[{"embeddable":true,"href":"https:\/\/www.ametllerorigenwp.com\/ca\/wp-json\/wp\/v2\/comments?post=4566"}],"version-history":[{"count":5,"href":"https:\/\/www.ametllerorigenwp.com\/ca\/wp-json\/wp\/v2\/posts\/4566\/revisions"}],"predecessor-version":[{"id":4596,"href":"https:\/\/www.ametllerorigenwp.com\/ca\/wp-json\/wp\/v2\/posts\/4566\/revisions\/4596"}],"wp:featuredmedia":[{"embeddable":true,"href":"https:\/\/www.ametllerorigenwp.com\/ca\/wp-json\/wp\/v2\/media\/4567"}],"wp:attachment":[{"href":"https:\/\/www.ametllerorigenwp.com\/ca\/wp-json\/wp\/v2\/media?parent=4566"}],"wp:term":[{"taxonomy":"category","embeddable":true,"href":"https:\/\/www.ametllerorigenwp.com\/ca\/wp-json\/wp\/v2\/categories?post=4566"},{"taxonomy":"post_tag","embeddable":true,"href":"https:\/\/www.ametllerorigenwp.com\/ca\/wp-json\/wp\/v2\/tags?post=4566"}],"curies":[{"name":"wp","href":"https:\/\/api.w.org\/{rel}","templated":true}]}}