{"id":4629,"date":"2022-02-03T20:19:07","date_gmt":"2022-02-03T20:19:07","guid":{"rendered":"https:\/\/www.ametllerorigenwp.com\/?p=4629"},"modified":"2022-02-04T11:22:40","modified_gmt":"2022-02-04T11:22:40","slug":"una-compra-solidaria-per-lluitar-contra-el-cancer","status":"publish","type":"post","link":"https:\/\/www.ametllerorigenwp.com\/ca\/una-compra-solidaria-per-lluitar-contra-el-cancer\/","title":{"rendered":"Una compra solid\u00e0ria per lluitar contra el c\u00e0ncer"},"content":{"rendered":"\n<p>Sabies que fins a un 50% dels c\u00e0ncers es podrien prevenir seguint uns h\u00e0bits de vida saludables? Coincidint amb <strong>el dia mundial contra el c<\/strong><strong>\u00e0ncer<\/strong>, que es commemora avui, \u00e9s important recordar que, tal com detalla l\u2019Organitzaci\u00f3 Mundial de la Salut, s\u00f3n molts els factors que tenen un paper actiu en aquesta malaltia, com el tabac, l\u2019alcohol, l\u2019exposici\u00f3 a contaminats, per\u00f2 tamb\u00e9 <strong>hi ha altres elements que juguen un paper clau en la prevenci\u00f3, com s\u00f3n una alimentaci\u00f3 saludable, rica en hortalisses i tubercles, llegums, cereals integrals, fruita seca i fruita, o la pr\u00e0ctica regular d\u2019exercici f\u00edsic.<\/strong><\/p>\n\n\n\n<p>Amb l\u2019objectiu <strong>de recaptar fons per a la investigaci\u00f3 d\u2019aquesta malaltia<\/strong>, des d\u2019Ametller Origen ens hem sumat a <strong>\u2018La compra de la teva vida\u2019, una campanya de l\u2019Associaci\u00f3 Espanyola contra el C\u00e0ncer<\/strong>. Des d\u2019avui i fins al pr\u00f2xim 11 de febrer, podr\u00e0s fer la teva donaci\u00f3 quan passis per caixa a qualssevol de les nostres botigues f\u00edsiques i a <a href=\"https:\/\/www.ametllerorigen.com\/ca\/\">la botiga online<\/a>. <strong>Fem que la compra d\u2019aquesta setmana sigui la m\u00e9s solidaria de totes!<\/strong><\/p>\n","protected":false},"excerpt":{"rendered":"<p>Sabies que fins a un 50% dels c\u00e0ncers es podrien prevenir seguint uns h\u00e0bits de vida saludables? Coincidint amb el dia mundial contra el c\u00e0ncer, que es commemora avui, \u00e9s important recordar que, tal com detalla l\u2019Organitzaci\u00f3 Mundial de la Salut, s\u00f3n molts els factors que tenen un paper actiu en aquesta malaltia, com el &hellip; <a href=\"https:\/\/www.ametllerorigenwp.com\/ca\/una-compra-solidaria-per-lluitar-contra-el-cancer\/\" class=\"more-link\">Continua llegint <span class=\"screen-reader-text\">\u00abUna compra solid\u00e0ria per lluitar contra el c\u00e0ncer\u00bb<\/span><\/a><\/p>\n","protected":false},"author":3,"featured_media":4639,"comment_status":"open","ping_status":"open","sticky":false,"template":"","format":"standard","meta":{"_uag_custom_page_level_css":"","advgb_blocks_editor_width":"","advgb_blocks_columns_visual_guide":"","footnotes":""},"categories":[2],"tags":[],"class_list":["post-4629","post","type-post","status-publish","format-standard","has-post-thumbnail","hentry","category-noticies"],"author_meta":{"display_name":"Ametller Origen","author_link":"https:\/\/www.ametllerorigenwp.com\/ca\/author\/ao_editor\/"},"featured_img":"https:\/\/www.ametllerorigenwp.com\/wp-content\/uploads\/2022\/02\/conta-cancer-APP-300x102.png","uagb_featured_image_src":{"full":["https:\/\/www.ametllerorigenwp.com\/wp-content\/uploads\/2022\/02\/conta-cancer-APP.png",1000,340,false],"thumbnail":["https:\/\/www.ametllerorigenwp.com\/wp-content\/uploads\/2022\/02\/conta-cancer-APP-150x150.png",150,150,true],"medium":["https:\/\/www.ametllerorigenwp.com\/wp-content\/uploads\/2022\/02\/conta-cancer-APP-300x102.png",300,102,true],"medium_large":["https:\/\/www.ametllerorigenwp.com\/wp-content\/uploads\/2022\/02\/conta-cancer-APP-768x261.png",768,261,true],"large":["https:\/\/www.ametllerorigenwp.com\/wp-content\/uploads\/2022\/02\/conta-cancer-APP.png",840,286,false],"1536x1536":["https:\/\/www.ametllerorigenwp.com\/wp-content\/uploads\/2022\/02\/conta-cancer-APP.png",1000,340,false],"2048x2048":["https:\/\/www.ametllerorigenwp.com\/wp-content\/uploads\/2022\/02\/conta-cancer-APP.png",1000,340,false],"post-thumbnail":["https:\/\/www.ametllerorigenwp.com\/wp-content\/uploads\/2022\/02\/conta-cancer-APP.png",1000,340,false]},"uagb_author_info":{"display_name":"Ametller Origen","author_link":"https:\/\/www.ametllerorigenwp.com\/ca\/author\/ao_editor\/"},"uagb_comment_info":0,"uagb_excerpt":"Sabies que fins a un 50% dels c\u00e0ncers es podrien prevenir seguint uns h\u00e0bits de vida saludables? Coincidint amb el dia mundial contra el c\u00e0ncer, que es commemora avui, \u00e9s important recordar que, tal com detalla l\u2019Organitzaci\u00f3 Mundial de la Salut, s\u00f3n molts els factors que tenen un paper actiu en aquesta malaltia, com el&hellip;","coauthors":[],"tax_additional":{"categories":{"linked":["<a href=\"https:\/\/www.ametllerorigenwp.com\/ca\/category\/noticies\/\" class=\"advgb-post-tax-term\">Noticies<\/a>"],"unlinked":["<span class=\"advgb-post-tax-term\">Noticies<\/span>"]}},"comment_count":"0","relative_dates":{"created":"Posted 4 anys ago","modified":"Updated 4 anys ago"},"absolute_dates":{"created":"Posted on 3 de febrer de 2022","modified":"Updated on 4 de febrer de 2022"},"absolute_dates_time":{"created":"Posted on 3 de febrer de 2022 20:19","modified":"Updated on 4 de febrer de 2022 11:22"},"featured_img_caption":"","series_order":"","show_in_app":true,"fecha_inicio_destacado":null,"hora_inicio_visualizacion":null,"minutos_inicio_visualizacion":null,"fecha_final_destacado":null,"hora_final_visualizacion":null,"minutos_final_visualizacion":null,"posicion_visualizacion":null,"estado_destacado":null,"niveles_destacados":null,"url_del_enlace":null,"banner_destacado":null,"posicion_visualizacion_de_la_noticia":null,"estado_noticia":null,"fecha_de_inicio_de_visualizacion_del_tutorial":null,"hora_inicio_visualizacion_tutorial":null,"minutos_inicio_visualizacion_tutorial":null,"fecha_de_final_de_visualizacion_del_tutorial":null,"hora_final_visualizacion_tutorial":null,"minutos_final_visualizacion_tutorial":null,"numero_de_veces_visto":null,"numero_de_veces_total":null,"niveles_tutorial":null,"tutorial_recursos_castellano":null,"tutorial_recursos_catalan":null,"dias_disponibles":null,"dias_de_la_semana":null,"dias_del_mes":null,"other_lang_post_id":null,"lang":"ca","campanya_descripcion":null,"campanya_fecha_inicio":null,"campanya_fecha_fin":null,"campanya_legales":null,"campanya_imagen":null,"campanya_characteristics":null,"campanya_url":null,"campanya_posicion_visualizacion":null,"campanya_estado":null,"_links":{"self":[{"href":"https:\/\/www.ametllerorigenwp.com\/ca\/wp-json\/wp\/v2\/posts\/4629","targetHints":{"allow":["GET"]}}],"collection":[{"href":"https:\/\/www.ametllerorigenwp.com\/ca\/wp-json\/wp\/v2\/posts"}],"about":[{"href":"https:\/\/www.ametllerorigenwp.com\/ca\/wp-json\/wp\/v2\/types\/post"}],"author":[{"embeddable":true,"href":"https:\/\/www.ametllerorigenwp.com\/ca\/wp-json\/wp\/v2\/users\/3"}],"replies":[{"embeddable":true,"href":"https:\/\/www.ametllerorigenwp.com\/ca\/wp-json\/wp\/v2\/comments?post=4629"}],"version-history":[{"count":1,"href":"https:\/\/www.ametllerorigenwp.com\/ca\/wp-json\/wp\/v2\/posts\/4629\/revisions"}],"predecessor-version":[{"id":4632,"href":"https:\/\/www.ametllerorigenwp.com\/ca\/wp-json\/wp\/v2\/posts\/4629\/revisions\/4632"}],"wp:featuredmedia":[{"embeddable":true,"href":"https:\/\/www.ametllerorigenwp.com\/ca\/wp-json\/wp\/v2\/media\/4639"}],"wp:attachment":[{"href":"https:\/\/www.ametllerorigenwp.com\/ca\/wp-json\/wp\/v2\/media?parent=4629"}],"wp:term":[{"taxonomy":"category","embeddable":true,"href":"https:\/\/www.ametllerorigenwp.com\/ca\/wp-json\/wp\/v2\/categories?post=4629"},{"taxonomy":"post_tag","embeddable":true,"href":"https:\/\/www.ametllerorigenwp.com\/ca\/wp-json\/wp\/v2\/tags?post=4629"}],"curies":[{"name":"wp","href":"https:\/\/api.w.org\/{rel}","templated":true}]}}