{"id":4642,"date":"2022-02-06T11:24:00","date_gmt":"2022-02-06T11:24:00","guid":{"rendered":"https:\/\/www.ametllerorigenwp.com\/?p=4642"},"modified":"2022-02-07T15:53:11","modified_gmt":"2022-02-07T15:53:11","slug":"tensenyem-com-ha-quedat-el-mural-de-la-nostra-botiga-de-lhospitalet","status":"publish","type":"post","link":"https:\/\/www.ametllerorigenwp.com\/ca\/tensenyem-com-ha-quedat-el-mural-de-la-nostra-botiga-de-lhospitalet\/","title":{"rendered":"T\u2019ensenyem com ha quedat el mural de la nostra botiga de L\u2019Hospitalet"},"content":{"rendered":"\n<p>Ja t\u2019has apropat a veure el mural que decora la paret mitgera de la nostra botiga a la ciutat? L\u2019obra, realitzada per <strong>l\u2019artista urb\u00e0 Taquen<\/strong>, guanyador del concurs que vam impulsar amb motiu de la inauguraci\u00f3 de la primera botiga a L\u2019Hospitalet de Llobregat, <strong>representa una noia que despr\u00e9s de veure d\u2019on ve, decideix mirar endavant i fer cam\u00ed per seguir avan\u00e7ant cap al m\u00f3n no vol viure<\/strong>. Les <strong>aus representen la natura i la sostenibilitat i s\u00f3n tamb\u00e9 un petit homenatge a la ciutat de L\u2019Hospitalet i al Delta del Llobregat<\/strong>.<\/p>\n\n\n\n<p>Descobreix en aquest <a href=\"https:\/\/www.instagram.com\/tv\/CZejy2Qj6Gd\/\">v\u00eddeo<\/a> com s\u2019ha pintat el mural i quin \u00e9s el resultat final!<\/p>\n","protected":false},"excerpt":{"rendered":"<p>Ja t\u2019has apropat a veure el mural que decora la paret mitgera de la nostra botiga a la ciutat? L\u2019obra, realitzada per l\u2019artista urb\u00e0 Taquen, guanyador del concurs que vam impulsar amb motiu de la inauguraci\u00f3 de la primera botiga a L\u2019Hospitalet de Llobregat, representa una noia que despr\u00e9s de veure d\u2019on ve, decideix mirar &hellip; <a href=\"https:\/\/www.ametllerorigenwp.com\/ca\/tensenyem-com-ha-quedat-el-mural-de-la-nostra-botiga-de-lhospitalet\/\" class=\"more-link\">Continua llegint <span class=\"screen-reader-text\">\u00abT\u2019ensenyem com ha quedat el mural de la nostra botiga de L\u2019Hospitalet\u00bb<\/span><\/a><\/p>\n","protected":false},"author":3,"featured_media":4643,"comment_status":"open","ping_status":"open","sticky":false,"template":"","format":"standard","meta":{"_uag_custom_page_level_css":"","advgb_blocks_editor_width":"","advgb_blocks_columns_visual_guide":"","footnotes":""},"categories":[2],"tags":[],"class_list":["post-4642","post","type-post","status-publish","format-standard","has-post-thumbnail","hentry","category-noticies"],"author_meta":{"display_name":"Ametller Origen","author_link":"https:\/\/www.ametllerorigenwp.com\/ca\/author\/ao_editor\/"},"featured_img":"https:\/\/www.ametllerorigenwp.com\/wp-content\/uploads\/2022\/02\/DSC_5262-300x102.jpg","uagb_featured_image_src":{"full":["https:\/\/www.ametllerorigenwp.com\/wp-content\/uploads\/2022\/02\/DSC_5262.jpg",1000,340,false],"thumbnail":["https:\/\/www.ametllerorigenwp.com\/wp-content\/uploads\/2022\/02\/DSC_5262-150x150.jpg",150,150,true],"medium":["https:\/\/www.ametllerorigenwp.com\/wp-content\/uploads\/2022\/02\/DSC_5262-300x102.jpg",300,102,true],"medium_large":["https:\/\/www.ametllerorigenwp.com\/wp-content\/uploads\/2022\/02\/DSC_5262-768x261.jpg",768,261,true],"large":["https:\/\/www.ametllerorigenwp.com\/wp-content\/uploads\/2022\/02\/DSC_5262.jpg",840,286,false],"1536x1536":["https:\/\/www.ametllerorigenwp.com\/wp-content\/uploads\/2022\/02\/DSC_5262.jpg",1000,340,false],"2048x2048":["https:\/\/www.ametllerorigenwp.com\/wp-content\/uploads\/2022\/02\/DSC_5262.jpg",1000,340,false],"post-thumbnail":["https:\/\/www.ametllerorigenwp.com\/wp-content\/uploads\/2022\/02\/DSC_5262.jpg",1000,340,false]},"uagb_author_info":{"display_name":"Ametller Origen","author_link":"https:\/\/www.ametllerorigenwp.com\/ca\/author\/ao_editor\/"},"uagb_comment_info":0,"uagb_excerpt":"Ja t\u2019has apropat a veure el mural que decora la paret mitgera de la nostra botiga a la ciutat? L\u2019obra, realitzada per l\u2019artista urb\u00e0 Taquen, guanyador del concurs que vam impulsar amb motiu de la inauguraci\u00f3 de la primera botiga a L\u2019Hospitalet de Llobregat, representa una noia que despr\u00e9s de veure d\u2019on ve, decideix mirar&hellip;","coauthors":[],"tax_additional":{"categories":{"linked":["<a href=\"https:\/\/www.ametllerorigenwp.com\/ca\/category\/noticies\/\" class=\"advgb-post-tax-term\">Noticies<\/a>"],"unlinked":["<span class=\"advgb-post-tax-term\">Noticies<\/span>"]}},"comment_count":"0","relative_dates":{"created":"Posted 4 anys ago","modified":"Updated 4 anys ago"},"absolute_dates":{"created":"Posted on 6 de febrer de 2022","modified":"Updated on 7 de febrer de 2022"},"absolute_dates_time":{"created":"Posted on 6 de febrer de 2022 11:24","modified":"Updated on 7 de febrer de 2022 15:53"},"featured_img_caption":"","series_order":"","show_in_app":true,"fecha_inicio_destacado":null,"hora_inicio_visualizacion":null,"minutos_inicio_visualizacion":null,"fecha_final_destacado":null,"hora_final_visualizacion":null,"minutos_final_visualizacion":null,"posicion_visualizacion":null,"estado_destacado":null,"niveles_destacados":null,"url_del_enlace":null,"banner_destacado":null,"posicion_visualizacion_de_la_noticia":null,"estado_noticia":null,"fecha_de_inicio_de_visualizacion_del_tutorial":null,"hora_inicio_visualizacion_tutorial":null,"minutos_inicio_visualizacion_tutorial":null,"fecha_de_final_de_visualizacion_del_tutorial":null,"hora_final_visualizacion_tutorial":null,"minutos_final_visualizacion_tutorial":null,"numero_de_veces_visto":null,"numero_de_veces_total":null,"niveles_tutorial":null,"tutorial_recursos_castellano":null,"tutorial_recursos_catalan":null,"dias_disponibles":null,"dias_de_la_semana":null,"dias_del_mes":null,"other_lang_post_id":null,"lang":"ca","campanya_descripcion":null,"campanya_fecha_inicio":null,"campanya_fecha_fin":null,"campanya_legales":null,"campanya_imagen":null,"campanya_characteristics":null,"campanya_url":null,"campanya_posicion_visualizacion":null,"campanya_estado":null,"_links":{"self":[{"href":"https:\/\/www.ametllerorigenwp.com\/ca\/wp-json\/wp\/v2\/posts\/4642","targetHints":{"allow":["GET"]}}],"collection":[{"href":"https:\/\/www.ametllerorigenwp.com\/ca\/wp-json\/wp\/v2\/posts"}],"about":[{"href":"https:\/\/www.ametllerorigenwp.com\/ca\/wp-json\/wp\/v2\/types\/post"}],"author":[{"embeddable":true,"href":"https:\/\/www.ametllerorigenwp.com\/ca\/wp-json\/wp\/v2\/users\/3"}],"replies":[{"embeddable":true,"href":"https:\/\/www.ametllerorigenwp.com\/ca\/wp-json\/wp\/v2\/comments?post=4642"}],"version-history":[{"count":1,"href":"https:\/\/www.ametllerorigenwp.com\/ca\/wp-json\/wp\/v2\/posts\/4642\/revisions"}],"predecessor-version":[{"id":4645,"href":"https:\/\/www.ametllerorigenwp.com\/ca\/wp-json\/wp\/v2\/posts\/4642\/revisions\/4645"}],"wp:featuredmedia":[{"embeddable":true,"href":"https:\/\/www.ametllerorigenwp.com\/ca\/wp-json\/wp\/v2\/media\/4643"}],"wp:attachment":[{"href":"https:\/\/www.ametllerorigenwp.com\/ca\/wp-json\/wp\/v2\/media?parent=4642"}],"wp:term":[{"taxonomy":"category","embeddable":true,"href":"https:\/\/www.ametllerorigenwp.com\/ca\/wp-json\/wp\/v2\/categories?post=4642"},{"taxonomy":"post_tag","embeddable":true,"href":"https:\/\/www.ametllerorigenwp.com\/ca\/wp-json\/wp\/v2\/tags?post=4642"}],"curies":[{"name":"wp","href":"https:\/\/api.w.org\/{rel}","templated":true}]}}