{"id":4796,"date":"2022-02-24T15:46:03","date_gmt":"2022-02-24T15:46:03","guid":{"rendered":"https:\/\/www.ametllerorigenwp.com\/?p=4796"},"modified":"2022-02-24T15:46:05","modified_gmt":"2022-02-24T15:46:05","slug":"gracies-per-la-vostra-solidaritat","status":"publish","type":"post","link":"https:\/\/www.ametllerorigenwp.com\/ca\/gracies-per-la-vostra-solidaritat\/","title":{"rendered":"Gr\u00e0cies per la vostra solidaritat!"},"content":{"rendered":"\n<p>Coincidint amb el Dia Mundial contra el C\u00e0ncer, el passat 4 de febrer, <strong>ens vam sumar a la campanya \u2018La compra de la teva vida\u2019<\/strong>, de l\u2019Associaci\u00f3 Espanyola contra el C\u00e0ncer, amb l\u2019objectiu de recaptar fons per a la investigaci\u00f3 del c\u00e0ncer i millorar la vida dels pacients i els seus familiars.<\/p>\n\n\n\n<p>Amb nom\u00e9s cinc dies i gr\u00e0cies a la vostra solidaritat <strong>hem recaptat 37.156 \u20ac que es destinaran \u00edntegrament a l\u2019associaci\u00f3<\/strong>.<\/p>\n\n\n\n<p>Avancem junts cap al m\u00f3n on vols viure!<\/p>\n","protected":false},"excerpt":{"rendered":"<p>Coincidint amb el Dia Mundial contra el C\u00e0ncer, el passat 4 de febrer, ens vam sumar a la campanya \u2018La compra de la teva vida\u2019, de l\u2019Associaci\u00f3 Espanyola contra el C\u00e0ncer, amb l\u2019objectiu de recaptar fons per a la investigaci\u00f3 del c\u00e0ncer i millorar la vida dels pacients i els seus familiars. Amb nom\u00e9s cinc &hellip; <a href=\"https:\/\/www.ametllerorigenwp.com\/ca\/gracies-per-la-vostra-solidaritat\/\" class=\"more-link\">Continua llegint <span class=\"screen-reader-text\">\u00abGr\u00e0cies per la vostra solidaritat!\u00bb<\/span><\/a><\/p>\n","protected":false},"author":5,"featured_media":4797,"comment_status":"open","ping_status":"open","sticky":false,"template":"","format":"standard","meta":{"_uag_custom_page_level_css":"","advgb_blocks_editor_width":"","advgb_blocks_columns_visual_guide":"","footnotes":""},"categories":[2],"tags":[],"class_list":["post-4796","post","type-post","status-publish","format-standard","has-post-thumbnail","hentry","category-noticies"],"author_meta":{"display_name":"Mireia Zaragoza","author_link":"https:\/\/www.ametllerorigenwp.com\/ca\/author\/mzaragoza\/"},"featured_img":"https:\/\/www.ametllerorigenwp.com\/wp-content\/uploads\/2022\/02\/Recaudat_App-300x102.jpg","uagb_featured_image_src":{"full":["https:\/\/www.ametllerorigenwp.com\/wp-content\/uploads\/2022\/02\/Recaudat_App.jpg",1000,340,false],"thumbnail":["https:\/\/www.ametllerorigenwp.com\/wp-content\/uploads\/2022\/02\/Recaudat_App-150x150.jpg",150,150,true],"medium":["https:\/\/www.ametllerorigenwp.com\/wp-content\/uploads\/2022\/02\/Recaudat_App-300x102.jpg",300,102,true],"medium_large":["https:\/\/www.ametllerorigenwp.com\/wp-content\/uploads\/2022\/02\/Recaudat_App-768x261.jpg",768,261,true],"large":["https:\/\/www.ametllerorigenwp.com\/wp-content\/uploads\/2022\/02\/Recaudat_App.jpg",840,286,false],"1536x1536":["https:\/\/www.ametllerorigenwp.com\/wp-content\/uploads\/2022\/02\/Recaudat_App.jpg",1000,340,false],"2048x2048":["https:\/\/www.ametllerorigenwp.com\/wp-content\/uploads\/2022\/02\/Recaudat_App.jpg",1000,340,false],"post-thumbnail":["https:\/\/www.ametllerorigenwp.com\/wp-content\/uploads\/2022\/02\/Recaudat_App.jpg",1000,340,false]},"uagb_author_info":{"display_name":"Mireia Zaragoza","author_link":"https:\/\/www.ametllerorigenwp.com\/ca\/author\/mzaragoza\/"},"uagb_comment_info":0,"uagb_excerpt":"Coincidint amb el Dia Mundial contra el C\u00e0ncer, el passat 4 de febrer, ens vam sumar a la campanya \u2018La compra de la teva vida\u2019, de l\u2019Associaci\u00f3 Espanyola contra el C\u00e0ncer, amb l\u2019objectiu de recaptar fons per a la investigaci\u00f3 del c\u00e0ncer i millorar la vida dels pacients i els seus familiars. Amb nom\u00e9s cinc&hellip;","coauthors":[],"tax_additional":{"categories":{"linked":["<a href=\"https:\/\/www.ametllerorigenwp.com\/ca\/category\/noticies\/\" class=\"advgb-post-tax-term\">Noticies<\/a>"],"unlinked":["<span class=\"advgb-post-tax-term\">Noticies<\/span>"]}},"comment_count":"0","relative_dates":{"created":"Posted 4 anys ago","modified":"Updated 4 anys ago"},"absolute_dates":{"created":"Posted on 24 de febrer de 2022","modified":"Updated on 24 de febrer de 2022"},"absolute_dates_time":{"created":"Posted on 24 de febrer de 2022 15:46","modified":"Updated on 24 de febrer de 2022 15:46"},"featured_img_caption":"","series_order":"","show_in_app":true,"fecha_inicio_destacado":null,"hora_inicio_visualizacion":null,"minutos_inicio_visualizacion":null,"fecha_final_destacado":null,"hora_final_visualizacion":null,"minutos_final_visualizacion":null,"posicion_visualizacion":null,"estado_destacado":null,"niveles_destacados":null,"url_del_enlace":null,"banner_destacado":null,"posicion_visualizacion_de_la_noticia":null,"estado_noticia":null,"fecha_de_inicio_de_visualizacion_del_tutorial":null,"hora_inicio_visualizacion_tutorial":null,"minutos_inicio_visualizacion_tutorial":null,"fecha_de_final_de_visualizacion_del_tutorial":null,"hora_final_visualizacion_tutorial":null,"minutos_final_visualizacion_tutorial":null,"numero_de_veces_visto":null,"numero_de_veces_total":null,"niveles_tutorial":null,"tutorial_recursos_castellano":null,"tutorial_recursos_catalan":null,"dias_disponibles":null,"dias_de_la_semana":null,"dias_del_mes":null,"other_lang_post_id":null,"lang":"ca","campanya_descripcion":null,"campanya_fecha_inicio":null,"campanya_fecha_fin":null,"campanya_legales":null,"campanya_imagen":null,"campanya_characteristics":null,"campanya_url":null,"campanya_posicion_visualizacion":null,"campanya_estado":null,"_links":{"self":[{"href":"https:\/\/www.ametllerorigenwp.com\/ca\/wp-json\/wp\/v2\/posts\/4796","targetHints":{"allow":["GET"]}}],"collection":[{"href":"https:\/\/www.ametllerorigenwp.com\/ca\/wp-json\/wp\/v2\/posts"}],"about":[{"href":"https:\/\/www.ametllerorigenwp.com\/ca\/wp-json\/wp\/v2\/types\/post"}],"author":[{"embeddable":true,"href":"https:\/\/www.ametllerorigenwp.com\/ca\/wp-json\/wp\/v2\/users\/5"}],"replies":[{"embeddable":true,"href":"https:\/\/www.ametllerorigenwp.com\/ca\/wp-json\/wp\/v2\/comments?post=4796"}],"version-history":[{"count":1,"href":"https:\/\/www.ametllerorigenwp.com\/ca\/wp-json\/wp\/v2\/posts\/4796\/revisions"}],"predecessor-version":[{"id":4799,"href":"https:\/\/www.ametllerorigenwp.com\/ca\/wp-json\/wp\/v2\/posts\/4796\/revisions\/4799"}],"wp:featuredmedia":[{"embeddable":true,"href":"https:\/\/www.ametllerorigenwp.com\/ca\/wp-json\/wp\/v2\/media\/4797"}],"wp:attachment":[{"href":"https:\/\/www.ametllerorigenwp.com\/ca\/wp-json\/wp\/v2\/media?parent=4796"}],"wp:term":[{"taxonomy":"category","embeddable":true,"href":"https:\/\/www.ametllerorigenwp.com\/ca\/wp-json\/wp\/v2\/categories?post=4796"},{"taxonomy":"post_tag","embeddable":true,"href":"https:\/\/www.ametllerorigenwp.com\/ca\/wp-json\/wp\/v2\/tags?post=4796"}],"curies":[{"name":"wp","href":"https:\/\/api.w.org\/{rel}","templated":true}]}}