{"id":4845,"date":"2022-03-03T16:42:44","date_gmt":"2022-03-03T16:42:44","guid":{"rendered":"https:\/\/www.ametllerorigenwp.com\/?p=4845"},"modified":"2022-03-03T16:42:47","modified_gmt":"2022-03-03T16:42:47","slug":"mes-de-23-000-escolars-es-beneficien-del-programa-menja-sa-en-familia","status":"publish","type":"post","link":"https:\/\/www.ametllerorigenwp.com\/ca\/mes-de-23-000-escolars-es-beneficien-del-programa-menja-sa-en-familia\/","title":{"rendered":"M\u00e9s de 23.000 escolars es beneficien del programa \u2018Menja sa en fam\u00edlia\u2019"},"content":{"rendered":"\n<p>Des d\u2019Ametller Origen impartim, a trav\u00e9s de la Fundaci\u00f3 Ametller i amb el suport del Departament de Salut i Ensenyament de la Generalitat de Catalunya, <strong>un programa d\u2019educaci\u00f3 nutricional amb l\u2019objectiu de promoure un estil de vida saludable i prevenir malalties cr\u00f2niques com l\u2019obesitat<\/strong>.<\/p>\n\n\n\n<p>Segons les \u00faltimes dades de l\u2019Enquesta de Salut de Catalunya, la meitat de la poblaci\u00f3 major d\u2019edat i un 35,9% dels infants de 6 a 12 anys t\u00e9 exc\u00e9s de pes (un 24,4% t\u00e9 sobrep\u00e8s i un 11,7% obesitat). Avui, coincidint amb el Dia Mundial de l\u2019Obesitat, volem posar en valor la tasca que estem duent entre els escolars per <strong>transmetre la import\u00e0ncia de seguir uns h\u00e0bits de vida saludables<\/strong>, fomentant una alimentaci\u00f3 variada, equilibrada i saludable. Des de fa 8 anys <strong>duem a terme el projecte d\u2019educaci\u00f3 nutricional \u2018Menja sa en fam\u00edlia\u2019<\/strong> amb el qual hem aconseguit que <strong>m\u00e9s de 23.000 alumnes de m\u00e9s de 300 escoles rebin una formaci\u00f3 nutricional b\u00e0sica<\/strong>.<\/p>\n\n\n\n<p>Els tallers, que s\u2019imparteixen per nutricionistes de la Fundaci\u00f3 Ametller, es duen a terme a les escoles, i enguany hem posat en marxa <strong>un nou programa que permet als escolars visitar la botiga Ametller Origen Mercat d\u2019Autors<\/strong>, on tenen l\u2019oportunitat de con\u00e8ixer de primera m\u00e0 les fruites i verdures de temporada i preparar un esmorzar saludable.<\/p>\n\n\n\n<p>Seguim fent cam\u00ed cap al m\u00f3n on volem viure!<\/p>\n","protected":false},"excerpt":{"rendered":"<p>Des d\u2019Ametller Origen impartim, a trav\u00e9s de la Fundaci\u00f3 Ametller i amb el suport del Departament de Salut i Ensenyament de la Generalitat de Catalunya, un programa d\u2019educaci\u00f3 nutricional amb l\u2019objectiu de promoure un estil de vida saludable i prevenir malalties cr\u00f2niques com l\u2019obesitat. Segons les \u00faltimes dades de l\u2019Enquesta de Salut de Catalunya, la &hellip; <a href=\"https:\/\/www.ametllerorigenwp.com\/ca\/mes-de-23-000-escolars-es-beneficien-del-programa-menja-sa-en-familia\/\" class=\"more-link\">Continua llegint <span class=\"screen-reader-text\">\u00abM\u00e9s de 23.000 escolars es beneficien del programa \u2018Menja sa en fam\u00edlia\u2019\u00bb<\/span><\/a><\/p>\n","protected":false},"author":5,"featured_media":4846,"comment_status":"open","ping_status":"open","sticky":false,"template":"","format":"standard","meta":{"_uag_custom_page_level_css":"","advgb_blocks_editor_width":"","advgb_blocks_columns_visual_guide":"","footnotes":""},"categories":[2],"tags":[],"class_list":["post-4845","post","type-post","status-publish","format-standard","has-post-thumbnail","hentry","category-noticies"],"author_meta":{"display_name":"Mireia Zaragoza","author_link":"https:\/\/www.ametllerorigenwp.com\/ca\/author\/mzaragoza\/"},"featured_img":"https:\/\/www.ametllerorigenwp.com\/wp-content\/uploads\/2022\/03\/Nuevo-proyecto-53-300x102.jpg","uagb_featured_image_src":{"full":["https:\/\/www.ametllerorigenwp.com\/wp-content\/uploads\/2022\/03\/Nuevo-proyecto-53.jpg",1000,340,false],"thumbnail":["https:\/\/www.ametllerorigenwp.com\/wp-content\/uploads\/2022\/03\/Nuevo-proyecto-53-150x150.jpg",150,150,true],"medium":["https:\/\/www.ametllerorigenwp.com\/wp-content\/uploads\/2022\/03\/Nuevo-proyecto-53-300x102.jpg",300,102,true],"medium_large":["https:\/\/www.ametllerorigenwp.com\/wp-content\/uploads\/2022\/03\/Nuevo-proyecto-53-768x261.jpg",768,261,true],"large":["https:\/\/www.ametllerorigenwp.com\/wp-content\/uploads\/2022\/03\/Nuevo-proyecto-53.jpg",840,286,false],"1536x1536":["https:\/\/www.ametllerorigenwp.com\/wp-content\/uploads\/2022\/03\/Nuevo-proyecto-53.jpg",1000,340,false],"2048x2048":["https:\/\/www.ametllerorigenwp.com\/wp-content\/uploads\/2022\/03\/Nuevo-proyecto-53.jpg",1000,340,false],"post-thumbnail":["https:\/\/www.ametllerorigenwp.com\/wp-content\/uploads\/2022\/03\/Nuevo-proyecto-53.jpg",1000,340,false]},"uagb_author_info":{"display_name":"Mireia Zaragoza","author_link":"https:\/\/www.ametllerorigenwp.com\/ca\/author\/mzaragoza\/"},"uagb_comment_info":0,"uagb_excerpt":"Des d\u2019Ametller Origen impartim, a trav\u00e9s de la Fundaci\u00f3 Ametller i amb el suport del Departament de Salut i Ensenyament de la Generalitat de Catalunya, un programa d\u2019educaci\u00f3 nutricional amb l\u2019objectiu de promoure un estil de vida saludable i prevenir malalties cr\u00f2niques com l\u2019obesitat. Segons les \u00faltimes dades de l\u2019Enquesta de Salut de Catalunya, la&hellip;","coauthors":[],"tax_additional":{"categories":{"linked":["<a href=\"https:\/\/www.ametllerorigenwp.com\/ca\/category\/noticies\/\" class=\"advgb-post-tax-term\">Noticies<\/a>"],"unlinked":["<span class=\"advgb-post-tax-term\">Noticies<\/span>"]}},"comment_count":"0","relative_dates":{"created":"Posted 4 anys ago","modified":"Updated 4 anys ago"},"absolute_dates":{"created":"Posted on 3 de mar\u00e7 de 2022","modified":"Updated on 3 de mar\u00e7 de 2022"},"absolute_dates_time":{"created":"Posted on 3 de mar\u00e7 de 2022 16:42","modified":"Updated on 3 de mar\u00e7 de 2022 16:42"},"featured_img_caption":"","series_order":"","show_in_app":true,"fecha_inicio_destacado":null,"hora_inicio_visualizacion":null,"minutos_inicio_visualizacion":null,"fecha_final_destacado":null,"hora_final_visualizacion":null,"minutos_final_visualizacion":null,"posicion_visualizacion":null,"estado_destacado":null,"niveles_destacados":null,"url_del_enlace":null,"banner_destacado":null,"posicion_visualizacion_de_la_noticia":null,"estado_noticia":null,"fecha_de_inicio_de_visualizacion_del_tutorial":null,"hora_inicio_visualizacion_tutorial":null,"minutos_inicio_visualizacion_tutorial":null,"fecha_de_final_de_visualizacion_del_tutorial":null,"hora_final_visualizacion_tutorial":null,"minutos_final_visualizacion_tutorial":null,"numero_de_veces_visto":null,"numero_de_veces_total":null,"niveles_tutorial":null,"tutorial_recursos_castellano":null,"tutorial_recursos_catalan":null,"dias_disponibles":null,"dias_de_la_semana":null,"dias_del_mes":null,"other_lang_post_id":null,"lang":"ca","campanya_descripcion":null,"campanya_fecha_inicio":null,"campanya_fecha_fin":null,"campanya_legales":null,"campanya_imagen":null,"campanya_characteristics":null,"campanya_url":null,"campanya_posicion_visualizacion":null,"campanya_estado":null,"_links":{"self":[{"href":"https:\/\/www.ametllerorigenwp.com\/ca\/wp-json\/wp\/v2\/posts\/4845","targetHints":{"allow":["GET"]}}],"collection":[{"href":"https:\/\/www.ametllerorigenwp.com\/ca\/wp-json\/wp\/v2\/posts"}],"about":[{"href":"https:\/\/www.ametllerorigenwp.com\/ca\/wp-json\/wp\/v2\/types\/post"}],"author":[{"embeddable":true,"href":"https:\/\/www.ametllerorigenwp.com\/ca\/wp-json\/wp\/v2\/users\/5"}],"replies":[{"embeddable":true,"href":"https:\/\/www.ametllerorigenwp.com\/ca\/wp-json\/wp\/v2\/comments?post=4845"}],"version-history":[{"count":2,"href":"https:\/\/www.ametllerorigenwp.com\/ca\/wp-json\/wp\/v2\/posts\/4845\/revisions"}],"predecessor-version":[{"id":4849,"href":"https:\/\/www.ametllerorigenwp.com\/ca\/wp-json\/wp\/v2\/posts\/4845\/revisions\/4849"}],"wp:featuredmedia":[{"embeddable":true,"href":"https:\/\/www.ametllerorigenwp.com\/ca\/wp-json\/wp\/v2\/media\/4846"}],"wp:attachment":[{"href":"https:\/\/www.ametllerorigenwp.com\/ca\/wp-json\/wp\/v2\/media?parent=4845"}],"wp:term":[{"taxonomy":"category","embeddable":true,"href":"https:\/\/www.ametllerorigenwp.com\/ca\/wp-json\/wp\/v2\/categories?post=4845"},{"taxonomy":"post_tag","embeddable":true,"href":"https:\/\/www.ametllerorigenwp.com\/ca\/wp-json\/wp\/v2\/tags?post=4845"}],"curies":[{"name":"wp","href":"https:\/\/api.w.org\/{rel}","templated":true}]}}