{"id":4891,"date":"2022-03-10T14:54:01","date_gmt":"2022-03-10T14:54:01","guid":{"rendered":"https:\/\/www.ametllerorigenwp.com\/?p=4891"},"modified":"2022-03-10T14:58:37","modified_gmt":"2022-03-10T14:58:37","slug":"fem-cami-guardonat-amb-el-premi-aster-desic","status":"publish","type":"post","link":"https:\/\/www.ametllerorigenwp.com\/ca\/fem-cami-guardonat-amb-el-premi-aster-desic\/","title":{"rendered":"Fem Cam\u00ed guardonat amb el premi ASTER d\u2019ESIC"},"content":{"rendered":"\n<p>El <strong>moviment Fem Cam\u00ed<\/strong>, que vam posar en marxa ara fa un any amb l\u2019objectiu de continuar estenent el nostre prop\u00f2sit i avan\u00e7ar cap a un m\u00f3n saludable i sostenible<strong>, ha rebut el premi ASTER d\u2019ESIC de M\u00e0rqueting per defensar un consum sostenible i per la seva filosofia de negoci on preval la contribuci\u00f3 social des del local<\/strong>.<\/p>\n\n\n\n<p>L\u2019entrega de premis, que enguany arribava a la 39a edici\u00f3, es va celebrar el passat 4 de mar\u00e7 i el va recollir l\u2019equip de marca d\u2019Ametller Origen. Un <strong>premi<\/strong> que, sense cap mena de dubte, <strong>reconeix l&#8217;esfor\u00e7 que fem juntament amb la nostra comunitat per avan\u00e7ar cap a un m\u00f3n m\u00e9s saludable i sostenible<\/strong>.<\/p>\n","protected":false},"excerpt":{"rendered":"<p>El moviment Fem Cam\u00ed, que vam posar en marxa ara fa un any amb l\u2019objectiu de continuar estenent el nostre prop\u00f2sit i avan\u00e7ar cap a un m\u00f3n saludable i sostenible, ha rebut el premi ASTER d\u2019ESIC de M\u00e0rqueting per defensar un consum sostenible i per la seva filosofia de negoci on preval la contribuci\u00f3 social &hellip; <a href=\"https:\/\/www.ametllerorigenwp.com\/ca\/fem-cami-guardonat-amb-el-premi-aster-desic\/\" class=\"more-link\">Continua llegint <span class=\"screen-reader-text\">\u00abFem Cam\u00ed guardonat amb el premi ASTER d\u2019ESIC\u00bb<\/span><\/a><\/p>\n","protected":false},"author":3,"featured_media":4892,"comment_status":"open","ping_status":"open","sticky":false,"template":"","format":"standard","meta":{"_uag_custom_page_level_css":"","advgb_blocks_editor_width":"","advgb_blocks_columns_visual_guide":"","footnotes":""},"categories":[2],"tags":[],"class_list":["post-4891","post","type-post","status-publish","format-standard","has-post-thumbnail","hentry","category-noticies"],"author_meta":{"display_name":"Ametller Origen","author_link":"https:\/\/www.ametllerorigenwp.com\/ca\/author\/ao_editor\/"},"featured_img":"https:\/\/www.ametllerorigenwp.com\/wp-content\/uploads\/2022\/03\/Nuevo-proyecto-56-300x102.jpg","uagb_featured_image_src":{"full":["https:\/\/www.ametllerorigenwp.com\/wp-content\/uploads\/2022\/03\/Nuevo-proyecto-56.jpg",1000,340,false],"thumbnail":["https:\/\/www.ametllerorigenwp.com\/wp-content\/uploads\/2022\/03\/Nuevo-proyecto-56-150x150.jpg",150,150,true],"medium":["https:\/\/www.ametllerorigenwp.com\/wp-content\/uploads\/2022\/03\/Nuevo-proyecto-56-300x102.jpg",300,102,true],"medium_large":["https:\/\/www.ametllerorigenwp.com\/wp-content\/uploads\/2022\/03\/Nuevo-proyecto-56-768x261.jpg",768,261,true],"large":["https:\/\/www.ametllerorigenwp.com\/wp-content\/uploads\/2022\/03\/Nuevo-proyecto-56.jpg",840,286,false],"1536x1536":["https:\/\/www.ametllerorigenwp.com\/wp-content\/uploads\/2022\/03\/Nuevo-proyecto-56.jpg",1000,340,false],"2048x2048":["https:\/\/www.ametllerorigenwp.com\/wp-content\/uploads\/2022\/03\/Nuevo-proyecto-56.jpg",1000,340,false],"post-thumbnail":["https:\/\/www.ametllerorigenwp.com\/wp-content\/uploads\/2022\/03\/Nuevo-proyecto-56.jpg",1000,340,false]},"uagb_author_info":{"display_name":"Ametller Origen","author_link":"https:\/\/www.ametllerorigenwp.com\/ca\/author\/ao_editor\/"},"uagb_comment_info":4,"uagb_excerpt":"El moviment Fem Cam\u00ed, que vam posar en marxa ara fa un any amb l\u2019objectiu de continuar estenent el nostre prop\u00f2sit i avan\u00e7ar cap a un m\u00f3n saludable i sostenible, ha rebut el premi ASTER d\u2019ESIC de M\u00e0rqueting per defensar un consum sostenible i per la seva filosofia de negoci on preval la contribuci\u00f3 social&hellip;","coauthors":[],"tax_additional":{"categories":{"linked":["<a href=\"https:\/\/www.ametllerorigenwp.com\/ca\/category\/noticies\/\" class=\"advgb-post-tax-term\">Noticies<\/a>"],"unlinked":["<span class=\"advgb-post-tax-term\">Noticies<\/span>"]}},"comment_count":"0","relative_dates":{"created":"Posted 4 anys ago","modified":"Updated 4 anys ago"},"absolute_dates":{"created":"Posted on 10 de mar\u00e7 de 2022","modified":"Updated on 10 de mar\u00e7 de 2022"},"absolute_dates_time":{"created":"Posted on 10 de mar\u00e7 de 2022 14:54","modified":"Updated on 10 de mar\u00e7 de 2022 14:58"},"featured_img_caption":"","series_order":"","show_in_app":true,"fecha_inicio_destacado":null,"hora_inicio_visualizacion":null,"minutos_inicio_visualizacion":null,"fecha_final_destacado":null,"hora_final_visualizacion":null,"minutos_final_visualizacion":null,"posicion_visualizacion":null,"estado_destacado":null,"niveles_destacados":null,"url_del_enlace":null,"banner_destacado":null,"posicion_visualizacion_de_la_noticia":null,"estado_noticia":null,"fecha_de_inicio_de_visualizacion_del_tutorial":null,"hora_inicio_visualizacion_tutorial":null,"minutos_inicio_visualizacion_tutorial":null,"fecha_de_final_de_visualizacion_del_tutorial":null,"hora_final_visualizacion_tutorial":null,"minutos_final_visualizacion_tutorial":null,"numero_de_veces_visto":null,"numero_de_veces_total":null,"niveles_tutorial":null,"tutorial_recursos_castellano":null,"tutorial_recursos_catalan":null,"dias_disponibles":null,"dias_de_la_semana":null,"dias_del_mes":null,"other_lang_post_id":null,"lang":"ca","campanya_descripcion":null,"campanya_fecha_inicio":null,"campanya_fecha_fin":null,"campanya_legales":null,"campanya_imagen":null,"campanya_characteristics":null,"campanya_url":null,"campanya_posicion_visualizacion":null,"campanya_estado":null,"_links":{"self":[{"href":"https:\/\/www.ametllerorigenwp.com\/ca\/wp-json\/wp\/v2\/posts\/4891","targetHints":{"allow":["GET"]}}],"collection":[{"href":"https:\/\/www.ametllerorigenwp.com\/ca\/wp-json\/wp\/v2\/posts"}],"about":[{"href":"https:\/\/www.ametllerorigenwp.com\/ca\/wp-json\/wp\/v2\/types\/post"}],"author":[{"embeddable":true,"href":"https:\/\/www.ametllerorigenwp.com\/ca\/wp-json\/wp\/v2\/users\/3"}],"replies":[{"embeddable":true,"href":"https:\/\/www.ametllerorigenwp.com\/ca\/wp-json\/wp\/v2\/comments?post=4891"}],"version-history":[{"count":1,"href":"https:\/\/www.ametllerorigenwp.com\/ca\/wp-json\/wp\/v2\/posts\/4891\/revisions"}],"predecessor-version":[{"id":4894,"href":"https:\/\/www.ametllerorigenwp.com\/ca\/wp-json\/wp\/v2\/posts\/4891\/revisions\/4894"}],"wp:featuredmedia":[{"embeddable":true,"href":"https:\/\/www.ametllerorigenwp.com\/ca\/wp-json\/wp\/v2\/media\/4892"}],"wp:attachment":[{"href":"https:\/\/www.ametllerorigenwp.com\/ca\/wp-json\/wp\/v2\/media?parent=4891"}],"wp:term":[{"taxonomy":"category","embeddable":true,"href":"https:\/\/www.ametllerorigenwp.com\/ca\/wp-json\/wp\/v2\/categories?post=4891"},{"taxonomy":"post_tag","embeddable":true,"href":"https:\/\/www.ametllerorigenwp.com\/ca\/wp-json\/wp\/v2\/tags?post=4891"}],"curies":[{"name":"wp","href":"https:\/\/api.w.org\/{rel}","templated":true}]}}