{"id":4953,"date":"2022-03-20T20:27:07","date_gmt":"2022-03-20T20:27:07","guid":{"rendered":"https:\/\/www.ametllerorigenwp.com\/?p=4953"},"modified":"2022-03-21T16:10:19","modified_gmt":"2022-03-21T16:10:19","slug":"els-nabius-una-fruita-amb-gran-capacitat-antioxidant","status":"publish","type":"post","link":"https:\/\/www.ametllerorigenwp.com\/ca\/els-nabius-una-fruita-amb-gran-capacitat-antioxidant\/","title":{"rendered":"Els nabius, una fruita amb gran capacitat antioxidant"},"content":{"rendered":"\n<p>Aquesta petita fruita \u00e9s una <strong>gran font d\u2019antioxidants que t\u2019ajuden a mantenir les teves c\u00e8l\u00b7lules joves i, per tant, evitar-ne l\u2019envelliment<\/strong>. A m\u00e9s, <strong>protegeixen sobre determinades malalties cardiovasculars i d\u2019alguns tipus de c\u00e0ncer<\/strong>. Tanmateix, s\u00f3n molt <strong>rics en fibra<\/strong>, que ajuden al teu tr\u00e0nsit intestinal, <strong>minerals com el potassi i el magnesi i vitamines C i E<\/strong>.<\/p>\n\n\n\n<p>Els <a href=\"https:\/\/www.ametllerorigen.com\/ca\/nabius-safata-500g\/p\">nabius<\/a> s\u00f3n ideals per <strong>menjar sols<\/strong>, i tamb\u00e9 <strong>dins d\u2019amanides o amb un iogurt<\/strong>. Pots animar-te a <strong>preparar tamb\u00e9 un batut o una melmelada<\/strong>. Gaudeix-los i beneficia\u2019t de totes les seves propietats!<\/p>\n","protected":false},"excerpt":{"rendered":"<p>Aquesta petita fruita \u00e9s una gran font d\u2019antioxidants que t\u2019ajuden a mantenir les teves c\u00e8l\u00b7lules joves i, per tant, evitar-ne l\u2019envelliment. A m\u00e9s, protegeixen sobre determinades malalties cardiovasculars i d\u2019alguns tipus de c\u00e0ncer. Tanmateix, s\u00f3n molt rics en fibra, que ajuden al teu tr\u00e0nsit intestinal, minerals com el potassi i el magnesi i vitamines C &hellip; <a href=\"https:\/\/www.ametllerorigenwp.com\/ca\/els-nabius-una-fruita-amb-gran-capacitat-antioxidant\/\" class=\"more-link\">Continua llegint <span class=\"screen-reader-text\">\u00abEls nabius, una fruita amb gran capacitat antioxidant\u00bb<\/span><\/a><\/p>\n","protected":false},"author":3,"featured_media":4954,"comment_status":"open","ping_status":"open","sticky":false,"template":"","format":"standard","meta":{"_uag_custom_page_level_css":"","advgb_blocks_editor_width":"","advgb_blocks_columns_visual_guide":"","footnotes":""},"categories":[2],"tags":[],"class_list":["post-4953","post","type-post","status-publish","format-standard","has-post-thumbnail","hentry","category-noticies"],"author_meta":{"display_name":"Ametller Origen","author_link":"https:\/\/www.ametllerorigenwp.com\/ca\/author\/ao_editor\/"},"featured_img":"https:\/\/www.ametllerorigenwp.com\/wp-content\/uploads\/2022\/03\/Nuevo-proyecto-59-300x102.jpg","uagb_featured_image_src":{"full":["https:\/\/www.ametllerorigenwp.com\/wp-content\/uploads\/2022\/03\/Nuevo-proyecto-59.jpg",1000,340,false],"thumbnail":["https:\/\/www.ametllerorigenwp.com\/wp-content\/uploads\/2022\/03\/Nuevo-proyecto-59-150x150.jpg",150,150,true],"medium":["https:\/\/www.ametllerorigenwp.com\/wp-content\/uploads\/2022\/03\/Nuevo-proyecto-59-300x102.jpg",300,102,true],"medium_large":["https:\/\/www.ametllerorigenwp.com\/wp-content\/uploads\/2022\/03\/Nuevo-proyecto-59-768x261.jpg",768,261,true],"large":["https:\/\/www.ametllerorigenwp.com\/wp-content\/uploads\/2022\/03\/Nuevo-proyecto-59.jpg",840,286,false],"1536x1536":["https:\/\/www.ametllerorigenwp.com\/wp-content\/uploads\/2022\/03\/Nuevo-proyecto-59.jpg",1000,340,false],"2048x2048":["https:\/\/www.ametllerorigenwp.com\/wp-content\/uploads\/2022\/03\/Nuevo-proyecto-59.jpg",1000,340,false],"post-thumbnail":["https:\/\/www.ametllerorigenwp.com\/wp-content\/uploads\/2022\/03\/Nuevo-proyecto-59.jpg",1000,340,false]},"uagb_author_info":{"display_name":"Ametller Origen","author_link":"https:\/\/www.ametllerorigenwp.com\/ca\/author\/ao_editor\/"},"uagb_comment_info":0,"uagb_excerpt":"Aquesta petita fruita \u00e9s una gran font d\u2019antioxidants que t\u2019ajuden a mantenir les teves c\u00e8l\u00b7lules joves i, per tant, evitar-ne l\u2019envelliment. A m\u00e9s, protegeixen sobre determinades malalties cardiovasculars i d\u2019alguns tipus de c\u00e0ncer. Tanmateix, s\u00f3n molt rics en fibra, que ajuden al teu tr\u00e0nsit intestinal, minerals com el potassi i el magnesi i vitamines C&hellip;","coauthors":[],"tax_additional":{"categories":{"linked":["<a href=\"https:\/\/www.ametllerorigenwp.com\/ca\/category\/noticies\/\" class=\"advgb-post-tax-term\">Noticies<\/a>"],"unlinked":["<span class=\"advgb-post-tax-term\">Noticies<\/span>"]}},"comment_count":"0","relative_dates":{"created":"Posted 4 anys ago","modified":"Updated 4 anys ago"},"absolute_dates":{"created":"Posted on 20 de mar\u00e7 de 2022","modified":"Updated on 21 de mar\u00e7 de 2022"},"absolute_dates_time":{"created":"Posted on 20 de mar\u00e7 de 2022 20:27","modified":"Updated on 21 de mar\u00e7 de 2022 16:10"},"featured_img_caption":"","series_order":"","show_in_app":true,"fecha_inicio_destacado":null,"hora_inicio_visualizacion":null,"minutos_inicio_visualizacion":null,"fecha_final_destacado":null,"hora_final_visualizacion":null,"minutos_final_visualizacion":null,"posicion_visualizacion":null,"estado_destacado":null,"niveles_destacados":null,"url_del_enlace":null,"banner_destacado":null,"posicion_visualizacion_de_la_noticia":null,"estado_noticia":null,"fecha_de_inicio_de_visualizacion_del_tutorial":null,"hora_inicio_visualizacion_tutorial":null,"minutos_inicio_visualizacion_tutorial":null,"fecha_de_final_de_visualizacion_del_tutorial":null,"hora_final_visualizacion_tutorial":null,"minutos_final_visualizacion_tutorial":null,"numero_de_veces_visto":null,"numero_de_veces_total":null,"niveles_tutorial":null,"tutorial_recursos_castellano":null,"tutorial_recursos_catalan":null,"dias_disponibles":null,"dias_de_la_semana":null,"dias_del_mes":null,"other_lang_post_id":null,"lang":"ca","campanya_descripcion":null,"campanya_fecha_inicio":null,"campanya_fecha_fin":null,"campanya_legales":null,"campanya_imagen":null,"campanya_characteristics":null,"campanya_url":null,"campanya_posicion_visualizacion":null,"campanya_estado":null,"_links":{"self":[{"href":"https:\/\/www.ametllerorigenwp.com\/ca\/wp-json\/wp\/v2\/posts\/4953","targetHints":{"allow":["GET"]}}],"collection":[{"href":"https:\/\/www.ametllerorigenwp.com\/ca\/wp-json\/wp\/v2\/posts"}],"about":[{"href":"https:\/\/www.ametllerorigenwp.com\/ca\/wp-json\/wp\/v2\/types\/post"}],"author":[{"embeddable":true,"href":"https:\/\/www.ametllerorigenwp.com\/ca\/wp-json\/wp\/v2\/users\/3"}],"replies":[{"embeddable":true,"href":"https:\/\/www.ametllerorigenwp.com\/ca\/wp-json\/wp\/v2\/comments?post=4953"}],"version-history":[{"count":2,"href":"https:\/\/www.ametllerorigenwp.com\/ca\/wp-json\/wp\/v2\/posts\/4953\/revisions"}],"predecessor-version":[{"id":4957,"href":"https:\/\/www.ametllerorigenwp.com\/ca\/wp-json\/wp\/v2\/posts\/4953\/revisions\/4957"}],"wp:featuredmedia":[{"embeddable":true,"href":"https:\/\/www.ametllerorigenwp.com\/ca\/wp-json\/wp\/v2\/media\/4954"}],"wp:attachment":[{"href":"https:\/\/www.ametllerorigenwp.com\/ca\/wp-json\/wp\/v2\/media?parent=4953"}],"wp:term":[{"taxonomy":"category","embeddable":true,"href":"https:\/\/www.ametllerorigenwp.com\/ca\/wp-json\/wp\/v2\/categories?post=4953"},{"taxonomy":"post_tag","embeddable":true,"href":"https:\/\/www.ametllerorigenwp.com\/ca\/wp-json\/wp\/v2\/tags?post=4953"}],"curies":[{"name":"wp","href":"https:\/\/api.w.org\/{rel}","templated":true}]}}