{"id":4963,"date":"2022-03-21T16:05:50","date_gmt":"2022-03-21T16:05:50","guid":{"rendered":"https:\/\/www.ametllerorigenwp.com\/?p=4963"},"modified":"2022-03-21T16:10:12","modified_gmt":"2022-03-21T16:10:12","slug":"explorador-de-formatges-aquesta-es-la-teva-setmana","status":"publish","type":"post","link":"https:\/\/www.ametllerorigenwp.com\/ca\/explorador-de-formatges-aquesta-es-la-teva-setmana\/","title":{"rendered":"Explorador de formatges: aquesta \u00e9s la teva setmana!"},"content":{"rendered":"\n<p>Quin \u00e9s el teu formatge preferit? Frescos, cremosos, semicurats, curats, de vaca, d\u2019ovella, de cabra&#8230; les possibilitats s\u00f3n infinites. <strong>Coincidint amb el Dia Internacional del Formatge, que se celebra aquest diumenge 27, aquesta setmana et convidem a gaudir de <a href=\"https:\/\/www.ametllerorigen.com\/ca\/Lactics-i-ous\/Formatges\/Formatges-d-Autor\">la gran varietat de formatges que tenim<\/a> i a preparar la teva pr\u00f2pia taula<\/strong> afegint-hi fruita fresca de temporada, confitures casolanes, fruita seca i herbes arom\u00e0tiques. I estigues atent al nostre Instagram, perqu\u00e8 tenim una sorpresa preparada!<\/p>\n\n\n\n<p>Si vols saber quins s\u00f3n els 10 formatges m\u00e9s populars del m\u00f3n, no et perdis aquest <a href=\"https:\/\/www.ametllerorigen.com\/ca\/blog\/els-10-tipus-de-formatges-mes-coneguts\">article<\/a> del blog.<\/p>\n","protected":false},"excerpt":{"rendered":"<p>Quin \u00e9s el teu formatge preferit? Frescos, cremosos, semicurats, curats, de vaca, d\u2019ovella, de cabra&#8230; les possibilitats s\u00f3n infinites. Coincidint amb el Dia Internacional del Formatge, que se celebra aquest diumenge 27, aquesta setmana et convidem a gaudir de la gran varietat de formatges que tenim i a preparar la teva pr\u00f2pia taula afegint-hi fruita &hellip; <a href=\"https:\/\/www.ametllerorigenwp.com\/ca\/explorador-de-formatges-aquesta-es-la-teva-setmana\/\" class=\"more-link\">Continua llegint <span class=\"screen-reader-text\">\u00abExplorador de formatges: aquesta \u00e9s la teva setmana!\u00bb<\/span><\/a><\/p>\n","protected":false},"author":3,"featured_media":4964,"comment_status":"open","ping_status":"open","sticky":false,"template":"","format":"standard","meta":{"_uag_custom_page_level_css":"","advgb_blocks_editor_width":"","advgb_blocks_columns_visual_guide":"","footnotes":""},"categories":[2],"tags":[],"class_list":["post-4963","post","type-post","status-publish","format-standard","has-post-thumbnail","hentry","category-noticies"],"author_meta":{"display_name":"Ametller Origen","author_link":"https:\/\/www.ametllerorigenwp.com\/ca\/author\/ao_editor\/"},"featured_img":"https:\/\/www.ametllerorigenwp.com\/wp-content\/uploads\/2022\/03\/Formatges_app-300x102.jpg","uagb_featured_image_src":{"full":["https:\/\/www.ametllerorigenwp.com\/wp-content\/uploads\/2022\/03\/Formatges_app.jpg",1000,340,false],"thumbnail":["https:\/\/www.ametllerorigenwp.com\/wp-content\/uploads\/2022\/03\/Formatges_app-150x150.jpg",150,150,true],"medium":["https:\/\/www.ametllerorigenwp.com\/wp-content\/uploads\/2022\/03\/Formatges_app-300x102.jpg",300,102,true],"medium_large":["https:\/\/www.ametllerorigenwp.com\/wp-content\/uploads\/2022\/03\/Formatges_app-768x261.jpg",768,261,true],"large":["https:\/\/www.ametllerorigenwp.com\/wp-content\/uploads\/2022\/03\/Formatges_app.jpg",840,286,false],"1536x1536":["https:\/\/www.ametllerorigenwp.com\/wp-content\/uploads\/2022\/03\/Formatges_app.jpg",1000,340,false],"2048x2048":["https:\/\/www.ametllerorigenwp.com\/wp-content\/uploads\/2022\/03\/Formatges_app.jpg",1000,340,false],"post-thumbnail":["https:\/\/www.ametllerorigenwp.com\/wp-content\/uploads\/2022\/03\/Formatges_app.jpg",1000,340,false]},"uagb_author_info":{"display_name":"Ametller Origen","author_link":"https:\/\/www.ametllerorigenwp.com\/ca\/author\/ao_editor\/"},"uagb_comment_info":1,"uagb_excerpt":"Quin \u00e9s el teu formatge preferit? Frescos, cremosos, semicurats, curats, de vaca, d\u2019ovella, de cabra&#8230; les possibilitats s\u00f3n infinites. Coincidint amb el Dia Internacional del Formatge, que se celebra aquest diumenge 27, aquesta setmana et convidem a gaudir de la gran varietat de formatges que tenim i a preparar la teva pr\u00f2pia taula afegint-hi fruita&hellip;","coauthors":[],"tax_additional":{"categories":{"linked":["<a href=\"https:\/\/www.ametllerorigenwp.com\/ca\/category\/noticies\/\" class=\"advgb-post-tax-term\">Noticies<\/a>"],"unlinked":["<span class=\"advgb-post-tax-term\">Noticies<\/span>"]}},"comment_count":"0","relative_dates":{"created":"Posted 4 anys ago","modified":"Updated 4 anys ago"},"absolute_dates":{"created":"Posted on 21 de mar\u00e7 de 2022","modified":"Updated on 21 de mar\u00e7 de 2022"},"absolute_dates_time":{"created":"Posted on 21 de mar\u00e7 de 2022 16:05","modified":"Updated on 21 de mar\u00e7 de 2022 16:10"},"featured_img_caption":"","series_order":"","show_in_app":true,"fecha_inicio_destacado":null,"hora_inicio_visualizacion":null,"minutos_inicio_visualizacion":null,"fecha_final_destacado":null,"hora_final_visualizacion":null,"minutos_final_visualizacion":null,"posicion_visualizacion":null,"estado_destacado":null,"niveles_destacados":null,"url_del_enlace":null,"banner_destacado":null,"posicion_visualizacion_de_la_noticia":null,"estado_noticia":null,"fecha_de_inicio_de_visualizacion_del_tutorial":null,"hora_inicio_visualizacion_tutorial":null,"minutos_inicio_visualizacion_tutorial":null,"fecha_de_final_de_visualizacion_del_tutorial":null,"hora_final_visualizacion_tutorial":null,"minutos_final_visualizacion_tutorial":null,"numero_de_veces_visto":null,"numero_de_veces_total":null,"niveles_tutorial":null,"tutorial_recursos_castellano":null,"tutorial_recursos_catalan":null,"dias_disponibles":null,"dias_de_la_semana":null,"dias_del_mes":null,"other_lang_post_id":null,"lang":"ca","campanya_descripcion":null,"campanya_fecha_inicio":null,"campanya_fecha_fin":null,"campanya_legales":null,"campanya_imagen":null,"campanya_characteristics":null,"campanya_url":null,"campanya_posicion_visualizacion":null,"campanya_estado":null,"_links":{"self":[{"href":"https:\/\/www.ametllerorigenwp.com\/ca\/wp-json\/wp\/v2\/posts\/4963","targetHints":{"allow":["GET"]}}],"collection":[{"href":"https:\/\/www.ametllerorigenwp.com\/ca\/wp-json\/wp\/v2\/posts"}],"about":[{"href":"https:\/\/www.ametllerorigenwp.com\/ca\/wp-json\/wp\/v2\/types\/post"}],"author":[{"embeddable":true,"href":"https:\/\/www.ametllerorigenwp.com\/ca\/wp-json\/wp\/v2\/users\/3"}],"replies":[{"embeddable":true,"href":"https:\/\/www.ametllerorigenwp.com\/ca\/wp-json\/wp\/v2\/comments?post=4963"}],"version-history":[{"count":2,"href":"https:\/\/www.ametllerorigenwp.com\/ca\/wp-json\/wp\/v2\/posts\/4963\/revisions"}],"predecessor-version":[{"id":4967,"href":"https:\/\/www.ametllerorigenwp.com\/ca\/wp-json\/wp\/v2\/posts\/4963\/revisions\/4967"}],"wp:featuredmedia":[{"embeddable":true,"href":"https:\/\/www.ametllerorigenwp.com\/ca\/wp-json\/wp\/v2\/media\/4964"}],"wp:attachment":[{"href":"https:\/\/www.ametllerorigenwp.com\/ca\/wp-json\/wp\/v2\/media?parent=4963"}],"wp:term":[{"taxonomy":"category","embeddable":true,"href":"https:\/\/www.ametllerorigenwp.com\/ca\/wp-json\/wp\/v2\/categories?post=4963"},{"taxonomy":"post_tag","embeddable":true,"href":"https:\/\/www.ametllerorigenwp.com\/ca\/wp-json\/wp\/v2\/tags?post=4963"}],"curies":[{"name":"wp","href":"https:\/\/api.w.org\/{rel}","templated":true}]}}