{"id":4972,"date":"2022-03-22T17:10:48","date_gmt":"2022-03-22T17:10:48","guid":{"rendered":"https:\/\/www.ametllerorigenwp.com\/?p=4972"},"modified":"2022-03-22T17:11:33","modified_gmt":"2022-03-22T17:11:33","slug":"tabule-de-coliflor-et-sorprendra","status":"publish","type":"post","link":"https:\/\/www.ametllerorigenwp.com\/ca\/tabule-de-coliflor-et-sorprendra\/","title":{"rendered":"Tabule de coliflor: et sorprendr\u00e0!"},"content":{"rendered":"\n<p><strong>T\u2019atreveixes a preparar un <a href=\"https:\/\/www.instagram.com\/tv\/CbVmOf3oZC2\/\">tabule de coliflor<\/a><\/strong>? Encetem la primavera amb aquesta <strong>recepta deliciosa, s\u00fapersenzilla i plena de vitamines i colors<\/strong>. \u00c9s molt f\u00e0cil de preparar, <strong>nom\u00e9s has de ratllar les verdures que m\u00e9s t\u2019agradin per acompanyar la coliflor i serveix-les amb fulles d\u2019enciam<\/strong>.<\/p>\n\n\n\n<p>Una recepta saludable per al dia a dia o com a entrant per sorprendre els teus comensals!<\/p>\n","protected":false},"excerpt":{"rendered":"<p>T\u2019atreveixes a preparar un tabule de coliflor? Encetem la primavera amb aquesta recepta deliciosa, s\u00fapersenzilla i plena de vitamines i colors. \u00c9s molt f\u00e0cil de preparar, nom\u00e9s has de ratllar les verdures que m\u00e9s t\u2019agradin per acompanyar la coliflor i serveix-les amb fulles d\u2019enciam. Una recepta saludable per al dia a dia o com a &hellip; <a href=\"https:\/\/www.ametllerorigenwp.com\/ca\/tabule-de-coliflor-et-sorprendra\/\" class=\"more-link\">Continua llegint <span class=\"screen-reader-text\">\u00abTabule de coliflor: et sorprendr\u00e0!\u00bb<\/span><\/a><\/p>\n","protected":false},"author":3,"featured_media":4973,"comment_status":"open","ping_status":"open","sticky":false,"template":"","format":"standard","meta":{"_uag_custom_page_level_css":"","advgb_blocks_editor_width":"","advgb_blocks_columns_visual_guide":"","footnotes":""},"categories":[2],"tags":[],"class_list":["post-4972","post","type-post","status-publish","format-standard","has-post-thumbnail","hentry","category-noticies"],"author_meta":{"display_name":"Ametller Origen","author_link":"https:\/\/www.ametllerorigenwp.com\/ca\/author\/ao_editor\/"},"featured_img":"https:\/\/www.ametllerorigenwp.com\/wp-content\/uploads\/2022\/03\/cuscus_app-3-300x102.jpg","uagb_featured_image_src":{"full":["https:\/\/www.ametllerorigenwp.com\/wp-content\/uploads\/2022\/03\/cuscus_app-3.jpg",1000,340,false],"thumbnail":["https:\/\/www.ametllerorigenwp.com\/wp-content\/uploads\/2022\/03\/cuscus_app-3-150x150.jpg",150,150,true],"medium":["https:\/\/www.ametllerorigenwp.com\/wp-content\/uploads\/2022\/03\/cuscus_app-3-300x102.jpg",300,102,true],"medium_large":["https:\/\/www.ametllerorigenwp.com\/wp-content\/uploads\/2022\/03\/cuscus_app-3-768x261.jpg",768,261,true],"large":["https:\/\/www.ametllerorigenwp.com\/wp-content\/uploads\/2022\/03\/cuscus_app-3.jpg",840,286,false],"1536x1536":["https:\/\/www.ametllerorigenwp.com\/wp-content\/uploads\/2022\/03\/cuscus_app-3.jpg",1000,340,false],"2048x2048":["https:\/\/www.ametllerorigenwp.com\/wp-content\/uploads\/2022\/03\/cuscus_app-3.jpg",1000,340,false],"post-thumbnail":["https:\/\/www.ametllerorigenwp.com\/wp-content\/uploads\/2022\/03\/cuscus_app-3.jpg",1000,340,false]},"uagb_author_info":{"display_name":"Ametller Origen","author_link":"https:\/\/www.ametllerorigenwp.com\/ca\/author\/ao_editor\/"},"uagb_comment_info":0,"uagb_excerpt":"T\u2019atreveixes a preparar un tabule de coliflor? Encetem la primavera amb aquesta recepta deliciosa, s\u00fapersenzilla i plena de vitamines i colors. \u00c9s molt f\u00e0cil de preparar, nom\u00e9s has de ratllar les verdures que m\u00e9s t\u2019agradin per acompanyar la coliflor i serveix-les amb fulles d\u2019enciam. Una recepta saludable per al dia a dia o com a&hellip;","coauthors":[],"tax_additional":{"categories":{"linked":["<a href=\"https:\/\/www.ametllerorigenwp.com\/ca\/category\/noticies\/\" class=\"advgb-post-tax-term\">Noticies<\/a>"],"unlinked":["<span class=\"advgb-post-tax-term\">Noticies<\/span>"]}},"comment_count":"0","relative_dates":{"created":"Posted 4 anys ago","modified":"Updated 4 anys ago"},"absolute_dates":{"created":"Posted on 22 de mar\u00e7 de 2022","modified":"Updated on 22 de mar\u00e7 de 2022"},"absolute_dates_time":{"created":"Posted on 22 de mar\u00e7 de 2022 17:10","modified":"Updated on 22 de mar\u00e7 de 2022 17:11"},"featured_img_caption":"","series_order":"","show_in_app":true,"fecha_inicio_destacado":null,"hora_inicio_visualizacion":null,"minutos_inicio_visualizacion":null,"fecha_final_destacado":null,"hora_final_visualizacion":null,"minutos_final_visualizacion":null,"posicion_visualizacion":null,"estado_destacado":null,"niveles_destacados":null,"url_del_enlace":null,"banner_destacado":null,"posicion_visualizacion_de_la_noticia":null,"estado_noticia":null,"fecha_de_inicio_de_visualizacion_del_tutorial":null,"hora_inicio_visualizacion_tutorial":null,"minutos_inicio_visualizacion_tutorial":null,"fecha_de_final_de_visualizacion_del_tutorial":null,"hora_final_visualizacion_tutorial":null,"minutos_final_visualizacion_tutorial":null,"numero_de_veces_visto":null,"numero_de_veces_total":null,"niveles_tutorial":null,"tutorial_recursos_castellano":null,"tutorial_recursos_catalan":null,"dias_disponibles":null,"dias_de_la_semana":null,"dias_del_mes":null,"other_lang_post_id":null,"lang":"ca","campanya_descripcion":null,"campanya_fecha_inicio":null,"campanya_fecha_fin":null,"campanya_legales":null,"campanya_imagen":null,"campanya_characteristics":null,"campanya_url":null,"campanya_posicion_visualizacion":null,"campanya_estado":null,"_links":{"self":[{"href":"https:\/\/www.ametllerorigenwp.com\/ca\/wp-json\/wp\/v2\/posts\/4972","targetHints":{"allow":["GET"]}}],"collection":[{"href":"https:\/\/www.ametllerorigenwp.com\/ca\/wp-json\/wp\/v2\/posts"}],"about":[{"href":"https:\/\/www.ametllerorigenwp.com\/ca\/wp-json\/wp\/v2\/types\/post"}],"author":[{"embeddable":true,"href":"https:\/\/www.ametllerorigenwp.com\/ca\/wp-json\/wp\/v2\/users\/3"}],"replies":[{"embeddable":true,"href":"https:\/\/www.ametllerorigenwp.com\/ca\/wp-json\/wp\/v2\/comments?post=4972"}],"version-history":[{"count":2,"href":"https:\/\/www.ametllerorigenwp.com\/ca\/wp-json\/wp\/v2\/posts\/4972\/revisions"}],"predecessor-version":[{"id":4976,"href":"https:\/\/www.ametllerorigenwp.com\/ca\/wp-json\/wp\/v2\/posts\/4972\/revisions\/4976"}],"wp:featuredmedia":[{"embeddable":true,"href":"https:\/\/www.ametllerorigenwp.com\/ca\/wp-json\/wp\/v2\/media\/4973"}],"wp:attachment":[{"href":"https:\/\/www.ametllerorigenwp.com\/ca\/wp-json\/wp\/v2\/media?parent=4972"}],"wp:term":[{"taxonomy":"category","embeddable":true,"href":"https:\/\/www.ametllerorigenwp.com\/ca\/wp-json\/wp\/v2\/categories?post=4972"},{"taxonomy":"post_tag","embeddable":true,"href":"https:\/\/www.ametllerorigenwp.com\/ca\/wp-json\/wp\/v2\/tags?post=4972"}],"curies":[{"name":"wp","href":"https:\/\/api.w.org\/{rel}","templated":true}]}}