{"id":4980,"date":"2022-03-23T18:18:03","date_gmt":"2022-03-23T18:18:03","guid":{"rendered":"https:\/\/www.ametllerorigenwp.com\/?p=4980"},"modified":"2022-03-23T18:31:10","modified_gmt":"2022-03-23T18:31:10","slug":"com-preparar-un-berenar-saludable-per-als-teus-fills-no-et-perdis-aquest-taller","status":"publish","type":"post","link":"https:\/\/www.ametllerorigenwp.com\/ca\/com-preparar-un-berenar-saludable-per-als-teus-fills-no-et-perdis-aquest-taller\/","title":{"rendered":"Com preparar un berenar saludable per als teus fills? No et perdis aquest taller!"},"content":{"rendered":"\n<p>El <strong>berenar \u00e9s un \u00e0pat igual d\u2019important per als m\u00e9s petits com ho s\u00f3n l\u2019esmorzar, el dinar o el sopar<\/strong>. \u00c9s per aix\u00f2 que cal donar-los <strong>berenars saludables i plens de nutrients<\/strong>. De la m\u00e0 de <strong>Dra. Eul\u00e0lia Vidal<\/strong>, coordinadora del consell assessor de salut d\u2019Ametller Origen, <strong>Cristina Gonz\u00e1lez-Campins<\/strong>, periodista i m\u00e0ster en nutrici\u00f3 i salut, hem organitzat <strong>un taller el proper dimarts 29 de mar\u00e7 a les 18h<\/strong> (Ametller Origen Mercat d\u2019Autors, C\/ Berl\u00edn, 53 Barcelona) <strong>on t\u2019explicarem per qu\u00e8 \u00e9s tan rellevant aquest \u00e0pat i qu\u00e8 els podem oferir als m\u00e9s petits<\/strong>.<\/p>\n\n\n\n<p>Posteriorment, amb <strong>el cuiner Cintet preparem tres receptes senzilles, delicioses i saludables<\/strong> per als teus fills, nebots o nets, perqu\u00e8 despr\u00e9s les puguis posar en pr\u00e0ctica a casa.<\/p>\n\n\n\n<p><strong><a href=\"https:\/\/www.femcami.org\/ca\/esdeveniment\/masterclass-com-fer-un-berenar-saludable-pels-teus-fills\/\">Apunta-t\u2019hi<\/a>!<\/strong><\/p>\n","protected":false},"excerpt":{"rendered":"<p>El berenar \u00e9s un \u00e0pat igual d\u2019important per als m\u00e9s petits com ho s\u00f3n l\u2019esmorzar, el dinar o el sopar. \u00c9s per aix\u00f2 que cal donar-los berenars saludables i plens de nutrients. De la m\u00e0 de Dra. Eul\u00e0lia Vidal, coordinadora del consell assessor de salut d\u2019Ametller Origen, Cristina Gonz\u00e1lez-Campins, periodista i m\u00e0ster en nutrici\u00f3 i &hellip; <a href=\"https:\/\/www.ametllerorigenwp.com\/ca\/com-preparar-un-berenar-saludable-per-als-teus-fills-no-et-perdis-aquest-taller\/\" class=\"more-link\">Continua llegint <span class=\"screen-reader-text\">\u00abCom preparar un berenar saludable per als teus fills? No et perdis aquest taller!\u00bb<\/span><\/a><\/p>\n","protected":false},"author":5,"featured_media":4981,"comment_status":"open","ping_status":"open","sticky":false,"template":"","format":"standard","meta":{"_uag_custom_page_level_css":"","advgb_blocks_editor_width":"","advgb_blocks_columns_visual_guide":"","footnotes":""},"categories":[2],"tags":[],"class_list":["post-4980","post","type-post","status-publish","format-standard","has-post-thumbnail","hentry","category-noticies"],"author_meta":{"display_name":"Mireia Zaragoza","author_link":"https:\/\/www.ametllerorigenwp.com\/ca\/author\/mzaragoza\/"},"featured_img":"https:\/\/www.ametllerorigenwp.com\/wp-content\/uploads\/2022\/03\/Nuevo-proyecto-60-300x102.jpg","uagb_featured_image_src":{"full":["https:\/\/www.ametllerorigenwp.com\/wp-content\/uploads\/2022\/03\/Nuevo-proyecto-60.jpg",1000,340,false],"thumbnail":["https:\/\/www.ametllerorigenwp.com\/wp-content\/uploads\/2022\/03\/Nuevo-proyecto-60-150x150.jpg",150,150,true],"medium":["https:\/\/www.ametllerorigenwp.com\/wp-content\/uploads\/2022\/03\/Nuevo-proyecto-60-300x102.jpg",300,102,true],"medium_large":["https:\/\/www.ametllerorigenwp.com\/wp-content\/uploads\/2022\/03\/Nuevo-proyecto-60-768x261.jpg",768,261,true],"large":["https:\/\/www.ametllerorigenwp.com\/wp-content\/uploads\/2022\/03\/Nuevo-proyecto-60.jpg",840,286,false],"1536x1536":["https:\/\/www.ametllerorigenwp.com\/wp-content\/uploads\/2022\/03\/Nuevo-proyecto-60.jpg",1000,340,false],"2048x2048":["https:\/\/www.ametllerorigenwp.com\/wp-content\/uploads\/2022\/03\/Nuevo-proyecto-60.jpg",1000,340,false],"post-thumbnail":["https:\/\/www.ametllerorigenwp.com\/wp-content\/uploads\/2022\/03\/Nuevo-proyecto-60.jpg",1000,340,false]},"uagb_author_info":{"display_name":"Mireia Zaragoza","author_link":"https:\/\/www.ametllerorigenwp.com\/ca\/author\/mzaragoza\/"},"uagb_comment_info":1,"uagb_excerpt":"El berenar \u00e9s un \u00e0pat igual d\u2019important per als m\u00e9s petits com ho s\u00f3n l\u2019esmorzar, el dinar o el sopar. \u00c9s per aix\u00f2 que cal donar-los berenars saludables i plens de nutrients. De la m\u00e0 de Dra. Eul\u00e0lia Vidal, coordinadora del consell assessor de salut d\u2019Ametller Origen, Cristina Gonz\u00e1lez-Campins, periodista i m\u00e0ster en nutrici\u00f3 i&hellip;","coauthors":[],"tax_additional":{"categories":{"linked":["<a href=\"https:\/\/www.ametllerorigenwp.com\/ca\/category\/noticies\/\" class=\"advgb-post-tax-term\">Noticies<\/a>"],"unlinked":["<span class=\"advgb-post-tax-term\">Noticies<\/span>"]}},"comment_count":"0","relative_dates":{"created":"Posted 4 anys ago","modified":"Updated 4 anys ago"},"absolute_dates":{"created":"Posted on 23 de mar\u00e7 de 2022","modified":"Updated on 23 de mar\u00e7 de 2022"},"absolute_dates_time":{"created":"Posted on 23 de mar\u00e7 de 2022 18:18","modified":"Updated on 23 de mar\u00e7 de 2022 18:31"},"featured_img_caption":"","series_order":"","show_in_app":true,"fecha_inicio_destacado":null,"hora_inicio_visualizacion":null,"minutos_inicio_visualizacion":null,"fecha_final_destacado":null,"hora_final_visualizacion":null,"minutos_final_visualizacion":null,"posicion_visualizacion":null,"estado_destacado":null,"niveles_destacados":null,"url_del_enlace":null,"banner_destacado":null,"posicion_visualizacion_de_la_noticia":null,"estado_noticia":null,"fecha_de_inicio_de_visualizacion_del_tutorial":null,"hora_inicio_visualizacion_tutorial":null,"minutos_inicio_visualizacion_tutorial":null,"fecha_de_final_de_visualizacion_del_tutorial":null,"hora_final_visualizacion_tutorial":null,"minutos_final_visualizacion_tutorial":null,"numero_de_veces_visto":null,"numero_de_veces_total":null,"niveles_tutorial":null,"tutorial_recursos_castellano":null,"tutorial_recursos_catalan":null,"dias_disponibles":null,"dias_de_la_semana":null,"dias_del_mes":null,"other_lang_post_id":null,"lang":"ca","campanya_descripcion":null,"campanya_fecha_inicio":null,"campanya_fecha_fin":null,"campanya_legales":null,"campanya_imagen":null,"campanya_characteristics":null,"campanya_url":null,"campanya_posicion_visualizacion":null,"campanya_estado":null,"_links":{"self":[{"href":"https:\/\/www.ametllerorigenwp.com\/ca\/wp-json\/wp\/v2\/posts\/4980","targetHints":{"allow":["GET"]}}],"collection":[{"href":"https:\/\/www.ametllerorigenwp.com\/ca\/wp-json\/wp\/v2\/posts"}],"about":[{"href":"https:\/\/www.ametllerorigenwp.com\/ca\/wp-json\/wp\/v2\/types\/post"}],"author":[{"embeddable":true,"href":"https:\/\/www.ametllerorigenwp.com\/ca\/wp-json\/wp\/v2\/users\/5"}],"replies":[{"embeddable":true,"href":"https:\/\/www.ametllerorigenwp.com\/ca\/wp-json\/wp\/v2\/comments?post=4980"}],"version-history":[{"count":4,"href":"https:\/\/www.ametllerorigenwp.com\/ca\/wp-json\/wp\/v2\/posts\/4980\/revisions"}],"predecessor-version":[{"id":4988,"href":"https:\/\/www.ametllerorigenwp.com\/ca\/wp-json\/wp\/v2\/posts\/4980\/revisions\/4988"}],"wp:featuredmedia":[{"embeddable":true,"href":"https:\/\/www.ametllerorigenwp.com\/ca\/wp-json\/wp\/v2\/media\/4981"}],"wp:attachment":[{"href":"https:\/\/www.ametllerorigenwp.com\/ca\/wp-json\/wp\/v2\/media?parent=4980"}],"wp:term":[{"taxonomy":"category","embeddable":true,"href":"https:\/\/www.ametllerorigenwp.com\/ca\/wp-json\/wp\/v2\/categories?post=4980"},{"taxonomy":"post_tag","embeddable":true,"href":"https:\/\/www.ametllerorigenwp.com\/ca\/wp-json\/wp\/v2\/tags?post=4980"}],"curies":[{"name":"wp","href":"https:\/\/api.w.org\/{rel}","templated":true}]}}