{"id":5089,"date":"2022-04-04T19:15:03","date_gmt":"2022-04-04T19:15:03","guid":{"rendered":"https:\/\/www.ametllerorigenwp.com\/?p=5089"},"modified":"2022-04-04T20:17:48","modified_gmt":"2022-04-04T20:17:48","slug":"endevina-quina-fruita-de-temporada-protegim-amb-aquests-iglus-naturals","status":"publish","type":"post","link":"https:\/\/www.ametllerorigenwp.com\/ca\/endevina-quina-fruita-de-temporada-protegim-amb-aquests-iglus-naturals\/","title":{"rendered":"Endevina quina fruita de temporada protegim amb aquests &#8220;igl\u00fas naturals&#8221;"},"content":{"rendered":"\n<p>Saps quina fruita estem protegint amb aquests &#8220;igl\u00fas naturals&#8221;? Amb <strong>la baixada de temperatures <\/strong>d\u2019aquest cap de setmana<strong>, tot l\u2019equip de finques, liderat per Jordi Ametller, est\u00e0 treballant per aconseguir salvar la collita i guanyar la partida al fred<\/strong>. \u00c9s per aix\u00f2, que volem recon\u00e8ixer la seva gran tasca i sacrifici.<\/p>\n\n\n\n<p><strong>Entra al nostre perfil d\u2019<a href=\"https:\/\/www.instagram.com\/p\/Cb5l1b3sxQ3\/\">Instagram<\/a> per veure com estan els arbres fruiters i endevina de quina fruita de temporada parlem<\/strong>. Una pista, fixa\u2019t b\u00e9 en la flor!<\/p>\n\n\n\n<p>Participa-hi, pots guanyar una cistella de fruita setmanal per a tot l\u2019estiu!<\/p>\n","protected":false},"excerpt":{"rendered":"<p>Saps quina fruita estem protegint amb aquests &#8220;igl\u00fas naturals&#8221;? Amb la baixada de temperatures d\u2019aquest cap de setmana, tot l\u2019equip de finques, liderat per Jordi Ametller, est\u00e0 treballant per aconseguir salvar la collita i guanyar la partida al fred. \u00c9s per aix\u00f2, que volem recon\u00e8ixer la seva gran tasca i sacrifici. Entra al nostre perfil &hellip; <a href=\"https:\/\/www.ametllerorigenwp.com\/ca\/endevina-quina-fruita-de-temporada-protegim-amb-aquests-iglus-naturals\/\" class=\"more-link\">Continua llegint <span class=\"screen-reader-text\">\u00abEndevina quina fruita de temporada protegim amb aquests &#8220;igl\u00fas naturals&#8221;\u00bb<\/span><\/a><\/p>\n","protected":false},"author":3,"featured_media":5090,"comment_status":"open","ping_status":"open","sticky":false,"template":"","format":"standard","meta":{"_uag_custom_page_level_css":"","advgb_blocks_editor_width":"","advgb_blocks_columns_visual_guide":"","footnotes":""},"categories":[2],"tags":[],"class_list":["post-5089","post","type-post","status-publish","format-standard","has-post-thumbnail","hentry","category-noticies"],"author_meta":{"display_name":"Ametller Origen","author_link":"https:\/\/www.ametllerorigenwp.com\/ca\/author\/ao_editor\/"},"featured_img":"https:\/\/www.ametllerorigenwp.com\/wp-content\/uploads\/2022\/04\/Nuevo-proyecto-66-300x102.jpg","uagb_featured_image_src":{"full":["https:\/\/www.ametllerorigenwp.com\/wp-content\/uploads\/2022\/04\/Nuevo-proyecto-66.jpg",1000,340,false],"thumbnail":["https:\/\/www.ametllerorigenwp.com\/wp-content\/uploads\/2022\/04\/Nuevo-proyecto-66-150x150.jpg",150,150,true],"medium":["https:\/\/www.ametllerorigenwp.com\/wp-content\/uploads\/2022\/04\/Nuevo-proyecto-66-300x102.jpg",300,102,true],"medium_large":["https:\/\/www.ametllerorigenwp.com\/wp-content\/uploads\/2022\/04\/Nuevo-proyecto-66-768x261.jpg",768,261,true],"large":["https:\/\/www.ametllerorigenwp.com\/wp-content\/uploads\/2022\/04\/Nuevo-proyecto-66.jpg",840,286,false],"1536x1536":["https:\/\/www.ametllerorigenwp.com\/wp-content\/uploads\/2022\/04\/Nuevo-proyecto-66.jpg",1000,340,false],"2048x2048":["https:\/\/www.ametllerorigenwp.com\/wp-content\/uploads\/2022\/04\/Nuevo-proyecto-66.jpg",1000,340,false],"post-thumbnail":["https:\/\/www.ametllerorigenwp.com\/wp-content\/uploads\/2022\/04\/Nuevo-proyecto-66.jpg",1000,340,false]},"uagb_author_info":{"display_name":"Ametller Origen","author_link":"https:\/\/www.ametllerorigenwp.com\/ca\/author\/ao_editor\/"},"uagb_comment_info":0,"uagb_excerpt":"Saps quina fruita estem protegint amb aquests &#8220;igl\u00fas naturals&#8221;? Amb la baixada de temperatures d\u2019aquest cap de setmana, tot l\u2019equip de finques, liderat per Jordi Ametller, est\u00e0 treballant per aconseguir salvar la collita i guanyar la partida al fred. \u00c9s per aix\u00f2, que volem recon\u00e8ixer la seva gran tasca i sacrifici. Entra al nostre perfil&hellip;","coauthors":[],"tax_additional":{"categories":{"linked":["<a href=\"https:\/\/www.ametllerorigenwp.com\/ca\/category\/noticies\/\" class=\"advgb-post-tax-term\">Noticies<\/a>"],"unlinked":["<span class=\"advgb-post-tax-term\">Noticies<\/span>"]}},"comment_count":"0","relative_dates":{"created":"Posted 4 anys ago","modified":"Updated 4 anys ago"},"absolute_dates":{"created":"Posted on 4 d'abril de 2022","modified":"Updated on 4 d'abril de 2022"},"absolute_dates_time":{"created":"Posted on 4 d'abril de 2022 19:15","modified":"Updated on 4 d'abril de 2022 20:17"},"featured_img_caption":"","series_order":"","show_in_app":true,"fecha_inicio_destacado":null,"hora_inicio_visualizacion":null,"minutos_inicio_visualizacion":null,"fecha_final_destacado":null,"hora_final_visualizacion":null,"minutos_final_visualizacion":null,"posicion_visualizacion":null,"estado_destacado":null,"niveles_destacados":null,"url_del_enlace":null,"banner_destacado":null,"posicion_visualizacion_de_la_noticia":null,"estado_noticia":null,"fecha_de_inicio_de_visualizacion_del_tutorial":null,"hora_inicio_visualizacion_tutorial":null,"minutos_inicio_visualizacion_tutorial":null,"fecha_de_final_de_visualizacion_del_tutorial":null,"hora_final_visualizacion_tutorial":null,"minutos_final_visualizacion_tutorial":null,"numero_de_veces_visto":null,"numero_de_veces_total":null,"niveles_tutorial":null,"tutorial_recursos_castellano":null,"tutorial_recursos_catalan":null,"dias_disponibles":null,"dias_de_la_semana":null,"dias_del_mes":null,"other_lang_post_id":null,"lang":"ca","campanya_descripcion":null,"campanya_fecha_inicio":null,"campanya_fecha_fin":null,"campanya_legales":null,"campanya_imagen":null,"campanya_characteristics":null,"campanya_url":null,"campanya_posicion_visualizacion":null,"campanya_estado":null,"_links":{"self":[{"href":"https:\/\/www.ametllerorigenwp.com\/ca\/wp-json\/wp\/v2\/posts\/5089","targetHints":{"allow":["GET"]}}],"collection":[{"href":"https:\/\/www.ametllerorigenwp.com\/ca\/wp-json\/wp\/v2\/posts"}],"about":[{"href":"https:\/\/www.ametllerorigenwp.com\/ca\/wp-json\/wp\/v2\/types\/post"}],"author":[{"embeddable":true,"href":"https:\/\/www.ametllerorigenwp.com\/ca\/wp-json\/wp\/v2\/users\/3"}],"replies":[{"embeddable":true,"href":"https:\/\/www.ametllerorigenwp.com\/ca\/wp-json\/wp\/v2\/comments?post=5089"}],"version-history":[{"count":3,"href":"https:\/\/www.ametllerorigenwp.com\/ca\/wp-json\/wp\/v2\/posts\/5089\/revisions"}],"predecessor-version":[{"id":5099,"href":"https:\/\/www.ametllerorigenwp.com\/ca\/wp-json\/wp\/v2\/posts\/5089\/revisions\/5099"}],"wp:featuredmedia":[{"embeddable":true,"href":"https:\/\/www.ametllerorigenwp.com\/ca\/wp-json\/wp\/v2\/media\/5090"}],"wp:attachment":[{"href":"https:\/\/www.ametllerorigenwp.com\/ca\/wp-json\/wp\/v2\/media?parent=5089"}],"wp:term":[{"taxonomy":"category","embeddable":true,"href":"https:\/\/www.ametllerorigenwp.com\/ca\/wp-json\/wp\/v2\/categories?post=5089"},{"taxonomy":"post_tag","embeddable":true,"href":"https:\/\/www.ametllerorigenwp.com\/ca\/wp-json\/wp\/v2\/tags?post=5089"}],"curies":[{"name":"wp","href":"https:\/\/api.w.org\/{rel}","templated":true}]}}