{"id":5111,"date":"2022-04-06T10:34:40","date_gmt":"2022-04-06T10:34:40","guid":{"rendered":"https:\/\/www.ametllerorigenwp.com\/?p=5111"},"modified":"2022-04-06T10:42:54","modified_gmt":"2022-04-06T10:42:54","slug":"dia-mundial-de-la-salut-menu-setmanal-perque-gaudeixis-i-et-cuidis-menjant","status":"publish","type":"post","link":"https:\/\/www.ametllerorigenwp.com\/ca\/dia-mundial-de-la-salut-menu-setmanal-perque-gaudeixis-i-et-cuidis-menjant\/","title":{"rendered":"Dia Mundial de la Salut: men\u00fa setmanal perqu\u00e8 gaudeixis i et cuidis menjant"},"content":{"rendered":"\n<p>Tal com indica l\u2019Organitzaci\u00f3 Mundial de la Salut<strong>, una alimentaci\u00f3 equilibrada juntament amb un estil de vida saludable com la pr\u00e0ctica d\u2019esport, un bon descans i una bona hidrataci\u00f3, ajuden a prevenir determinades malalties com la diabetis, la hipertensi\u00f3, l\u2019obesitat o alguns tipus de c\u00e0ncer<\/strong>.<\/p>\n\n\n\n<p>Avui, <strong>coincidint amb el Dia Mundial de la Salut, et proposem<\/strong> <strong><a href=\"https:\/\/corp.ametllerorigen.com\/ca\/menu-setmanal\/\">un men\u00fa setmanal<\/a><\/strong> que ha elaborat el nostre equip de nutricionistes seguint les recomanacions de l\u2019Ag\u00e8ncia de Salut P\u00fablica de Catalunya (ASPCAT) <strong>que incorpora plats saludables amb fruita i verdura de temporada<\/strong>. Una proposta perqu\u00e8 gaudeixis i et cuidis menjant!<\/p>\n\n\n\n<p>Estigues atent, perqu\u00e8 cada setmana t\u2019oferirem un nou men\u00fa!<\/p>\n","protected":false},"excerpt":{"rendered":"<p>Tal com indica l\u2019Organitzaci\u00f3 Mundial de la Salut, una alimentaci\u00f3 equilibrada juntament amb un estil de vida saludable com la pr\u00e0ctica d\u2019esport, un bon descans i una bona hidrataci\u00f3, ajuden a prevenir determinades malalties com la diabetis, la hipertensi\u00f3, l\u2019obesitat o alguns tipus de c\u00e0ncer. Avui, coincidint amb el Dia Mundial de la Salut, et &hellip; <a href=\"https:\/\/www.ametllerorigenwp.com\/ca\/dia-mundial-de-la-salut-menu-setmanal-perque-gaudeixis-i-et-cuidis-menjant\/\" class=\"more-link\">Continua llegint <span class=\"screen-reader-text\">\u00abDia Mundial de la Salut: men\u00fa setmanal perqu\u00e8 gaudeixis i et cuidis menjant\u00bb<\/span><\/a><\/p>\n","protected":false},"author":5,"featured_media":4630,"comment_status":"open","ping_status":"open","sticky":false,"template":"","format":"standard","meta":{"_uag_custom_page_level_css":"","advgb_blocks_editor_width":"","advgb_blocks_columns_visual_guide":"","footnotes":""},"categories":[2],"tags":[],"class_list":["post-5111","post","type-post","status-publish","format-standard","has-post-thumbnail","hentry","category-noticies"],"author_meta":{"display_name":"Mireia Zaragoza","author_link":"https:\/\/www.ametllerorigenwp.com\/ca\/author\/mzaragoza\/"},"featured_img":"https:\/\/www.ametllerorigenwp.com\/wp-content\/uploads\/2022\/02\/App_Campanya_contra_cancer-1-300x102.jpg","uagb_featured_image_src":{"full":["https:\/\/www.ametllerorigenwp.com\/wp-content\/uploads\/2022\/02\/App_Campanya_contra_cancer-1.jpg",1000,340,false],"thumbnail":["https:\/\/www.ametllerorigenwp.com\/wp-content\/uploads\/2022\/02\/App_Campanya_contra_cancer-1-150x150.jpg",150,150,true],"medium":["https:\/\/www.ametllerorigenwp.com\/wp-content\/uploads\/2022\/02\/App_Campanya_contra_cancer-1-300x102.jpg",300,102,true],"medium_large":["https:\/\/www.ametllerorigenwp.com\/wp-content\/uploads\/2022\/02\/App_Campanya_contra_cancer-1-768x261.jpg",768,261,true],"large":["https:\/\/www.ametllerorigenwp.com\/wp-content\/uploads\/2022\/02\/App_Campanya_contra_cancer-1.jpg",840,286,false],"1536x1536":["https:\/\/www.ametllerorigenwp.com\/wp-content\/uploads\/2022\/02\/App_Campanya_contra_cancer-1.jpg",1000,340,false],"2048x2048":["https:\/\/www.ametllerorigenwp.com\/wp-content\/uploads\/2022\/02\/App_Campanya_contra_cancer-1.jpg",1000,340,false],"post-thumbnail":["https:\/\/www.ametllerorigenwp.com\/wp-content\/uploads\/2022\/02\/App_Campanya_contra_cancer-1.jpg",1000,340,false]},"uagb_author_info":{"display_name":"Mireia Zaragoza","author_link":"https:\/\/www.ametllerorigenwp.com\/ca\/author\/mzaragoza\/"},"uagb_comment_info":0,"uagb_excerpt":"Tal com indica l\u2019Organitzaci\u00f3 Mundial de la Salut, una alimentaci\u00f3 equilibrada juntament amb un estil de vida saludable com la pr\u00e0ctica d\u2019esport, un bon descans i una bona hidrataci\u00f3, ajuden a prevenir determinades malalties com la diabetis, la hipertensi\u00f3, l\u2019obesitat o alguns tipus de c\u00e0ncer. Avui, coincidint amb el Dia Mundial de la Salut, et&hellip;","coauthors":[],"tax_additional":{"categories":{"linked":["<a href=\"https:\/\/www.ametllerorigenwp.com\/ca\/category\/noticies\/\" class=\"advgb-post-tax-term\">Noticies<\/a>"],"unlinked":["<span class=\"advgb-post-tax-term\">Noticies<\/span>"]}},"comment_count":"0","relative_dates":{"created":"Posted 4 anys ago","modified":"Updated 4 anys ago"},"absolute_dates":{"created":"Posted on 6 d'abril de 2022","modified":"Updated on 6 d'abril de 2022"},"absolute_dates_time":{"created":"Posted on 6 d'abril de 2022 10:34","modified":"Updated on 6 d'abril de 2022 10:42"},"featured_img_caption":"","series_order":"","show_in_app":true,"fecha_inicio_destacado":null,"hora_inicio_visualizacion":null,"minutos_inicio_visualizacion":null,"fecha_final_destacado":null,"hora_final_visualizacion":null,"minutos_final_visualizacion":null,"posicion_visualizacion":null,"estado_destacado":null,"niveles_destacados":null,"url_del_enlace":null,"banner_destacado":null,"posicion_visualizacion_de_la_noticia":null,"estado_noticia":null,"fecha_de_inicio_de_visualizacion_del_tutorial":null,"hora_inicio_visualizacion_tutorial":null,"minutos_inicio_visualizacion_tutorial":null,"fecha_de_final_de_visualizacion_del_tutorial":null,"hora_final_visualizacion_tutorial":null,"minutos_final_visualizacion_tutorial":null,"numero_de_veces_visto":null,"numero_de_veces_total":null,"niveles_tutorial":null,"tutorial_recursos_castellano":null,"tutorial_recursos_catalan":null,"dias_disponibles":null,"dias_de_la_semana":null,"dias_del_mes":null,"other_lang_post_id":null,"lang":"ca","campanya_descripcion":null,"campanya_fecha_inicio":null,"campanya_fecha_fin":null,"campanya_legales":null,"campanya_imagen":null,"campanya_characteristics":null,"campanya_url":null,"campanya_posicion_visualizacion":null,"campanya_estado":null,"_links":{"self":[{"href":"https:\/\/www.ametllerorigenwp.com\/ca\/wp-json\/wp\/v2\/posts\/5111","targetHints":{"allow":["GET"]}}],"collection":[{"href":"https:\/\/www.ametllerorigenwp.com\/ca\/wp-json\/wp\/v2\/posts"}],"about":[{"href":"https:\/\/www.ametllerorigenwp.com\/ca\/wp-json\/wp\/v2\/types\/post"}],"author":[{"embeddable":true,"href":"https:\/\/www.ametllerorigenwp.com\/ca\/wp-json\/wp\/v2\/users\/5"}],"replies":[{"embeddable":true,"href":"https:\/\/www.ametllerorigenwp.com\/ca\/wp-json\/wp\/v2\/comments?post=5111"}],"version-history":[{"count":2,"href":"https:\/\/www.ametllerorigenwp.com\/ca\/wp-json\/wp\/v2\/posts\/5111\/revisions"}],"predecessor-version":[{"id":5114,"href":"https:\/\/www.ametllerorigenwp.com\/ca\/wp-json\/wp\/v2\/posts\/5111\/revisions\/5114"}],"wp:featuredmedia":[{"embeddable":true,"href":"https:\/\/www.ametllerorigenwp.com\/ca\/wp-json\/wp\/v2\/media\/4630"}],"wp:attachment":[{"href":"https:\/\/www.ametllerorigenwp.com\/ca\/wp-json\/wp\/v2\/media?parent=5111"}],"wp:term":[{"taxonomy":"category","embeddable":true,"href":"https:\/\/www.ametllerorigenwp.com\/ca\/wp-json\/wp\/v2\/categories?post=5111"},{"taxonomy":"post_tag","embeddable":true,"href":"https:\/\/www.ametllerorigenwp.com\/ca\/wp-json\/wp\/v2\/tags?post=5111"}],"curies":[{"name":"wp","href":"https:\/\/api.w.org\/{rel}","templated":true}]}}