{"id":5129,"date":"2022-04-08T11:12:45","date_gmt":"2022-04-08T11:12:45","guid":{"rendered":"https:\/\/www.ametllerorigenwp.com\/?p=5129"},"modified":"2022-04-10T18:14:19","modified_gmt":"2022-04-10T18:14:19","slug":"prepara-la-mona-de-pasqua","status":"publish","type":"post","link":"https:\/\/www.ametllerorigenwp.com\/ca\/prepara-la-mona-de-pasqua\/","title":{"rendered":"Prepara la mona de Pasqua!"},"content":{"rendered":"\n<p><strong>Eeeeeeep ja \u00e9s Pasqua! I la mona no pot faltar.<\/strong> &nbsp;I, a tu, amb qu\u00e8 t\u2019agrada decorar-la? Ja sigui amb <strong>fruita de temporada, com maduixes, nabius, gerds o mandarina, melmelada, ous o figures de xocolata i amb base de past\u00eds o garlanda<\/strong>, recupera la tradici\u00f3 de preparar-la en fam\u00edlia.<\/p>\n\n\n\n<p>Tenim tots <a href=\"https:\/\/www.ametllerorigen.com\/ca\/ja-es-pasqua\">els productes<\/a> que t\u2019ajudaran a celebrar aquesta festa i a divertir-te amb els m\u00e9s petits.<\/p>\n","protected":false},"excerpt":{"rendered":"<p>Eeeeeeep ja \u00e9s Pasqua! I la mona no pot faltar. &nbsp;I, a tu, amb qu\u00e8 t\u2019agrada decorar-la? Ja sigui amb fruita de temporada, com maduixes, nabius, gerds o mandarina, melmelada, ous o figures de xocolata i amb base de past\u00eds o garlanda, recupera la tradici\u00f3 de preparar-la en fam\u00edlia. Tenim tots els productes que t\u2019ajudaran &hellip; <a href=\"https:\/\/www.ametllerorigenwp.com\/ca\/prepara-la-mona-de-pasqua\/\" class=\"more-link\">Continua llegint <span class=\"screen-reader-text\">\u00abPrepara la mona de Pasqua!\u00bb<\/span><\/a><\/p>\n","protected":false},"author":3,"featured_media":5130,"comment_status":"open","ping_status":"open","sticky":false,"template":"","format":"standard","meta":{"_uag_custom_page_level_css":"","advgb_blocks_editor_width":"","advgb_blocks_columns_visual_guide":"","footnotes":""},"categories":[2],"tags":[],"class_list":["post-5129","post","type-post","status-publish","format-standard","has-post-thumbnail","hentry","category-noticies"],"author_meta":{"display_name":"Ametller Origen","author_link":"https:\/\/www.ametllerorigenwp.com\/ca\/author\/ao_editor\/"},"featured_img":"https:\/\/www.ametllerorigenwp.com\/wp-content\/uploads\/2022\/04\/pasqua_app-300x102.jpg","uagb_featured_image_src":{"full":["https:\/\/www.ametllerorigenwp.com\/wp-content\/uploads\/2022\/04\/pasqua_app.jpg",1000,340,false],"thumbnail":["https:\/\/www.ametllerorigenwp.com\/wp-content\/uploads\/2022\/04\/pasqua_app-150x150.jpg",150,150,true],"medium":["https:\/\/www.ametllerorigenwp.com\/wp-content\/uploads\/2022\/04\/pasqua_app-300x102.jpg",300,102,true],"medium_large":["https:\/\/www.ametllerorigenwp.com\/wp-content\/uploads\/2022\/04\/pasqua_app-768x261.jpg",768,261,true],"large":["https:\/\/www.ametllerorigenwp.com\/wp-content\/uploads\/2022\/04\/pasqua_app.jpg",840,286,false],"1536x1536":["https:\/\/www.ametllerorigenwp.com\/wp-content\/uploads\/2022\/04\/pasqua_app.jpg",1000,340,false],"2048x2048":["https:\/\/www.ametllerorigenwp.com\/wp-content\/uploads\/2022\/04\/pasqua_app.jpg",1000,340,false],"post-thumbnail":["https:\/\/www.ametllerorigenwp.com\/wp-content\/uploads\/2022\/04\/pasqua_app.jpg",1000,340,false]},"uagb_author_info":{"display_name":"Ametller Origen","author_link":"https:\/\/www.ametllerorigenwp.com\/ca\/author\/ao_editor\/"},"uagb_comment_info":0,"uagb_excerpt":"Eeeeeeep ja \u00e9s Pasqua! I la mona no pot faltar. &nbsp;I, a tu, amb qu\u00e8 t\u2019agrada decorar-la? Ja sigui amb fruita de temporada, com maduixes, nabius, gerds o mandarina, melmelada, ous o figures de xocolata i amb base de past\u00eds o garlanda, recupera la tradici\u00f3 de preparar-la en fam\u00edlia. Tenim tots els productes que t\u2019ajudaran&hellip;","coauthors":[],"tax_additional":{"categories":{"linked":["<a href=\"https:\/\/www.ametllerorigenwp.com\/ca\/category\/noticies\/\" class=\"advgb-post-tax-term\">Noticies<\/a>"],"unlinked":["<span class=\"advgb-post-tax-term\">Noticies<\/span>"]}},"comment_count":"0","relative_dates":{"created":"Posted 4 anys ago","modified":"Updated 4 anys ago"},"absolute_dates":{"created":"Posted on 8 d'abril de 2022","modified":"Updated on 10 d'abril de 2022"},"absolute_dates_time":{"created":"Posted on 8 d'abril de 2022 11:12","modified":"Updated on 10 d'abril de 2022 18:14"},"featured_img_caption":"","series_order":"","show_in_app":true,"fecha_inicio_destacado":null,"hora_inicio_visualizacion":null,"minutos_inicio_visualizacion":null,"fecha_final_destacado":null,"hora_final_visualizacion":null,"minutos_final_visualizacion":null,"posicion_visualizacion":null,"estado_destacado":null,"niveles_destacados":null,"url_del_enlace":null,"banner_destacado":null,"posicion_visualizacion_de_la_noticia":null,"estado_noticia":null,"fecha_de_inicio_de_visualizacion_del_tutorial":null,"hora_inicio_visualizacion_tutorial":null,"minutos_inicio_visualizacion_tutorial":null,"fecha_de_final_de_visualizacion_del_tutorial":null,"hora_final_visualizacion_tutorial":null,"minutos_final_visualizacion_tutorial":null,"numero_de_veces_visto":null,"numero_de_veces_total":null,"niveles_tutorial":null,"tutorial_recursos_castellano":null,"tutorial_recursos_catalan":null,"dias_disponibles":null,"dias_de_la_semana":null,"dias_del_mes":null,"other_lang_post_id":null,"lang":"ca","campanya_descripcion":null,"campanya_fecha_inicio":null,"campanya_fecha_fin":null,"campanya_legales":null,"campanya_imagen":null,"campanya_characteristics":null,"campanya_url":null,"campanya_posicion_visualizacion":null,"campanya_estado":null,"_links":{"self":[{"href":"https:\/\/www.ametllerorigenwp.com\/ca\/wp-json\/wp\/v2\/posts\/5129","targetHints":{"allow":["GET"]}}],"collection":[{"href":"https:\/\/www.ametllerorigenwp.com\/ca\/wp-json\/wp\/v2\/posts"}],"about":[{"href":"https:\/\/www.ametllerorigenwp.com\/ca\/wp-json\/wp\/v2\/types\/post"}],"author":[{"embeddable":true,"href":"https:\/\/www.ametllerorigenwp.com\/ca\/wp-json\/wp\/v2\/users\/3"}],"replies":[{"embeddable":true,"href":"https:\/\/www.ametllerorigenwp.com\/ca\/wp-json\/wp\/v2\/comments?post=5129"}],"version-history":[{"count":3,"href":"https:\/\/www.ametllerorigenwp.com\/ca\/wp-json\/wp\/v2\/posts\/5129\/revisions"}],"predecessor-version":[{"id":5135,"href":"https:\/\/www.ametllerorigenwp.com\/ca\/wp-json\/wp\/v2\/posts\/5129\/revisions\/5135"}],"wp:featuredmedia":[{"embeddable":true,"href":"https:\/\/www.ametllerorigenwp.com\/ca\/wp-json\/wp\/v2\/media\/5130"}],"wp:attachment":[{"href":"https:\/\/www.ametllerorigenwp.com\/ca\/wp-json\/wp\/v2\/media?parent=5129"}],"wp:term":[{"taxonomy":"category","embeddable":true,"href":"https:\/\/www.ametllerorigenwp.com\/ca\/wp-json\/wp\/v2\/categories?post=5129"},{"taxonomy":"post_tag","embeddable":true,"href":"https:\/\/www.ametllerorigenwp.com\/ca\/wp-json\/wp\/v2\/tags?post=5129"}],"curies":[{"name":"wp","href":"https:\/\/api.w.org\/{rel}","templated":true}]}}