{"id":5178,"date":"2022-04-15T10:07:00","date_gmt":"2022-04-15T10:07:00","guid":{"rendered":"https:\/\/www.ametllerorigenwp.com\/?p=5178"},"modified":"2022-04-13T10:09:47","modified_gmt":"2022-04-13T10:09:47","slug":"showcooking-amb-la-xef-ada-parellada-no-tel-perdis","status":"publish","type":"post","link":"https:\/\/www.ametllerorigenwp.com\/ca\/showcooking-amb-la-xef-ada-parellada-no-tel-perdis\/","title":{"rendered":"Showcooking amb la xef Ada Parellada: no te\u2019l perdis!"},"content":{"rendered":"\n<p>La xef del Semproniana, <strong>Ada Parellada, canvia la cuina del seu restaurant per la d\u2019Ametller Origen Mercat d\u2019Autors, on cuinar\u00e0 tres receptes de temporada, sanes i econ\u00f2miques que despr\u00e9s podr\u00e0s provar.<\/strong><\/p>\n\n\n\n<p>No et perdis el showcooking que celebrarem aquest <strong>dimarts dia 19, a les 18.30 h, a Ametller Origen Mercat d\u2019Autors <\/strong>(C\/Berl\u00edn, 53, Barcelona). Afanya\u2019t perqu\u00e8 queden poques <a href=\"https:\/\/www.femcami.org\/ca\/esdeveniment\/receptes-sanes-temporada-economiques-xef-ada-parellada\/\">entrades<\/a>!<\/p>\n","protected":false},"excerpt":{"rendered":"<p>La xef del Semproniana, Ada Parellada, canvia la cuina del seu restaurant per la d\u2019Ametller Origen Mercat d\u2019Autors, on cuinar\u00e0 tres receptes de temporada, sanes i econ\u00f2miques que despr\u00e9s podr\u00e0s provar. No et perdis el showcooking que celebrarem aquest dimarts dia 19, a les 18.30 h, a Ametller Origen Mercat d\u2019Autors (C\/Berl\u00edn, 53, Barcelona). Afanya\u2019t &hellip; <a href=\"https:\/\/www.ametllerorigenwp.com\/ca\/showcooking-amb-la-xef-ada-parellada-no-tel-perdis\/\" class=\"more-link\">Continua llegint <span class=\"screen-reader-text\">\u00abShowcooking amb la xef Ada Parellada: no te\u2019l perdis!\u00bb<\/span><\/a><\/p>\n","protected":false},"author":5,"featured_media":5179,"comment_status":"open","ping_status":"open","sticky":false,"template":"","format":"standard","meta":{"_uag_custom_page_level_css":"","advgb_blocks_editor_width":"","advgb_blocks_columns_visual_guide":"","footnotes":""},"categories":[2],"tags":[],"class_list":["post-5178","post","type-post","status-publish","format-standard","has-post-thumbnail","hentry","category-noticies"],"author_meta":{"display_name":"Mireia Zaragoza","author_link":"https:\/\/www.ametllerorigenwp.com\/ca\/author\/mzaragoza\/"},"featured_img":"https:\/\/www.ametllerorigenwp.com\/wp-content\/uploads\/2022\/04\/Ada-300x102.jpg","uagb_featured_image_src":{"full":["https:\/\/www.ametllerorigenwp.com\/wp-content\/uploads\/2022\/04\/Ada.jpg",1000,340,false],"thumbnail":["https:\/\/www.ametllerorigenwp.com\/wp-content\/uploads\/2022\/04\/Ada-150x150.jpg",150,150,true],"medium":["https:\/\/www.ametllerorigenwp.com\/wp-content\/uploads\/2022\/04\/Ada-300x102.jpg",300,102,true],"medium_large":["https:\/\/www.ametllerorigenwp.com\/wp-content\/uploads\/2022\/04\/Ada-768x261.jpg",768,261,true],"large":["https:\/\/www.ametllerorigenwp.com\/wp-content\/uploads\/2022\/04\/Ada.jpg",840,286,false],"1536x1536":["https:\/\/www.ametllerorigenwp.com\/wp-content\/uploads\/2022\/04\/Ada.jpg",1000,340,false],"2048x2048":["https:\/\/www.ametllerorigenwp.com\/wp-content\/uploads\/2022\/04\/Ada.jpg",1000,340,false],"post-thumbnail":["https:\/\/www.ametllerorigenwp.com\/wp-content\/uploads\/2022\/04\/Ada.jpg",1000,340,false]},"uagb_author_info":{"display_name":"Mireia Zaragoza","author_link":"https:\/\/www.ametllerorigenwp.com\/ca\/author\/mzaragoza\/"},"uagb_comment_info":0,"uagb_excerpt":"La xef del Semproniana, Ada Parellada, canvia la cuina del seu restaurant per la d\u2019Ametller Origen Mercat d\u2019Autors, on cuinar\u00e0 tres receptes de temporada, sanes i econ\u00f2miques que despr\u00e9s podr\u00e0s provar. No et perdis el showcooking que celebrarem aquest dimarts dia 19, a les 18.30 h, a Ametller Origen Mercat d\u2019Autors (C\/Berl\u00edn, 53, Barcelona). Afanya\u2019t&hellip;","coauthors":[],"tax_additional":{"categories":{"linked":["<a href=\"https:\/\/www.ametllerorigenwp.com\/ca\/category\/noticies\/\" class=\"advgb-post-tax-term\">Noticies<\/a>"],"unlinked":["<span class=\"advgb-post-tax-term\">Noticies<\/span>"]}},"comment_count":"0","relative_dates":{"created":"Posted 4 anys ago","modified":"Updated 4 anys ago"},"absolute_dates":{"created":"Posted on 15 d'abril de 2022","modified":"Updated on 13 d'abril de 2022"},"absolute_dates_time":{"created":"Posted on 15 d'abril de 2022 10:07","modified":"Updated on 13 d'abril de 2022 10:09"},"featured_img_caption":"","series_order":"","show_in_app":true,"fecha_inicio_destacado":null,"hora_inicio_visualizacion":null,"minutos_inicio_visualizacion":null,"fecha_final_destacado":null,"hora_final_visualizacion":null,"minutos_final_visualizacion":null,"posicion_visualizacion":null,"estado_destacado":null,"niveles_destacados":null,"url_del_enlace":null,"banner_destacado":null,"posicion_visualizacion_de_la_noticia":null,"estado_noticia":null,"fecha_de_inicio_de_visualizacion_del_tutorial":null,"hora_inicio_visualizacion_tutorial":null,"minutos_inicio_visualizacion_tutorial":null,"fecha_de_final_de_visualizacion_del_tutorial":null,"hora_final_visualizacion_tutorial":null,"minutos_final_visualizacion_tutorial":null,"numero_de_veces_visto":null,"numero_de_veces_total":null,"niveles_tutorial":null,"tutorial_recursos_castellano":null,"tutorial_recursos_catalan":null,"dias_disponibles":null,"dias_de_la_semana":null,"dias_del_mes":null,"other_lang_post_id":null,"lang":"ca","campanya_descripcion":null,"campanya_fecha_inicio":null,"campanya_fecha_fin":null,"campanya_legales":null,"campanya_imagen":null,"campanya_characteristics":null,"campanya_url":null,"campanya_posicion_visualizacion":null,"campanya_estado":null,"_links":{"self":[{"href":"https:\/\/www.ametllerorigenwp.com\/ca\/wp-json\/wp\/v2\/posts\/5178","targetHints":{"allow":["GET"]}}],"collection":[{"href":"https:\/\/www.ametllerorigenwp.com\/ca\/wp-json\/wp\/v2\/posts"}],"about":[{"href":"https:\/\/www.ametllerorigenwp.com\/ca\/wp-json\/wp\/v2\/types\/post"}],"author":[{"embeddable":true,"href":"https:\/\/www.ametllerorigenwp.com\/ca\/wp-json\/wp\/v2\/users\/5"}],"replies":[{"embeddable":true,"href":"https:\/\/www.ametllerorigenwp.com\/ca\/wp-json\/wp\/v2\/comments?post=5178"}],"version-history":[{"count":2,"href":"https:\/\/www.ametllerorigenwp.com\/ca\/wp-json\/wp\/v2\/posts\/5178\/revisions"}],"predecessor-version":[{"id":5182,"href":"https:\/\/www.ametllerorigenwp.com\/ca\/wp-json\/wp\/v2\/posts\/5178\/revisions\/5182"}],"wp:featuredmedia":[{"embeddable":true,"href":"https:\/\/www.ametllerorigenwp.com\/ca\/wp-json\/wp\/v2\/media\/5179"}],"wp:attachment":[{"href":"https:\/\/www.ametllerorigenwp.com\/ca\/wp-json\/wp\/v2\/media?parent=5178"}],"wp:term":[{"taxonomy":"category","embeddable":true,"href":"https:\/\/www.ametllerorigenwp.com\/ca\/wp-json\/wp\/v2\/categories?post=5178"},{"taxonomy":"post_tag","embeddable":true,"href":"https:\/\/www.ametllerorigenwp.com\/ca\/wp-json\/wp\/v2\/tags?post=5178"}],"curies":[{"name":"wp","href":"https:\/\/api.w.org\/{rel}","templated":true}]}}