{"id":5186,"date":"2022-04-13T16:28:58","date_gmt":"2022-04-13T16:28:58","guid":{"rendered":"https:\/\/www.ametllerorigenwp.com\/?p=5186"},"modified":"2022-04-13T16:34:07","modified_gmt":"2022-04-13T16:34:07","slug":"emocions-a-flor-de-pell-a-la-mitja-marato-de-barcelona","status":"publish","type":"post","link":"https:\/\/www.ametllerorigenwp.com\/ca\/emocions-a-flor-de-pell-a-la-mitja-marato-de-barcelona\/","title":{"rendered":"Emocions a flor de pell a la Mitja Marat\u00f3 de Barcelona!"},"content":{"rendered":"\n<p>El passat 3 d\u2019abril vam viure <strong>la Mitja Marat\u00f3 de Barcelona<\/strong>, una de les curses m\u00e9s emblem\u00e0tiques i exigents. Hem tingut <strong>la sort de poder viure aquest somni al costat dels m\u00e9s de 13.000 corredors que han desafiat els seus l\u00edmits<\/strong>, entre els quals hi havia <strong>un equip de col\u00b7laboradors i clients representant&nbsp;els colors d&#8217;Ametller Origen<\/strong>. Un cop passada la meta, <strong>els hem esperat amb fruita fresca<\/strong> per ajudar-los a tenir una recuperaci\u00f3 r\u00e0pida i ben nutritiva i refrescant. Seguim fent cam\u00ed cap a un m\u00f3n m\u00e9s saludable i sostenible!<\/p>\n\n\n\n<p>No et perdis el <a href=\"https:\/\/www.instagram.com\/tv\/CcTAgwvofYK\/\">v\u00eddeo<\/a>!<\/p>\n","protected":false},"excerpt":{"rendered":"<p>El passat 3 d\u2019abril vam viure la Mitja Marat\u00f3 de Barcelona, una de les curses m\u00e9s emblem\u00e0tiques i exigents. Hem tingut la sort de poder viure aquest somni al costat dels m\u00e9s de 13.000 corredors que han desafiat els seus l\u00edmits, entre els quals hi havia un equip de col\u00b7laboradors i clients representant&nbsp;els colors d&#8217;Ametller &hellip; <a href=\"https:\/\/www.ametllerorigenwp.com\/ca\/emocions-a-flor-de-pell-a-la-mitja-marato-de-barcelona\/\" class=\"more-link\">Continua llegint <span class=\"screen-reader-text\">\u00abEmocions a flor de pell a la Mitja Marat\u00f3 de Barcelona!\u00bb<\/span><\/a><\/p>\n","protected":false},"author":5,"featured_media":5187,"comment_status":"open","ping_status":"open","sticky":false,"template":"","format":"standard","meta":{"_uag_custom_page_level_css":"","advgb_blocks_editor_width":"","advgb_blocks_columns_visual_guide":"","footnotes":""},"categories":[2],"tags":[],"class_list":["post-5186","post","type-post","status-publish","format-standard","has-post-thumbnail","hentry","category-noticies"],"author_meta":{"display_name":"Mireia Zaragoza","author_link":"https:\/\/www.ametllerorigenwp.com\/ca\/author\/mzaragoza\/"},"featured_img":"https:\/\/www.ametllerorigenwp.com\/wp-content\/uploads\/2022\/04\/Mitja_app-300x102.jpg","uagb_featured_image_src":{"full":["https:\/\/www.ametllerorigenwp.com\/wp-content\/uploads\/2022\/04\/Mitja_app.jpg",1000,340,false],"thumbnail":["https:\/\/www.ametllerorigenwp.com\/wp-content\/uploads\/2022\/04\/Mitja_app-150x150.jpg",150,150,true],"medium":["https:\/\/www.ametllerorigenwp.com\/wp-content\/uploads\/2022\/04\/Mitja_app-300x102.jpg",300,102,true],"medium_large":["https:\/\/www.ametllerorigenwp.com\/wp-content\/uploads\/2022\/04\/Mitja_app-768x261.jpg",768,261,true],"large":["https:\/\/www.ametllerorigenwp.com\/wp-content\/uploads\/2022\/04\/Mitja_app.jpg",840,286,false],"1536x1536":["https:\/\/www.ametllerorigenwp.com\/wp-content\/uploads\/2022\/04\/Mitja_app.jpg",1000,340,false],"2048x2048":["https:\/\/www.ametllerorigenwp.com\/wp-content\/uploads\/2022\/04\/Mitja_app.jpg",1000,340,false],"post-thumbnail":["https:\/\/www.ametllerorigenwp.com\/wp-content\/uploads\/2022\/04\/Mitja_app.jpg",1000,340,false]},"uagb_author_info":{"display_name":"Mireia Zaragoza","author_link":"https:\/\/www.ametllerorigenwp.com\/ca\/author\/mzaragoza\/"},"uagb_comment_info":0,"uagb_excerpt":"El passat 3 d\u2019abril vam viure la Mitja Marat\u00f3 de Barcelona, una de les curses m\u00e9s emblem\u00e0tiques i exigents. Hem tingut la sort de poder viure aquest somni al costat dels m\u00e9s de 13.000 corredors que han desafiat els seus l\u00edmits, entre els quals hi havia un equip de col\u00b7laboradors i clients representant&nbsp;els colors d&#8217;Ametller&hellip;","coauthors":[],"tax_additional":{"categories":{"linked":["<a href=\"https:\/\/www.ametllerorigenwp.com\/ca\/category\/noticies\/\" class=\"advgb-post-tax-term\">Noticies<\/a>"],"unlinked":["<span class=\"advgb-post-tax-term\">Noticies<\/span>"]}},"comment_count":"0","relative_dates":{"created":"Posted 4 anys ago","modified":"Updated 4 anys ago"},"absolute_dates":{"created":"Posted on 13 d'abril de 2022","modified":"Updated on 13 d'abril de 2022"},"absolute_dates_time":{"created":"Posted on 13 d'abril de 2022 16:28","modified":"Updated on 13 d'abril de 2022 16:34"},"featured_img_caption":"","series_order":"","show_in_app":true,"fecha_inicio_destacado":null,"hora_inicio_visualizacion":null,"minutos_inicio_visualizacion":null,"fecha_final_destacado":null,"hora_final_visualizacion":null,"minutos_final_visualizacion":null,"posicion_visualizacion":null,"estado_destacado":null,"niveles_destacados":null,"url_del_enlace":null,"banner_destacado":null,"posicion_visualizacion_de_la_noticia":null,"estado_noticia":null,"fecha_de_inicio_de_visualizacion_del_tutorial":null,"hora_inicio_visualizacion_tutorial":null,"minutos_inicio_visualizacion_tutorial":null,"fecha_de_final_de_visualizacion_del_tutorial":null,"hora_final_visualizacion_tutorial":null,"minutos_final_visualizacion_tutorial":null,"numero_de_veces_visto":null,"numero_de_veces_total":null,"niveles_tutorial":null,"tutorial_recursos_castellano":null,"tutorial_recursos_catalan":null,"dias_disponibles":null,"dias_de_la_semana":null,"dias_del_mes":null,"other_lang_post_id":null,"lang":"ca","campanya_descripcion":null,"campanya_fecha_inicio":null,"campanya_fecha_fin":null,"campanya_legales":null,"campanya_imagen":null,"campanya_characteristics":null,"campanya_url":null,"campanya_posicion_visualizacion":null,"campanya_estado":null,"_links":{"self":[{"href":"https:\/\/www.ametllerorigenwp.com\/ca\/wp-json\/wp\/v2\/posts\/5186","targetHints":{"allow":["GET"]}}],"collection":[{"href":"https:\/\/www.ametllerorigenwp.com\/ca\/wp-json\/wp\/v2\/posts"}],"about":[{"href":"https:\/\/www.ametllerorigenwp.com\/ca\/wp-json\/wp\/v2\/types\/post"}],"author":[{"embeddable":true,"href":"https:\/\/www.ametllerorigenwp.com\/ca\/wp-json\/wp\/v2\/users\/5"}],"replies":[{"embeddable":true,"href":"https:\/\/www.ametllerorigenwp.com\/ca\/wp-json\/wp\/v2\/comments?post=5186"}],"version-history":[{"count":2,"href":"https:\/\/www.ametllerorigenwp.com\/ca\/wp-json\/wp\/v2\/posts\/5186\/revisions"}],"predecessor-version":[{"id":5190,"href":"https:\/\/www.ametllerorigenwp.com\/ca\/wp-json\/wp\/v2\/posts\/5186\/revisions\/5190"}],"wp:featuredmedia":[{"embeddable":true,"href":"https:\/\/www.ametllerorigenwp.com\/ca\/wp-json\/wp\/v2\/media\/5187"}],"wp:attachment":[{"href":"https:\/\/www.ametllerorigenwp.com\/ca\/wp-json\/wp\/v2\/media?parent=5186"}],"wp:term":[{"taxonomy":"category","embeddable":true,"href":"https:\/\/www.ametllerorigenwp.com\/ca\/wp-json\/wp\/v2\/categories?post=5186"},{"taxonomy":"post_tag","embeddable":true,"href":"https:\/\/www.ametllerorigenwp.com\/ca\/wp-json\/wp\/v2\/tags?post=5186"}],"curies":[{"name":"wp","href":"https:\/\/api.w.org\/{rel}","templated":true}]}}