{"id":5223,"date":"2022-04-21T14:28:46","date_gmt":"2022-04-21T14:28:46","guid":{"rendered":"https:\/\/www.ametllerorigenwp.com\/?p=5223"},"modified":"2022-04-21T21:58:50","modified_gmt":"2022-04-21T21:58:50","slug":"cuidem-el-planeta-2027-neutres-en-emissions-de-co2","status":"publish","type":"post","link":"https:\/\/www.ametllerorigenwp.com\/ca\/cuidem-el-planeta-2027-neutres-en-emissions-de-co2\/","title":{"rendered":"Cuidem el planeta! 2027, neutres en emissions de CO2"},"content":{"rendered":"\n<p>Avui se celebra <strong>el Dia Mundial de la Terra<\/strong>, una data per conscienciar sobre la necessitat de protegir i cuidar el nostre planeta. En aquest sentit, des <strong>d\u2019Ametller Origen estem fent cam\u00ed per ser neutres en emissions de CO2 l\u2019any 2027<\/strong> i ja <strong>hem plantat m\u00e9s de 100 llavors que es corresponen a accions de millora en l\u2019\u00e0mbit de la salut i la sostenibilitat<\/strong> per avan\u00e7ar en aquesta direcci\u00f3. Recentment, hem <strong>ecodissenyat el packaging dels plats elaborats i peix envasat per un nou env\u00e0s amb un 80% menys de pl\u00e0stic<\/strong>, hem <strong>certificat tota la carn envasada de marca pr\u00f2pia amb el segell Welfair de Benestar Animal<\/strong> i hem posat en marxa <strong>un projecte d\u2019economia circular per donar una segona vida als envasos<\/strong>.<\/p>\n\n\n\n<p>Totes aquestes llavors s\u2019emmarquen en el moviment <a href=\"https:\/\/www.femcami.org\/\">Fem Cam\u00ed<\/a>, un moviment que vam posar en marxa l\u2019any passat i que est\u00e0 obert a tothom que com nosaltres vulgui avan\u00e7ar cap a un m\u00f3n millor.<\/p>\n\n\n\n<p>Avancem junts cap a un m\u00f3n m\u00e9s sostenible!<\/p>\n","protected":false},"excerpt":{"rendered":"<p>Avui se celebra el Dia Mundial de la Terra, una data per conscienciar sobre la necessitat de protegir i cuidar el nostre planeta. En aquest sentit, des d\u2019Ametller Origen estem fent cam\u00ed per ser neutres en emissions de CO2 l\u2019any 2027 i ja hem plantat m\u00e9s de 100 llavors que es corresponen a accions de &hellip; <a href=\"https:\/\/www.ametllerorigenwp.com\/ca\/cuidem-el-planeta-2027-neutres-en-emissions-de-co2\/\" class=\"more-link\">Continua llegint <span class=\"screen-reader-text\">\u00abCuidem el planeta! 2027, neutres en emissions de CO2\u00bb<\/span><\/a><\/p>\n","protected":false},"author":5,"featured_media":827,"comment_status":"open","ping_status":"open","sticky":false,"template":"","format":"standard","meta":{"_uag_custom_page_level_css":"","advgb_blocks_editor_width":"","advgb_blocks_columns_visual_guide":"","footnotes":""},"categories":[2],"tags":[],"class_list":["post-5223","post","type-post","status-publish","format-standard","has-post-thumbnail","hentry","category-noticies"],"author_meta":{"display_name":"Mireia Zaragoza","author_link":"https:\/\/www.ametllerorigenwp.com\/ca\/author\/mzaragoza\/"},"featured_img":"https:\/\/www.ametllerorigenwp.com\/wp-content\/uploads\/2021\/02\/portades_Femcami_TW-op-300x100.jpg","uagb_featured_image_src":{"full":["https:\/\/www.ametllerorigenwp.com\/wp-content\/uploads\/2021\/02\/portades_Femcami_TW-op.jpg",1200,400,false],"thumbnail":["https:\/\/www.ametllerorigenwp.com\/wp-content\/uploads\/2021\/02\/portades_Femcami_TW-op-150x150.jpg",150,150,true],"medium":["https:\/\/www.ametllerorigenwp.com\/wp-content\/uploads\/2021\/02\/portades_Femcami_TW-op-300x100.jpg",300,100,true],"medium_large":["https:\/\/www.ametllerorigenwp.com\/wp-content\/uploads\/2021\/02\/portades_Femcami_TW-op-768x256.jpg",768,256,true],"large":["https:\/\/www.ametllerorigenwp.com\/wp-content\/uploads\/2021\/02\/portades_Femcami_TW-op-1024x341.jpg",840,280,true],"1536x1536":["https:\/\/www.ametllerorigenwp.com\/wp-content\/uploads\/2021\/02\/portades_Femcami_TW-op.jpg",1200,400,false],"2048x2048":["https:\/\/www.ametllerorigenwp.com\/wp-content\/uploads\/2021\/02\/portades_Femcami_TW-op.jpg",1200,400,false],"post-thumbnail":["https:\/\/www.ametllerorigenwp.com\/wp-content\/uploads\/2021\/02\/portades_Femcami_TW-op.jpg",1200,400,false]},"uagb_author_info":{"display_name":"Mireia Zaragoza","author_link":"https:\/\/www.ametllerorigenwp.com\/ca\/author\/mzaragoza\/"},"uagb_comment_info":1,"uagb_excerpt":"Avui se celebra el Dia Mundial de la Terra, una data per conscienciar sobre la necessitat de protegir i cuidar el nostre planeta. En aquest sentit, des d\u2019Ametller Origen estem fent cam\u00ed per ser neutres en emissions de CO2 l\u2019any 2027 i ja hem plantat m\u00e9s de 100 llavors que es corresponen a accions de&hellip;","coauthors":[],"tax_additional":{"categories":{"linked":["<a href=\"https:\/\/www.ametllerorigenwp.com\/ca\/category\/noticies\/\" class=\"advgb-post-tax-term\">Noticies<\/a>"],"unlinked":["<span class=\"advgb-post-tax-term\">Noticies<\/span>"]}},"comment_count":"0","relative_dates":{"created":"Posted 4 anys ago","modified":"Updated 4 anys ago"},"absolute_dates":{"created":"Posted on 21 d'abril de 2022","modified":"Updated on 21 d'abril de 2022"},"absolute_dates_time":{"created":"Posted on 21 d'abril de 2022 14:28","modified":"Updated on 21 d'abril de 2022 21:58"},"featured_img_caption":"","series_order":"","show_in_app":true,"fecha_inicio_destacado":null,"hora_inicio_visualizacion":null,"minutos_inicio_visualizacion":null,"fecha_final_destacado":null,"hora_final_visualizacion":null,"minutos_final_visualizacion":null,"posicion_visualizacion":null,"estado_destacado":null,"niveles_destacados":null,"url_del_enlace":null,"banner_destacado":null,"posicion_visualizacion_de_la_noticia":null,"estado_noticia":null,"fecha_de_inicio_de_visualizacion_del_tutorial":null,"hora_inicio_visualizacion_tutorial":null,"minutos_inicio_visualizacion_tutorial":null,"fecha_de_final_de_visualizacion_del_tutorial":null,"hora_final_visualizacion_tutorial":null,"minutos_final_visualizacion_tutorial":null,"numero_de_veces_visto":null,"numero_de_veces_total":null,"niveles_tutorial":null,"tutorial_recursos_castellano":null,"tutorial_recursos_catalan":null,"dias_disponibles":null,"dias_de_la_semana":null,"dias_del_mes":null,"other_lang_post_id":null,"lang":"ca","campanya_descripcion":null,"campanya_fecha_inicio":null,"campanya_fecha_fin":null,"campanya_legales":null,"campanya_imagen":null,"campanya_characteristics":null,"campanya_url":null,"campanya_posicion_visualizacion":null,"campanya_estado":null,"_links":{"self":[{"href":"https:\/\/www.ametllerorigenwp.com\/ca\/wp-json\/wp\/v2\/posts\/5223","targetHints":{"allow":["GET"]}}],"collection":[{"href":"https:\/\/www.ametllerorigenwp.com\/ca\/wp-json\/wp\/v2\/posts"}],"about":[{"href":"https:\/\/www.ametllerorigenwp.com\/ca\/wp-json\/wp\/v2\/types\/post"}],"author":[{"embeddable":true,"href":"https:\/\/www.ametllerorigenwp.com\/ca\/wp-json\/wp\/v2\/users\/5"}],"replies":[{"embeddable":true,"href":"https:\/\/www.ametllerorigenwp.com\/ca\/wp-json\/wp\/v2\/comments?post=5223"}],"version-history":[{"count":3,"href":"https:\/\/www.ametllerorigenwp.com\/ca\/wp-json\/wp\/v2\/posts\/5223\/revisions"}],"predecessor-version":[{"id":5232,"href":"https:\/\/www.ametllerorigenwp.com\/ca\/wp-json\/wp\/v2\/posts\/5223\/revisions\/5232"}],"wp:featuredmedia":[{"embeddable":true,"href":"https:\/\/www.ametllerorigenwp.com\/ca\/wp-json\/wp\/v2\/media\/827"}],"wp:attachment":[{"href":"https:\/\/www.ametllerorigenwp.com\/ca\/wp-json\/wp\/v2\/media?parent=5223"}],"wp:term":[{"taxonomy":"category","embeddable":true,"href":"https:\/\/www.ametllerorigenwp.com\/ca\/wp-json\/wp\/v2\/categories?post=5223"},{"taxonomy":"post_tag","embeddable":true,"href":"https:\/\/www.ametllerorigenwp.com\/ca\/wp-json\/wp\/v2\/tags?post=5223"}],"curies":[{"name":"wp","href":"https:\/\/api.w.org\/{rel}","templated":true}]}}