{"id":5300,"date":"2022-04-29T10:44:11","date_gmt":"2022-04-29T10:44:11","guid":{"rendered":"https:\/\/www.ametllerorigenwp.com\/?p=5300"},"modified":"2022-04-29T11:24:52","modified_gmt":"2022-04-29T11:24:52","slug":"prepara-lagenda-arriben-nous-tallers-de-maig-amb-moltes-sorpreses","status":"publish","type":"post","link":"https:\/\/www.ametllerorigenwp.com\/ca\/prepara-lagenda-arriben-nous-tallers-de-maig-amb-moltes-sorpreses\/","title":{"rendered":"Prepara l\u2019agenda: arriben els nous tallers de maig amb moltes sorpreses!"},"content":{"rendered":"\n<p>Ho tenim tot a punt per a un maig ple d\u2019activitats! Est\u00e0s preparat? Consulta el <a href=\"https:\/\/www.femcami.org\/ca\/escola-del-bon-menjar\/esdeveniments\/\">nostre calendari<\/a> i <strong>gaudeix dels millors tallers amb la influencer @Ferrusian, l\u2019instagramer @kitmeasures, el nostre cuiner Cintet, V\u00e4cka i Kombutxa Vitae, els showcookings amb la xef Ada Parellada i Sof\u00eda Janer, tasts i maridatges de vins i cerveses amb Meritxell Falgueras i Art Cervesers i activitats tamb\u00e9 per als m\u00e9s petits de la casa<\/strong>. A m\u00e9s a m\u00e9s, <strong>tornen les nostres visites als camps<\/strong>: vine a collir maduixes als nostres camps del Maresme.<\/p>\n\n\n\n<p>T\u2019hi esperem!<\/p>\n","protected":false},"excerpt":{"rendered":"<p>Ho tenim tot a punt per a un maig ple d\u2019activitats! Est\u00e0s preparat? Consulta el nostre calendari i gaudeix dels millors tallers amb la influencer @Ferrusian, l\u2019instagramer @kitmeasures, el nostre cuiner Cintet, V\u00e4cka i Kombutxa Vitae, els showcookings amb la xef Ada Parellada i Sof\u00eda Janer, tasts i maridatges de vins i cerveses amb Meritxell &hellip; <a href=\"https:\/\/www.ametllerorigenwp.com\/ca\/prepara-lagenda-arriben-nous-tallers-de-maig-amb-moltes-sorpreses\/\" class=\"more-link\">Continua llegint <span class=\"screen-reader-text\">\u00abPrepara l\u2019agenda: arriben els nous tallers de maig amb moltes sorpreses!\u00bb<\/span><\/a><\/p>\n","protected":false},"author":5,"featured_media":5298,"comment_status":"open","ping_status":"open","sticky":false,"template":"","format":"standard","meta":{"_uag_custom_page_level_css":"","advgb_blocks_editor_width":"","advgb_blocks_columns_visual_guide":"","footnotes":""},"categories":[2],"tags":[],"class_list":["post-5300","post","type-post","status-publish","format-standard","has-post-thumbnail","hentry","category-noticies"],"author_meta":{"display_name":"Mireia Zaragoza","author_link":"https:\/\/www.ametllerorigenwp.com\/ca\/author\/mzaragoza\/"},"featured_img":"https:\/\/www.ametllerorigenwp.com\/wp-content\/uploads\/2022\/04\/App_Maig-300x102.jpg","uagb_featured_image_src":{"full":["https:\/\/www.ametllerorigenwp.com\/wp-content\/uploads\/2022\/04\/App_Maig.jpg",1000,340,false],"thumbnail":["https:\/\/www.ametllerorigenwp.com\/wp-content\/uploads\/2022\/04\/App_Maig-150x150.jpg",150,150,true],"medium":["https:\/\/www.ametllerorigenwp.com\/wp-content\/uploads\/2022\/04\/App_Maig-300x102.jpg",300,102,true],"medium_large":["https:\/\/www.ametllerorigenwp.com\/wp-content\/uploads\/2022\/04\/App_Maig-768x261.jpg",768,261,true],"large":["https:\/\/www.ametllerorigenwp.com\/wp-content\/uploads\/2022\/04\/App_Maig.jpg",840,286,false],"1536x1536":["https:\/\/www.ametllerorigenwp.com\/wp-content\/uploads\/2022\/04\/App_Maig.jpg",1000,340,false],"2048x2048":["https:\/\/www.ametllerorigenwp.com\/wp-content\/uploads\/2022\/04\/App_Maig.jpg",1000,340,false],"post-thumbnail":["https:\/\/www.ametllerorigenwp.com\/wp-content\/uploads\/2022\/04\/App_Maig.jpg",1000,340,false]},"uagb_author_info":{"display_name":"Mireia Zaragoza","author_link":"https:\/\/www.ametllerorigenwp.com\/ca\/author\/mzaragoza\/"},"uagb_comment_info":0,"uagb_excerpt":"Ho tenim tot a punt per a un maig ple d\u2019activitats! Est\u00e0s preparat? Consulta el nostre calendari i gaudeix dels millors tallers amb la influencer @Ferrusian, l\u2019instagramer @kitmeasures, el nostre cuiner Cintet, V\u00e4cka i Kombutxa Vitae, els showcookings amb la xef Ada Parellada i Sof\u00eda Janer, tasts i maridatges de vins i cerveses amb Meritxell&hellip;","coauthors":[],"tax_additional":{"categories":{"linked":["<a href=\"https:\/\/www.ametllerorigenwp.com\/ca\/category\/noticies\/\" class=\"advgb-post-tax-term\">Noticies<\/a>"],"unlinked":["<span class=\"advgb-post-tax-term\">Noticies<\/span>"]}},"comment_count":"0","relative_dates":{"created":"Posted 4 anys ago","modified":"Updated 4 anys ago"},"absolute_dates":{"created":"Posted on 29 d'abril de 2022","modified":"Updated on 29 d'abril de 2022"},"absolute_dates_time":{"created":"Posted on 29 d'abril de 2022 10:44","modified":"Updated on 29 d'abril de 2022 11:24"},"featured_img_caption":"","series_order":"","show_in_app":true,"fecha_inicio_destacado":null,"hora_inicio_visualizacion":null,"minutos_inicio_visualizacion":null,"fecha_final_destacado":null,"hora_final_visualizacion":null,"minutos_final_visualizacion":null,"posicion_visualizacion":null,"estado_destacado":null,"niveles_destacados":null,"url_del_enlace":null,"banner_destacado":null,"posicion_visualizacion_de_la_noticia":null,"estado_noticia":null,"fecha_de_inicio_de_visualizacion_del_tutorial":null,"hora_inicio_visualizacion_tutorial":null,"minutos_inicio_visualizacion_tutorial":null,"fecha_de_final_de_visualizacion_del_tutorial":null,"hora_final_visualizacion_tutorial":null,"minutos_final_visualizacion_tutorial":null,"numero_de_veces_visto":null,"numero_de_veces_total":null,"niveles_tutorial":null,"tutorial_recursos_castellano":null,"tutorial_recursos_catalan":null,"dias_disponibles":null,"dias_de_la_semana":null,"dias_del_mes":null,"other_lang_post_id":null,"lang":"ca","campanya_descripcion":null,"campanya_fecha_inicio":null,"campanya_fecha_fin":null,"campanya_legales":null,"campanya_imagen":null,"campanya_characteristics":null,"campanya_url":null,"campanya_posicion_visualizacion":null,"campanya_estado":null,"_links":{"self":[{"href":"https:\/\/www.ametllerorigenwp.com\/ca\/wp-json\/wp\/v2\/posts\/5300","targetHints":{"allow":["GET"]}}],"collection":[{"href":"https:\/\/www.ametllerorigenwp.com\/ca\/wp-json\/wp\/v2\/posts"}],"about":[{"href":"https:\/\/www.ametllerorigenwp.com\/ca\/wp-json\/wp\/v2\/types\/post"}],"author":[{"embeddable":true,"href":"https:\/\/www.ametllerorigenwp.com\/ca\/wp-json\/wp\/v2\/users\/5"}],"replies":[{"embeddable":true,"href":"https:\/\/www.ametllerorigenwp.com\/ca\/wp-json\/wp\/v2\/comments?post=5300"}],"version-history":[{"count":2,"href":"https:\/\/www.ametllerorigenwp.com\/ca\/wp-json\/wp\/v2\/posts\/5300\/revisions"}],"predecessor-version":[{"id":5302,"href":"https:\/\/www.ametllerorigenwp.com\/ca\/wp-json\/wp\/v2\/posts\/5300\/revisions\/5302"}],"wp:featuredmedia":[{"embeddable":true,"href":"https:\/\/www.ametllerorigenwp.com\/ca\/wp-json\/wp\/v2\/media\/5298"}],"wp:attachment":[{"href":"https:\/\/www.ametllerorigenwp.com\/ca\/wp-json\/wp\/v2\/media?parent=5300"}],"wp:term":[{"taxonomy":"category","embeddable":true,"href":"https:\/\/www.ametllerorigenwp.com\/ca\/wp-json\/wp\/v2\/categories?post=5300"},{"taxonomy":"post_tag","embeddable":true,"href":"https:\/\/www.ametllerorigenwp.com\/ca\/wp-json\/wp\/v2\/tags?post=5300"}],"curies":[{"name":"wp","href":"https:\/\/api.w.org\/{rel}","templated":true}]}}