{"id":5457,"date":"2022-05-22T12:34:00","date_gmt":"2022-05-22T12:34:00","guid":{"rendered":"https:\/\/www.ametllerorigenwp.com\/?p=5457"},"modified":"2022-05-20T13:01:56","modified_gmt":"2022-05-20T13:01:56","slug":"fans-de-les-maduixes-del-maresme-aixi-son-els-nostres-camps","status":"publish","type":"post","link":"https:\/\/www.ametllerorigenwp.com\/ca\/fans-de-les-maduixes-del-maresme-aixi-son-els-nostres-camps\/","title":{"rendered":"Fans de les maduixes del Maresme, aix\u00ed s\u00f3n els nostres camps!"},"content":{"rendered":"\n<p><strong>Sabies que collim les maduixes, dolces i sucoses, als nostres camps ben d\u2019hora al mat\u00ed i les portem el mateix dia a la botiga perqu\u00e8 puguis gaudir-les ben fresques? <\/strong>En aquest <a href=\"https:\/\/www.instagram.com\/tv\/Cdtd3H6oN3M\/?igshid=YmMyMTA2M2Y=\">v\u00eddeo<\/a>, el Cintet juntament amb el cap de finca, el Jaume Gallart, <strong>t\u2019ensenyen com s\u00f3n els nostres camps de maduixes de Cabrera de Mar.<\/strong><\/p>\n","protected":false},"excerpt":{"rendered":"<p>Sabies que collim les maduixes, dolces i sucoses, als nostres camps ben d\u2019hora al mat\u00ed i les portem el mateix dia a la botiga perqu\u00e8 puguis gaudir-les ben fresques? En aquest v\u00eddeo, el Cintet juntament amb el cap de finca, el Jaume Gallart, t\u2019ensenyen com s\u00f3n els nostres camps de maduixes de Cabrera de Mar.<\/p>\n","protected":false},"author":5,"featured_media":5459,"comment_status":"open","ping_status":"open","sticky":false,"template":"","format":"standard","meta":{"_uag_custom_page_level_css":"","advgb_blocks_editor_width":"","advgb_blocks_columns_visual_guide":"","footnotes":""},"categories":[2],"tags":[],"class_list":["post-5457","post","type-post","status-publish","format-standard","has-post-thumbnail","hentry","category-noticies"],"author_meta":{"display_name":"Mireia Zaragoza","author_link":"https:\/\/www.ametllerorigenwp.com\/ca\/author\/mzaragoza\/"},"featured_img":"https:\/\/www.ametllerorigenwp.com\/wp-content\/uploads\/2022\/05\/Maduixes_app-300x102.jpg","uagb_featured_image_src":{"full":["https:\/\/www.ametllerorigenwp.com\/wp-content\/uploads\/2022\/05\/Maduixes_app.jpg",1000,340,false],"thumbnail":["https:\/\/www.ametllerorigenwp.com\/wp-content\/uploads\/2022\/05\/Maduixes_app-150x150.jpg",150,150,true],"medium":["https:\/\/www.ametllerorigenwp.com\/wp-content\/uploads\/2022\/05\/Maduixes_app-300x102.jpg",300,102,true],"medium_large":["https:\/\/www.ametllerorigenwp.com\/wp-content\/uploads\/2022\/05\/Maduixes_app-768x261.jpg",768,261,true],"large":["https:\/\/www.ametllerorigenwp.com\/wp-content\/uploads\/2022\/05\/Maduixes_app.jpg",840,286,false],"1536x1536":["https:\/\/www.ametllerorigenwp.com\/wp-content\/uploads\/2022\/05\/Maduixes_app.jpg",1000,340,false],"2048x2048":["https:\/\/www.ametllerorigenwp.com\/wp-content\/uploads\/2022\/05\/Maduixes_app.jpg",1000,340,false],"post-thumbnail":["https:\/\/www.ametllerorigenwp.com\/wp-content\/uploads\/2022\/05\/Maduixes_app.jpg",1000,340,false]},"uagb_author_info":{"display_name":"Mireia Zaragoza","author_link":"https:\/\/www.ametllerorigenwp.com\/ca\/author\/mzaragoza\/"},"uagb_comment_info":0,"uagb_excerpt":"Sabies que collim les maduixes, dolces i sucoses, als nostres camps ben d\u2019hora al mat\u00ed i les portem el mateix dia a la botiga perqu\u00e8 puguis gaudir-les ben fresques? En aquest v\u00eddeo, el Cintet juntament amb el cap de finca, el Jaume Gallart, t\u2019ensenyen com s\u00f3n els nostres camps de maduixes de Cabrera de Mar.","coauthors":[],"tax_additional":{"categories":{"linked":["<a href=\"https:\/\/www.ametllerorigenwp.com\/ca\/category\/noticies\/\" class=\"advgb-post-tax-term\">Noticies<\/a>"],"unlinked":["<span class=\"advgb-post-tax-term\">Noticies<\/span>"]}},"comment_count":"0","relative_dates":{"created":"Posted 4 anys ago","modified":"Updated 4 anys ago"},"absolute_dates":{"created":"Posted on 22 de maig de 2022","modified":"Updated on 20 de maig de 2022"},"absolute_dates_time":{"created":"Posted on 22 de maig de 2022 12:34","modified":"Updated on 20 de maig de 2022 13:01"},"featured_img_caption":"","series_order":"","show_in_app":true,"fecha_inicio_destacado":null,"hora_inicio_visualizacion":null,"minutos_inicio_visualizacion":null,"fecha_final_destacado":null,"hora_final_visualizacion":null,"minutos_final_visualizacion":null,"posicion_visualizacion":null,"estado_destacado":null,"niveles_destacados":null,"url_del_enlace":null,"banner_destacado":null,"posicion_visualizacion_de_la_noticia":null,"estado_noticia":null,"fecha_de_inicio_de_visualizacion_del_tutorial":null,"hora_inicio_visualizacion_tutorial":null,"minutos_inicio_visualizacion_tutorial":null,"fecha_de_final_de_visualizacion_del_tutorial":null,"hora_final_visualizacion_tutorial":null,"minutos_final_visualizacion_tutorial":null,"numero_de_veces_visto":null,"numero_de_veces_total":null,"niveles_tutorial":null,"tutorial_recursos_castellano":null,"tutorial_recursos_catalan":null,"dias_disponibles":null,"dias_de_la_semana":null,"dias_del_mes":null,"other_lang_post_id":null,"lang":"ca","campanya_descripcion":null,"campanya_fecha_inicio":null,"campanya_fecha_fin":null,"campanya_legales":null,"campanya_imagen":null,"campanya_characteristics":null,"campanya_url":null,"campanya_posicion_visualizacion":null,"campanya_estado":null,"_links":{"self":[{"href":"https:\/\/www.ametllerorigenwp.com\/ca\/wp-json\/wp\/v2\/posts\/5457","targetHints":{"allow":["GET"]}}],"collection":[{"href":"https:\/\/www.ametllerorigenwp.com\/ca\/wp-json\/wp\/v2\/posts"}],"about":[{"href":"https:\/\/www.ametllerorigenwp.com\/ca\/wp-json\/wp\/v2\/types\/post"}],"author":[{"embeddable":true,"href":"https:\/\/www.ametllerorigenwp.com\/ca\/wp-json\/wp\/v2\/users\/5"}],"replies":[{"embeddable":true,"href":"https:\/\/www.ametllerorigenwp.com\/ca\/wp-json\/wp\/v2\/comments?post=5457"}],"version-history":[{"count":1,"href":"https:\/\/www.ametllerorigenwp.com\/ca\/wp-json\/wp\/v2\/posts\/5457\/revisions"}],"predecessor-version":[{"id":5458,"href":"https:\/\/www.ametllerorigenwp.com\/ca\/wp-json\/wp\/v2\/posts\/5457\/revisions\/5458"}],"wp:featuredmedia":[{"embeddable":true,"href":"https:\/\/www.ametllerorigenwp.com\/ca\/wp-json\/wp\/v2\/media\/5459"}],"wp:attachment":[{"href":"https:\/\/www.ametllerorigenwp.com\/ca\/wp-json\/wp\/v2\/media?parent=5457"}],"wp:term":[{"taxonomy":"category","embeddable":true,"href":"https:\/\/www.ametllerorigenwp.com\/ca\/wp-json\/wp\/v2\/categories?post=5457"},{"taxonomy":"post_tag","embeddable":true,"href":"https:\/\/www.ametllerorigenwp.com\/ca\/wp-json\/wp\/v2\/tags?post=5457"}],"curies":[{"name":"wp","href":"https:\/\/api.w.org\/{rel}","templated":true}]}}