{"id":5581,"date":"2022-06-07T15:11:56","date_gmt":"2022-06-07T15:11:56","guid":{"rendered":"https:\/\/www.ametllerorigenwp.com\/?p=5581"},"modified":"2022-06-08T16:48:10","modified_gmt":"2022-06-08T16:48:10","slug":"saps-com-tallar-la-sindria-de-manera-facil","status":"publish","type":"post","link":"https:\/\/www.ametllerorigenwp.com\/ca\/saps-com-tallar-la-sindria-de-manera-facil\/","title":{"rendered":"Saps com tallar la s\u00edndria de manera f\u00e0cil?"},"content":{"rendered":"\n<p>Estem segurs que alguna vegada quan has comprat s\u00edndria t\u2019has preguntat&nbsp;<strong>quina \u00e9s la manera m\u00e9s f\u00e0cil de tallar-la<\/strong>, sense deixar-te un dit en l\u2019intent. Doncs b\u00e9, una opci\u00f3 senzilla \u00e9s la seg\u00fcent:<\/p>\n\n\n\n<ol class=\"wp-block-list\" type=\"1\"><li><strong>Agafa la s\u00edndria i posa-la de forma vertical<\/strong>, \u00e9s a dir, recolzant-la per la part m\u00e9s estreta.<\/li><li><strong>Amb un ganivet ben afilat<\/strong>, molt important, <strong>talla-la per la meitat<\/strong>.<\/li><li><strong>Una vegada tinguis les dues parts, talla cadascuna de les parts en dos<\/strong>. En total tindr\u00e0s 4 trossos.<\/li><li><strong>Amb el ganivet talla cada tros en forma de \u201ctriangulets\u201d i ja estar\u00e0 llesta per menjar!<\/strong><\/li><\/ol>\n\n\n\n<p>Llegeix aquest <a href=\"https:\/\/www.ametllerorigen.com\/ca\/blog\/com-sha-de-tallar-la-sindria-dolca-i-refrescant-es-una-de-les-fruites-tipiques-daquesta-temporada-si-estem-parlant-de-la-sindria-i-es-que-no-hi-ha-estiu-sense-sindria-oi-en-el\">article<\/a> del blog per descobrir quines s\u00f3n les propietats de la s\u00edndria, aix\u00ed com altres curiositats i receptes sobre aquesta fruita dol\u00e7a i refrescant!<\/p>\n","protected":false},"excerpt":{"rendered":"<p>Estem segurs que alguna vegada quan has comprat s\u00edndria t\u2019has preguntat&nbsp;quina \u00e9s la manera m\u00e9s f\u00e0cil de tallar-la, sense deixar-te un dit en l\u2019intent. Doncs b\u00e9, una opci\u00f3 senzilla \u00e9s la seg\u00fcent: Agafa la s\u00edndria i posa-la de forma vertical, \u00e9s a dir, recolzant-la per la part m\u00e9s estreta. Amb un ganivet ben afilat, molt &hellip; <a href=\"https:\/\/www.ametllerorigenwp.com\/ca\/saps-com-tallar-la-sindria-de-manera-facil\/\" class=\"more-link\">Continua llegint <span class=\"screen-reader-text\">\u00abSaps com tallar la s\u00edndria de manera f\u00e0cil?\u00bb<\/span><\/a><\/p>\n","protected":false},"author":3,"featured_media":5582,"comment_status":"open","ping_status":"open","sticky":false,"template":"","format":"standard","meta":{"_uag_custom_page_level_css":"","advgb_blocks_editor_width":"","advgb_blocks_columns_visual_guide":"","footnotes":""},"categories":[2],"tags":[],"class_list":["post-5581","post","type-post","status-publish","format-standard","has-post-thumbnail","hentry","category-noticies"],"author_meta":{"display_name":"Ametller Origen","author_link":"https:\/\/www.ametllerorigenwp.com\/ca\/author\/ao_editor\/"},"featured_img":"https:\/\/www.ametllerorigenwp.com\/wp-content\/uploads\/2022\/06\/Sindria_app-300x102.jpg","uagb_featured_image_src":{"full":["https:\/\/www.ametllerorigenwp.com\/wp-content\/uploads\/2022\/06\/Sindria_app.jpg",1000,340,false],"thumbnail":["https:\/\/www.ametllerorigenwp.com\/wp-content\/uploads\/2022\/06\/Sindria_app-150x150.jpg",150,150,true],"medium":["https:\/\/www.ametllerorigenwp.com\/wp-content\/uploads\/2022\/06\/Sindria_app-300x102.jpg",300,102,true],"medium_large":["https:\/\/www.ametllerorigenwp.com\/wp-content\/uploads\/2022\/06\/Sindria_app-768x261.jpg",768,261,true],"large":["https:\/\/www.ametllerorigenwp.com\/wp-content\/uploads\/2022\/06\/Sindria_app.jpg",840,286,false],"1536x1536":["https:\/\/www.ametllerorigenwp.com\/wp-content\/uploads\/2022\/06\/Sindria_app.jpg",1000,340,false],"2048x2048":["https:\/\/www.ametllerorigenwp.com\/wp-content\/uploads\/2022\/06\/Sindria_app.jpg",1000,340,false],"post-thumbnail":["https:\/\/www.ametllerorigenwp.com\/wp-content\/uploads\/2022\/06\/Sindria_app.jpg",1000,340,false]},"uagb_author_info":{"display_name":"Ametller Origen","author_link":"https:\/\/www.ametllerorigenwp.com\/ca\/author\/ao_editor\/"},"uagb_comment_info":0,"uagb_excerpt":"Estem segurs que alguna vegada quan has comprat s\u00edndria t\u2019has preguntat&nbsp;quina \u00e9s la manera m\u00e9s f\u00e0cil de tallar-la, sense deixar-te un dit en l\u2019intent. Doncs b\u00e9, una opci\u00f3 senzilla \u00e9s la seg\u00fcent: Agafa la s\u00edndria i posa-la de forma vertical, \u00e9s a dir, recolzant-la per la part m\u00e9s estreta. Amb un ganivet ben afilat, molt&hellip;","coauthors":[],"tax_additional":{"categories":{"linked":["<a href=\"https:\/\/www.ametllerorigenwp.com\/ca\/category\/noticies\/\" class=\"advgb-post-tax-term\">Noticies<\/a>"],"unlinked":["<span class=\"advgb-post-tax-term\">Noticies<\/span>"]}},"comment_count":"0","relative_dates":{"created":"Posted 4 anys ago","modified":"Updated 4 anys ago"},"absolute_dates":{"created":"Posted on 7 de juny de 2022","modified":"Updated on 8 de juny de 2022"},"absolute_dates_time":{"created":"Posted on 7 de juny de 2022 15:11","modified":"Updated on 8 de juny de 2022 16:48"},"featured_img_caption":"","series_order":"","show_in_app":true,"fecha_inicio_destacado":null,"hora_inicio_visualizacion":null,"minutos_inicio_visualizacion":null,"fecha_final_destacado":null,"hora_final_visualizacion":null,"minutos_final_visualizacion":null,"posicion_visualizacion":null,"estado_destacado":null,"niveles_destacados":null,"url_del_enlace":null,"banner_destacado":null,"posicion_visualizacion_de_la_noticia":null,"estado_noticia":null,"fecha_de_inicio_de_visualizacion_del_tutorial":null,"hora_inicio_visualizacion_tutorial":null,"minutos_inicio_visualizacion_tutorial":null,"fecha_de_final_de_visualizacion_del_tutorial":null,"hora_final_visualizacion_tutorial":null,"minutos_final_visualizacion_tutorial":null,"numero_de_veces_visto":null,"numero_de_veces_total":null,"niveles_tutorial":null,"tutorial_recursos_castellano":null,"tutorial_recursos_catalan":null,"dias_disponibles":null,"dias_de_la_semana":null,"dias_del_mes":null,"other_lang_post_id":null,"lang":"ca","campanya_descripcion":null,"campanya_fecha_inicio":null,"campanya_fecha_fin":null,"campanya_legales":null,"campanya_imagen":null,"campanya_characteristics":null,"campanya_url":null,"campanya_posicion_visualizacion":null,"campanya_estado":null,"_links":{"self":[{"href":"https:\/\/www.ametllerorigenwp.com\/ca\/wp-json\/wp\/v2\/posts\/5581","targetHints":{"allow":["GET"]}}],"collection":[{"href":"https:\/\/www.ametllerorigenwp.com\/ca\/wp-json\/wp\/v2\/posts"}],"about":[{"href":"https:\/\/www.ametllerorigenwp.com\/ca\/wp-json\/wp\/v2\/types\/post"}],"author":[{"embeddable":true,"href":"https:\/\/www.ametllerorigenwp.com\/ca\/wp-json\/wp\/v2\/users\/3"}],"replies":[{"embeddable":true,"href":"https:\/\/www.ametllerorigenwp.com\/ca\/wp-json\/wp\/v2\/comments?post=5581"}],"version-history":[{"count":1,"href":"https:\/\/www.ametllerorigenwp.com\/ca\/wp-json\/wp\/v2\/posts\/5581\/revisions"}],"predecessor-version":[{"id":5584,"href":"https:\/\/www.ametllerorigenwp.com\/ca\/wp-json\/wp\/v2\/posts\/5581\/revisions\/5584"}],"wp:featuredmedia":[{"embeddable":true,"href":"https:\/\/www.ametllerorigenwp.com\/ca\/wp-json\/wp\/v2\/media\/5582"}],"wp:attachment":[{"href":"https:\/\/www.ametllerorigenwp.com\/ca\/wp-json\/wp\/v2\/media?parent=5581"}],"wp:term":[{"taxonomy":"category","embeddable":true,"href":"https:\/\/www.ametllerorigenwp.com\/ca\/wp-json\/wp\/v2\/categories?post=5581"},{"taxonomy":"post_tag","embeddable":true,"href":"https:\/\/www.ametllerorigenwp.com\/ca\/wp-json\/wp\/v2\/tags?post=5581"}],"curies":[{"name":"wp","href":"https:\/\/api.w.org\/{rel}","templated":true}]}}