{"id":5639,"date":"2022-06-16T17:12:46","date_gmt":"2022-06-16T17:12:46","guid":{"rendered":"https:\/\/www.ametllerorigenwp.com\/?p=5639"},"modified":"2022-06-16T17:14:43","modified_gmt":"2022-06-16T17:14:43","slug":"cuina-solidaria-en-benefici-de-lela","status":"publish","type":"post","link":"https:\/\/www.ametllerorigenwp.com\/ca\/cuina-solidaria-en-benefici-de-lela\/","title":{"rendered":"\u2018Cuina Solid\u00e0ria\u2019 en benefici de l\u2019ELA"},"content":{"rendered":"\n<p><strong>A<\/strong><strong>lbert Adri\u00e0, Ada Parellada, Joan Roca, Carme Ruscalleda i Nandu Jubany i Aitana Bonmat\u00ed, Ona Carbonell, Alex Corretja, Al\u00e8xia Putellas i Juan Carlos Unzu\u00e9 impulsen, <\/strong><strong>de la m\u00e0 d\u2019Ametller Origen<\/strong><strong>, la <\/strong><strong>iniciativa gastron\u00f2mica \u2018Cuina Solid\u00e0ria\u2019 <\/strong><strong>per recaptar fons per a la Fundaci\u00f3 Catalana d\u2019ELA Miquel Valls, que treballa per contribuir a la millora de la qualitat de vida dels pacients i els seus familiars.<\/strong><\/p>\n\n\n\n<p>La iniciativa es va presentar ahir a Ametller Origen Mercat d\u2019Autors i va comptar amb l\u2019assist\u00e8ncia dels xefs Ada Parellada, Carme Ruscalleda i Nandu Jubany i els esportistes Alex Corretja i Juan Carlos Unzu\u00e9, que han recordat la import\u00e0ncia de donar visibilitat a les malalties minorit\u00e0ries i promoure accions que ajudin a recaptar fons.<\/p>\n\n\n\n<p>El tret de sortida de \u2018Cuina Solid\u00e0ria\u2019 s\u2019inicia amb el <strong>plat preferit de l\u2019Unzu\u00e9, uns pebrots del piquillo amb brandada de bacall\u00e0,<\/strong> <strong>amb la recepta del xef Nandu Jubany<\/strong>. Seguidament, completen aquest calendari gastron\u00f2mic <strong>la Carme Ruscalleda amb l\u2019Alex Corretja<\/strong>, que ens delectaran amb un arr\u00f2s amb vegetals de temporada durant els mesos de setembre i octubre, i durant novembre i desembre podrem tastar els ous saltats amb bolets preferits de <strong>l\u2019Al\u00e8xia Putellas seguint la recepta del Joan Roca<\/strong>. Durant el mes de gener i febrer de 2023 es posar\u00e0 a la venda el plat solidari de l\u2019<strong>Ona Carbonell amb la recepta de l\u2019Ada Parellada,<\/strong> uns nyoquis de calamars i s\u00edpia, i finalment durant el mes de mar\u00e7 i abril podrem degustar el plat favorit de <strong>l\u2019Aitana Bonmat\u00ed amb la recepta de l\u2019Albert Adri\u00e0<\/strong>, uns <em>rigatoni<\/em> al pesto i parmes\u00e0.<\/p>\n\n\n\n<p>Cada plat es posar\u00e0 a la venda a les 120 botigues f\u00edsiques i a la botiga online. Suma-t\u2019hi i avancem junts cap al m\u00f3n on volem viure! &nbsp;<\/p>\n","protected":false},"excerpt":{"rendered":"<p>Albert Adri\u00e0, Ada Parellada, Joan Roca, Carme Ruscalleda i Nandu Jubany i Aitana Bonmat\u00ed, Ona Carbonell, Alex Corretja, Al\u00e8xia Putellas i Juan Carlos Unzu\u00e9 impulsen, de la m\u00e0 d\u2019Ametller Origen, la iniciativa gastron\u00f2mica \u2018Cuina Solid\u00e0ria\u2019 per recaptar fons per a la Fundaci\u00f3 Catalana d\u2019ELA Miquel Valls, que treballa per contribuir a la millora de la &hellip; <a href=\"https:\/\/www.ametllerorigenwp.com\/ca\/cuina-solidaria-en-benefici-de-lela\/\" class=\"more-link\">Continua llegint <span class=\"screen-reader-text\">\u00ab\u2018Cuina Solid\u00e0ria\u2019 en benefici de l\u2019ELA\u00bb<\/span><\/a><\/p>\n","protected":false},"author":3,"featured_media":5640,"comment_status":"open","ping_status":"open","sticky":false,"template":"","format":"standard","meta":{"_uag_custom_page_level_css":"","advgb_blocks_editor_width":"","advgb_blocks_columns_visual_guide":"","footnotes":""},"categories":[2],"tags":[],"class_list":["post-5639","post","type-post","status-publish","format-standard","has-post-thumbnail","hentry","category-noticies"],"author_meta":{"display_name":"Ametller Origen","author_link":"https:\/\/www.ametllerorigenwp.com\/ca\/author\/ao_editor\/"},"featured_img":"https:\/\/www.ametllerorigenwp.com\/wp-content\/uploads\/2022\/06\/app-300x101.jpg","uagb_featured_image_src":{"full":["https:\/\/www.ametllerorigenwp.com\/wp-content\/uploads\/2022\/06\/app.jpg",1003,338,false],"thumbnail":["https:\/\/www.ametllerorigenwp.com\/wp-content\/uploads\/2022\/06\/app-150x150.jpg",150,150,true],"medium":["https:\/\/www.ametllerorigenwp.com\/wp-content\/uploads\/2022\/06\/app-300x101.jpg",300,101,true],"medium_large":["https:\/\/www.ametllerorigenwp.com\/wp-content\/uploads\/2022\/06\/app-768x259.jpg",768,259,true],"large":["https:\/\/www.ametllerorigenwp.com\/wp-content\/uploads\/2022\/06\/app.jpg",840,283,false],"1536x1536":["https:\/\/www.ametllerorigenwp.com\/wp-content\/uploads\/2022\/06\/app.jpg",1003,338,false],"2048x2048":["https:\/\/www.ametllerorigenwp.com\/wp-content\/uploads\/2022\/06\/app.jpg",1003,338,false],"post-thumbnail":["https:\/\/www.ametllerorigenwp.com\/wp-content\/uploads\/2022\/06\/app.jpg",1003,338,false]},"uagb_author_info":{"display_name":"Ametller Origen","author_link":"https:\/\/www.ametllerorigenwp.com\/ca\/author\/ao_editor\/"},"uagb_comment_info":0,"uagb_excerpt":"Albert Adri\u00e0, Ada Parellada, Joan Roca, Carme Ruscalleda i Nandu Jubany i Aitana Bonmat\u00ed, Ona Carbonell, Alex Corretja, Al\u00e8xia Putellas i Juan Carlos Unzu\u00e9 impulsen, de la m\u00e0 d\u2019Ametller Origen, la iniciativa gastron\u00f2mica \u2018Cuina Solid\u00e0ria\u2019 per recaptar fons per a la Fundaci\u00f3 Catalana d\u2019ELA Miquel Valls, que treballa per contribuir a la millora de la&hellip;","coauthors":[],"tax_additional":{"categories":{"linked":["<a href=\"https:\/\/www.ametllerorigenwp.com\/ca\/category\/noticies\/\" class=\"advgb-post-tax-term\">Noticies<\/a>"],"unlinked":["<span class=\"advgb-post-tax-term\">Noticies<\/span>"]}},"comment_count":"0","relative_dates":{"created":"Posted 4 anys ago","modified":"Updated 4 anys ago"},"absolute_dates":{"created":"Posted on 16 de juny de 2022","modified":"Updated on 16 de juny de 2022"},"absolute_dates_time":{"created":"Posted on 16 de juny de 2022 17:12","modified":"Updated on 16 de juny de 2022 17:14"},"featured_img_caption":"","series_order":"","show_in_app":true,"fecha_inicio_destacado":null,"hora_inicio_visualizacion":null,"minutos_inicio_visualizacion":null,"fecha_final_destacado":null,"hora_final_visualizacion":null,"minutos_final_visualizacion":null,"posicion_visualizacion":null,"estado_destacado":null,"niveles_destacados":null,"url_del_enlace":null,"banner_destacado":null,"posicion_visualizacion_de_la_noticia":null,"estado_noticia":null,"fecha_de_inicio_de_visualizacion_del_tutorial":null,"hora_inicio_visualizacion_tutorial":null,"minutos_inicio_visualizacion_tutorial":null,"fecha_de_final_de_visualizacion_del_tutorial":null,"hora_final_visualizacion_tutorial":null,"minutos_final_visualizacion_tutorial":null,"numero_de_veces_visto":null,"numero_de_veces_total":null,"niveles_tutorial":null,"tutorial_recursos_castellano":null,"tutorial_recursos_catalan":null,"dias_disponibles":null,"dias_de_la_semana":null,"dias_del_mes":null,"other_lang_post_id":null,"lang":"ca","campanya_descripcion":null,"campanya_fecha_inicio":null,"campanya_fecha_fin":null,"campanya_legales":null,"campanya_imagen":null,"campanya_characteristics":null,"campanya_url":null,"campanya_posicion_visualizacion":null,"campanya_estado":null,"_links":{"self":[{"href":"https:\/\/www.ametllerorigenwp.com\/ca\/wp-json\/wp\/v2\/posts\/5639","targetHints":{"allow":["GET"]}}],"collection":[{"href":"https:\/\/www.ametllerorigenwp.com\/ca\/wp-json\/wp\/v2\/posts"}],"about":[{"href":"https:\/\/www.ametllerorigenwp.com\/ca\/wp-json\/wp\/v2\/types\/post"}],"author":[{"embeddable":true,"href":"https:\/\/www.ametllerorigenwp.com\/ca\/wp-json\/wp\/v2\/users\/3"}],"replies":[{"embeddable":true,"href":"https:\/\/www.ametllerorigenwp.com\/ca\/wp-json\/wp\/v2\/comments?post=5639"}],"version-history":[{"count":2,"href":"https:\/\/www.ametllerorigenwp.com\/ca\/wp-json\/wp\/v2\/posts\/5639\/revisions"}],"predecessor-version":[{"id":5643,"href":"https:\/\/www.ametllerorigenwp.com\/ca\/wp-json\/wp\/v2\/posts\/5639\/revisions\/5643"}],"wp:featuredmedia":[{"embeddable":true,"href":"https:\/\/www.ametllerorigenwp.com\/ca\/wp-json\/wp\/v2\/media\/5640"}],"wp:attachment":[{"href":"https:\/\/www.ametllerorigenwp.com\/ca\/wp-json\/wp\/v2\/media?parent=5639"}],"wp:term":[{"taxonomy":"category","embeddable":true,"href":"https:\/\/www.ametllerorigenwp.com\/ca\/wp-json\/wp\/v2\/categories?post=5639"},{"taxonomy":"post_tag","embeddable":true,"href":"https:\/\/www.ametllerorigenwp.com\/ca\/wp-json\/wp\/v2\/tags?post=5639"}],"curies":[{"name":"wp","href":"https:\/\/api.w.org\/{rel}","templated":true}]}}