{"id":5991,"date":"2022-08-30T13:47:00","date_gmt":"2022-08-30T13:47:00","guid":{"rendered":"https:\/\/www.ametllerorigenwp.com\/?p=5991"},"modified":"2022-08-09T13:48:19","modified_gmt":"2022-08-09T13:48:19","slug":"la-fruita-seca-un-aliment-per-a-qualsevol-edat","status":"publish","type":"post","link":"https:\/\/www.ametllerorigenwp.com\/ca\/la-fruita-seca-un-aliment-per-a-qualsevol-edat\/","title":{"rendered":"La fruita seca, un aliment per a qualsevol edat"},"content":{"rendered":"\n<p><strong>Penses que la fruita seca no \u00e9s recomanable per als m\u00e9s petits perqu\u00e8 sovint provoca al\u00b7l\u00e8rgies en els primers anys de vida o pel risc d\u2019ennuegament?<\/strong> Coincidint que aquesta setmana se celebra el Dia Mundial de la Fruita Seca, volem desmitificar aquesta creen\u00e7a perqu\u00e8 \u00e9s incorrecta!<\/p>\n\n\n\n<p><strong>La fruita seca \u00e9s un aliment saludable que es pot oferir a partir dels 6 mesos<\/strong>, tenint en compte que ha d\u2019estar en pols, triturada o en forma de crema. <strong>L\u2019edat en qu\u00e8 ja es pot oferir fruita seca sencera<\/strong>, sempre sota la supervisi\u00f3 d\u2019un adult, <strong>oscil\u00b7la entre els 3 i 5 anys<\/strong>. Pel que fa al risc d\u2019al\u00b7l\u00e8rgies, val a dir que <strong>no s\u2019ha demostrat cient\u00edficament que aquesta dilaci\u00f3 en el temps impedeixi l\u2019aparici\u00f3 d\u2019al\u00b7l\u00e8rgies<\/strong>.<\/p>\n\n\n\n<p>Aix\u00ed doncs, <strong>incorpora la fruita seca en el dia a dia dels m\u00e9s petits de la casa<\/strong> <strong>perqu\u00e8 \u00e9s una font saludable de prote\u00efnes, greixos saludables, vitamines, minerals, antioxidants, fibra i fitoqu\u00edmics<\/strong>!<\/p>\n","protected":false},"excerpt":{"rendered":"<p>Penses que la fruita seca no \u00e9s recomanable per als m\u00e9s petits perqu\u00e8 sovint provoca al\u00b7l\u00e8rgies en els primers anys de vida o pel risc d\u2019ennuegament? Coincidint que aquesta setmana se celebra el Dia Mundial de la Fruita Seca, volem desmitificar aquesta creen\u00e7a perqu\u00e8 \u00e9s incorrecta! La fruita seca \u00e9s un aliment saludable que es &hellip; <a href=\"https:\/\/www.ametllerorigenwp.com\/ca\/la-fruita-seca-un-aliment-per-a-qualsevol-edat\/\" class=\"more-link\">Continua llegint <span class=\"screen-reader-text\">\u00abLa fruita seca, un aliment per a qualsevol edat\u00bb<\/span><\/a><\/p>\n","protected":false},"author":3,"featured_media":5989,"comment_status":"open","ping_status":"open","sticky":false,"template":"","format":"standard","meta":{"_uag_custom_page_level_css":"","advgb_blocks_editor_width":"","advgb_blocks_columns_visual_guide":"","footnotes":""},"categories":[2],"tags":[],"class_list":["post-5991","post","type-post","status-publish","format-standard","has-post-thumbnail","hentry","category-noticies"],"author_meta":{"display_name":"Ametller Origen","author_link":"https:\/\/www.ametllerorigenwp.com\/ca\/author\/ao_editor\/"},"featured_img":"https:\/\/www.ametllerorigenwp.com\/wp-content\/uploads\/2022\/08\/IM_APP_FruitaSeca-300x102.jpg","uagb_featured_image_src":{"full":["https:\/\/www.ametllerorigenwp.com\/wp-content\/uploads\/2022\/08\/IM_APP_FruitaSeca.jpg",1000,340,false],"thumbnail":["https:\/\/www.ametllerorigenwp.com\/wp-content\/uploads\/2022\/08\/IM_APP_FruitaSeca-150x150.jpg",150,150,true],"medium":["https:\/\/www.ametllerorigenwp.com\/wp-content\/uploads\/2022\/08\/IM_APP_FruitaSeca-300x102.jpg",300,102,true],"medium_large":["https:\/\/www.ametllerorigenwp.com\/wp-content\/uploads\/2022\/08\/IM_APP_FruitaSeca-768x261.jpg",768,261,true],"large":["https:\/\/www.ametllerorigenwp.com\/wp-content\/uploads\/2022\/08\/IM_APP_FruitaSeca.jpg",840,286,false],"1536x1536":["https:\/\/www.ametllerorigenwp.com\/wp-content\/uploads\/2022\/08\/IM_APP_FruitaSeca.jpg",1000,340,false],"2048x2048":["https:\/\/www.ametllerorigenwp.com\/wp-content\/uploads\/2022\/08\/IM_APP_FruitaSeca.jpg",1000,340,false],"post-thumbnail":["https:\/\/www.ametllerorigenwp.com\/wp-content\/uploads\/2022\/08\/IM_APP_FruitaSeca.jpg",1000,340,false]},"uagb_author_info":{"display_name":"Ametller Origen","author_link":"https:\/\/www.ametllerorigenwp.com\/ca\/author\/ao_editor\/"},"uagb_comment_info":0,"uagb_excerpt":"Penses que la fruita seca no \u00e9s recomanable per als m\u00e9s petits perqu\u00e8 sovint provoca al\u00b7l\u00e8rgies en els primers anys de vida o pel risc d\u2019ennuegament? Coincidint que aquesta setmana se celebra el Dia Mundial de la Fruita Seca, volem desmitificar aquesta creen\u00e7a perqu\u00e8 \u00e9s incorrecta! La fruita seca \u00e9s un aliment saludable que es&hellip;","coauthors":[],"tax_additional":{"categories":{"linked":["<a href=\"https:\/\/www.ametllerorigenwp.com\/ca\/category\/noticies\/\" class=\"advgb-post-tax-term\">Noticies<\/a>"],"unlinked":["<span class=\"advgb-post-tax-term\">Noticies<\/span>"]}},"comment_count":"0","relative_dates":{"created":"Posted 4 anys ago","modified":"Updated 4 anys ago"},"absolute_dates":{"created":"Posted on 30 d'agost de 2022","modified":"Updated on 9 d'agost de 2022"},"absolute_dates_time":{"created":"Posted on 30 d'agost de 2022 13:47","modified":"Updated on 9 d'agost de 2022 13:48"},"featured_img_caption":"","series_order":"","show_in_app":true,"fecha_inicio_destacado":null,"hora_inicio_visualizacion":null,"minutos_inicio_visualizacion":null,"fecha_final_destacado":null,"hora_final_visualizacion":null,"minutos_final_visualizacion":null,"posicion_visualizacion":null,"estado_destacado":null,"niveles_destacados":null,"url_del_enlace":null,"banner_destacado":null,"posicion_visualizacion_de_la_noticia":null,"estado_noticia":null,"fecha_de_inicio_de_visualizacion_del_tutorial":null,"hora_inicio_visualizacion_tutorial":null,"minutos_inicio_visualizacion_tutorial":null,"fecha_de_final_de_visualizacion_del_tutorial":null,"hora_final_visualizacion_tutorial":null,"minutos_final_visualizacion_tutorial":null,"numero_de_veces_visto":null,"numero_de_veces_total":null,"niveles_tutorial":null,"tutorial_recursos_castellano":null,"tutorial_recursos_catalan":null,"dias_disponibles":null,"dias_de_la_semana":null,"dias_del_mes":null,"other_lang_post_id":null,"lang":"ca","campanya_descripcion":null,"campanya_fecha_inicio":null,"campanya_fecha_fin":null,"campanya_legales":null,"campanya_imagen":null,"campanya_characteristics":null,"campanya_url":null,"campanya_posicion_visualizacion":null,"campanya_estado":null,"_links":{"self":[{"href":"https:\/\/www.ametllerorigenwp.com\/ca\/wp-json\/wp\/v2\/posts\/5991","targetHints":{"allow":["GET"]}}],"collection":[{"href":"https:\/\/www.ametllerorigenwp.com\/ca\/wp-json\/wp\/v2\/posts"}],"about":[{"href":"https:\/\/www.ametllerorigenwp.com\/ca\/wp-json\/wp\/v2\/types\/post"}],"author":[{"embeddable":true,"href":"https:\/\/www.ametllerorigenwp.com\/ca\/wp-json\/wp\/v2\/users\/3"}],"replies":[{"embeddable":true,"href":"https:\/\/www.ametllerorigenwp.com\/ca\/wp-json\/wp\/v2\/comments?post=5991"}],"version-history":[{"count":1,"href":"https:\/\/www.ametllerorigenwp.com\/ca\/wp-json\/wp\/v2\/posts\/5991\/revisions"}],"predecessor-version":[{"id":5992,"href":"https:\/\/www.ametllerorigenwp.com\/ca\/wp-json\/wp\/v2\/posts\/5991\/revisions\/5992"}],"wp:featuredmedia":[{"embeddable":true,"href":"https:\/\/www.ametllerorigenwp.com\/ca\/wp-json\/wp\/v2\/media\/5989"}],"wp:attachment":[{"href":"https:\/\/www.ametllerorigenwp.com\/ca\/wp-json\/wp\/v2\/media?parent=5991"}],"wp:term":[{"taxonomy":"category","embeddable":true,"href":"https:\/\/www.ametllerorigenwp.com\/ca\/wp-json\/wp\/v2\/categories?post=5991"},{"taxonomy":"post_tag","embeddable":true,"href":"https:\/\/www.ametllerorigenwp.com\/ca\/wp-json\/wp\/v2\/tags?post=5991"}],"curies":[{"name":"wp","href":"https:\/\/api.w.org\/{rel}","templated":true}]}}