{"id":5993,"date":"2022-09-01T13:50:00","date_gmt":"2022-09-01T13:50:00","guid":{"rendered":"https:\/\/www.ametllerorigenwp.com\/?p=5993"},"modified":"2022-08-12T06:22:25","modified_gmt":"2022-08-12T06:22:25","slug":"tornen-els-nostres-tallers-prepara-lagenda-de-setembre","status":"publish","type":"post","link":"https:\/\/www.ametllerorigenwp.com\/ca\/tornen-els-nostres-tallers-prepara-lagenda-de-setembre\/","title":{"rendered":"Tornen els nostres tallers: prepara l\u2019agenda de setembre!"},"content":{"rendered":"\n<p>La tornada a la rutina \u00e9s m\u00e9s divertida amb els nostres tallers i activitats! No te\u2019n perdis ni un, n\u2019hi ha per a tots els gustos i edats.<\/p>\n\n\n\n<p>Consulta <a href=\"https:\/\/www.femcami.org\/ca\/escola-del-bon-menjar\/esdeveniments\/\">el nostre calendari<\/a> i gaudeix dels millors <strong>showcookings de receptes r\u00e0pides amb la xef Ada Parellada<\/strong> i d\u2019<strong>arr\u00f2s de llauna amb l\u2019instagramer @kitmesures<\/strong>. <strong>Amb el Cintet<\/strong> aprendr\u00e0s a cuinar <strong>hamburgueses vegetals<\/strong>, t\u2019endinsar\u00e0s a la <strong>cuina asi\u00e0tica i Tex-Mex<\/strong>. Tamb\u00e9 aprendr\u00e0s a <strong>preparar-te carmanyoles per a la feina<\/strong> i rebr\u00e0s consells sobre <strong>sopars saludables per dormir millor. <\/strong>Tanmateix, coincidint amb el Dia Mundial contra el Malbaratament Alimentari <strong>hem preparar un taller de la m\u00e0 de Too Good To Go sobre on t\u2019explicarem receptes antimalbaratament<\/strong>.<\/p>\n\n\n\n<p>A m\u00e9s, tamb\u00e9 hem organitzat un taller ben relaxant on podr\u00e0s <strong>practicar ioga i gaudir d\u2019un berenar saludable amb Yogaone<\/strong> i un de <strong>receptes de tonyina vegana amb Future Farm<\/strong>. Per\u00f2 aix\u00f2 no \u00e9s tot! Si t\u2019encanten els formatges i la xocolata, no et pots perdre els <strong>tallers de formatges italians <\/strong>ni el tast de <strong>xocolates de la m\u00e0 de Sim\u00f3n Coll<\/strong>. Ah, i no ens hem oblidat dels m\u00e9s petits de la casa perqu\u00e8 tamb\u00e9 podran passar-s\u2019ho d\u2019all\u00f2 m\u00e9s b\u00e9 amb els <strong>tallers de berenars saludables i divertits amb Kids&amp;Us i amb el Cintet<\/strong>.<\/p>\n\n\n\n<p>No esperis m\u00e9s i apunta\u2019t a tots els que vulguis. T\u2019hi esperem!<\/p>\n","protected":false},"excerpt":{"rendered":"<p>La tornada a la rutina \u00e9s m\u00e9s divertida amb els nostres tallers i activitats! No te\u2019n perdis ni un, n\u2019hi ha per a tots els gustos i edats. Consulta el nostre calendari i gaudeix dels millors showcookings de receptes r\u00e0pides amb la xef Ada Parellada i d\u2019arr\u00f2s de llauna amb l\u2019instagramer @kitmesures. Amb el Cintet &hellip; <a href=\"https:\/\/www.ametllerorigenwp.com\/ca\/tornen-els-nostres-tallers-prepara-lagenda-de-setembre\/\" class=\"more-link\">Continua llegint <span class=\"screen-reader-text\">\u00abTornen els nostres tallers: prepara l\u2019agenda de setembre!\u00bb<\/span><\/a><\/p>\n","protected":false},"author":3,"featured_media":5994,"comment_status":"open","ping_status":"open","sticky":false,"template":"","format":"standard","meta":{"_uag_custom_page_level_css":"","advgb_blocks_editor_width":"","advgb_blocks_columns_visual_guide":"","footnotes":""},"categories":[2],"tags":[],"class_list":["post-5993","post","type-post","status-publish","format-standard","has-post-thumbnail","hentry","category-noticies"],"author_meta":{"display_name":"Ametller Origen","author_link":"https:\/\/www.ametllerorigenwp.com\/ca\/author\/ao_editor\/"},"featured_img":"https:\/\/www.ametllerorigenwp.com\/wp-content\/uploads\/2022\/08\/taller_setembre_app-300x102.jpg","uagb_featured_image_src":{"full":["https:\/\/www.ametllerorigenwp.com\/wp-content\/uploads\/2022\/08\/taller_setembre_app.jpg",1000,340,false],"thumbnail":["https:\/\/www.ametllerorigenwp.com\/wp-content\/uploads\/2022\/08\/taller_setembre_app-150x150.jpg",150,150,true],"medium":["https:\/\/www.ametllerorigenwp.com\/wp-content\/uploads\/2022\/08\/taller_setembre_app-300x102.jpg",300,102,true],"medium_large":["https:\/\/www.ametllerorigenwp.com\/wp-content\/uploads\/2022\/08\/taller_setembre_app-768x261.jpg",768,261,true],"large":["https:\/\/www.ametllerorigenwp.com\/wp-content\/uploads\/2022\/08\/taller_setembre_app.jpg",840,286,false],"1536x1536":["https:\/\/www.ametllerorigenwp.com\/wp-content\/uploads\/2022\/08\/taller_setembre_app.jpg",1000,340,false],"2048x2048":["https:\/\/www.ametllerorigenwp.com\/wp-content\/uploads\/2022\/08\/taller_setembre_app.jpg",1000,340,false],"post-thumbnail":["https:\/\/www.ametllerorigenwp.com\/wp-content\/uploads\/2022\/08\/taller_setembre_app.jpg",1000,340,false]},"uagb_author_info":{"display_name":"Ametller Origen","author_link":"https:\/\/www.ametllerorigenwp.com\/ca\/author\/ao_editor\/"},"uagb_comment_info":1,"uagb_excerpt":"La tornada a la rutina \u00e9s m\u00e9s divertida amb els nostres tallers i activitats! No te\u2019n perdis ni un, n\u2019hi ha per a tots els gustos i edats. Consulta el nostre calendari i gaudeix dels millors showcookings de receptes r\u00e0pides amb la xef Ada Parellada i d\u2019arr\u00f2s de llauna amb l\u2019instagramer @kitmesures. Amb el Cintet&hellip;","coauthors":[],"tax_additional":{"categories":{"linked":["<a href=\"https:\/\/www.ametllerorigenwp.com\/ca\/category\/noticies\/\" class=\"advgb-post-tax-term\">Noticies<\/a>"],"unlinked":["<span class=\"advgb-post-tax-term\">Noticies<\/span>"]}},"comment_count":"0","relative_dates":{"created":"Posted 4 anys ago","modified":"Updated 4 anys ago"},"absolute_dates":{"created":"Posted on 1 de setembre de 2022","modified":"Updated on 12 d'agost de 2022"},"absolute_dates_time":{"created":"Posted on 1 de setembre de 2022 13:50","modified":"Updated on 12 d'agost de 2022 06:22"},"featured_img_caption":"","series_order":"","show_in_app":true,"fecha_inicio_destacado":null,"hora_inicio_visualizacion":null,"minutos_inicio_visualizacion":null,"fecha_final_destacado":null,"hora_final_visualizacion":null,"minutos_final_visualizacion":null,"posicion_visualizacion":null,"estado_destacado":null,"niveles_destacados":null,"url_del_enlace":null,"banner_destacado":null,"posicion_visualizacion_de_la_noticia":null,"estado_noticia":null,"fecha_de_inicio_de_visualizacion_del_tutorial":null,"hora_inicio_visualizacion_tutorial":null,"minutos_inicio_visualizacion_tutorial":null,"fecha_de_final_de_visualizacion_del_tutorial":null,"hora_final_visualizacion_tutorial":null,"minutos_final_visualizacion_tutorial":null,"numero_de_veces_visto":null,"numero_de_veces_total":null,"niveles_tutorial":null,"tutorial_recursos_castellano":null,"tutorial_recursos_catalan":null,"dias_disponibles":null,"dias_de_la_semana":null,"dias_del_mes":null,"other_lang_post_id":null,"lang":"ca","campanya_descripcion":null,"campanya_fecha_inicio":null,"campanya_fecha_fin":null,"campanya_legales":null,"campanya_imagen":null,"campanya_characteristics":null,"campanya_url":null,"campanya_posicion_visualizacion":null,"campanya_estado":null,"_links":{"self":[{"href":"https:\/\/www.ametllerorigenwp.com\/ca\/wp-json\/wp\/v2\/posts\/5993","targetHints":{"allow":["GET"]}}],"collection":[{"href":"https:\/\/www.ametllerorigenwp.com\/ca\/wp-json\/wp\/v2\/posts"}],"about":[{"href":"https:\/\/www.ametllerorigenwp.com\/ca\/wp-json\/wp\/v2\/types\/post"}],"author":[{"embeddable":true,"href":"https:\/\/www.ametllerorigenwp.com\/ca\/wp-json\/wp\/v2\/users\/3"}],"replies":[{"embeddable":true,"href":"https:\/\/www.ametllerorigenwp.com\/ca\/wp-json\/wp\/v2\/comments?post=5993"}],"version-history":[{"count":3,"href":"https:\/\/www.ametllerorigenwp.com\/ca\/wp-json\/wp\/v2\/posts\/5993\/revisions"}],"predecessor-version":[{"id":6051,"href":"https:\/\/www.ametllerorigenwp.com\/ca\/wp-json\/wp\/v2\/posts\/5993\/revisions\/6051"}],"wp:featuredmedia":[{"embeddable":true,"href":"https:\/\/www.ametllerorigenwp.com\/ca\/wp-json\/wp\/v2\/media\/5994"}],"wp:attachment":[{"href":"https:\/\/www.ametllerorigenwp.com\/ca\/wp-json\/wp\/v2\/media?parent=5993"}],"wp:term":[{"taxonomy":"category","embeddable":true,"href":"https:\/\/www.ametllerorigenwp.com\/ca\/wp-json\/wp\/v2\/categories?post=5993"},{"taxonomy":"post_tag","embeddable":true,"href":"https:\/\/www.ametllerorigenwp.com\/ca\/wp-json\/wp\/v2\/tags?post=5993"}],"curies":[{"name":"wp","href":"https:\/\/api.w.org\/{rel}","templated":true}]}}