{"id":6005,"date":"2022-09-04T13:53:00","date_gmt":"2022-09-04T13:53:00","guid":{"rendered":"https:\/\/www.ametllerorigenwp.com\/?p=6005"},"modified":"2022-08-09T13:53:55","modified_gmt":"2022-08-09T13:53:55","slug":"sumat-al-repte-de-setembre-a-favor-del-0-malbaratament-alimentari","status":"publish","type":"post","link":"https:\/\/www.ametllerorigenwp.com\/ca\/sumat-al-repte-de-setembre-a-favor-del-0-malbaratament-alimentari\/","title":{"rendered":"Suma\u2019t al repte de setembre a favor del 0% malbaratament alimentari!"},"content":{"rendered":"\n<p>Sabies que 1\/3 dels aliments que es produeixen al m\u00f3n s\u2019acaben llen\u00e7ant<strong>? Coincidint amb el Dia Mundial contra el Malbaratament Alimentari<\/strong>, que se celebra el 29 de setembre, aquest mes et proposem que <strong>et sumis al 0% malbaratament<\/strong>. I \u00e9s que a les llars \u00e9s on m\u00e9s menjar es llen\u00e7a.<\/p>\n\n\n\n<p>Aix\u00ed doncs, t\u2019animem a <strong>dur a terme petits gestos en el teu dia a dia per ajudar a canviar aquesta tend\u00e8ncia<\/strong>: dona una segona vida a les sobres, planifica un men\u00fa setmanal, revisa b\u00e9 les etiquetes dels productes.<\/p>\n\n\n\n<p>Comparteix la teva foto a&nbsp;Instagram&nbsp;amb el hashtag&nbsp;#FemCam\u00ed i podr\u00e0s guanyar cada setmana un lot de productes de temporada!<\/p>\n","protected":false},"excerpt":{"rendered":"<p>Sabies que 1\/3 dels aliments que es produeixen al m\u00f3n s\u2019acaben llen\u00e7ant? Coincidint amb el Dia Mundial contra el Malbaratament Alimentari, que se celebra el 29 de setembre, aquest mes et proposem que et sumis al 0% malbaratament. I \u00e9s que a les llars \u00e9s on m\u00e9s menjar es llen\u00e7a. Aix\u00ed doncs, t\u2019animem a dur &hellip; <a href=\"https:\/\/www.ametllerorigenwp.com\/ca\/sumat-al-repte-de-setembre-a-favor-del-0-malbaratament-alimentari\/\" class=\"more-link\">Continua llegint <span class=\"screen-reader-text\">\u00abSuma\u2019t al repte de setembre a favor del 0% malbaratament alimentari!\u00bb<\/span><\/a><\/p>\n","protected":false},"author":3,"featured_media":6001,"comment_status":"open","ping_status":"open","sticky":false,"template":"","format":"standard","meta":{"_uag_custom_page_level_css":"","advgb_blocks_editor_width":"","advgb_blocks_columns_visual_guide":"","footnotes":""},"categories":[2],"tags":[],"class_list":["post-6005","post","type-post","status-publish","format-standard","has-post-thumbnail","hentry","category-noticies"],"author_meta":{"display_name":"Ametller Origen","author_link":"https:\/\/www.ametllerorigenwp.com\/ca\/author\/ao_editor\/"},"featured_img":"https:\/\/www.ametllerorigenwp.com\/wp-content\/uploads\/2022\/08\/N_Repte_Setembre_CA-300x102.jpg","uagb_featured_image_src":{"full":["https:\/\/www.ametllerorigenwp.com\/wp-content\/uploads\/2022\/08\/N_Repte_Setembre_CA.jpg",1000,340,false],"thumbnail":["https:\/\/www.ametllerorigenwp.com\/wp-content\/uploads\/2022\/08\/N_Repte_Setembre_CA-150x150.jpg",150,150,true],"medium":["https:\/\/www.ametllerorigenwp.com\/wp-content\/uploads\/2022\/08\/N_Repte_Setembre_CA-300x102.jpg",300,102,true],"medium_large":["https:\/\/www.ametllerorigenwp.com\/wp-content\/uploads\/2022\/08\/N_Repte_Setembre_CA-768x261.jpg",768,261,true],"large":["https:\/\/www.ametllerorigenwp.com\/wp-content\/uploads\/2022\/08\/N_Repte_Setembre_CA.jpg",840,286,false],"1536x1536":["https:\/\/www.ametllerorigenwp.com\/wp-content\/uploads\/2022\/08\/N_Repte_Setembre_CA.jpg",1000,340,false],"2048x2048":["https:\/\/www.ametllerorigenwp.com\/wp-content\/uploads\/2022\/08\/N_Repte_Setembre_CA.jpg",1000,340,false],"post-thumbnail":["https:\/\/www.ametllerorigenwp.com\/wp-content\/uploads\/2022\/08\/N_Repte_Setembre_CA.jpg",1000,340,false]},"uagb_author_info":{"display_name":"Ametller Origen","author_link":"https:\/\/www.ametllerorigenwp.com\/ca\/author\/ao_editor\/"},"uagb_comment_info":1,"uagb_excerpt":"Sabies que 1\/3 dels aliments que es produeixen al m\u00f3n s\u2019acaben llen\u00e7ant? Coincidint amb el Dia Mundial contra el Malbaratament Alimentari, que se celebra el 29 de setembre, aquest mes et proposem que et sumis al 0% malbaratament. I \u00e9s que a les llars \u00e9s on m\u00e9s menjar es llen\u00e7a. Aix\u00ed doncs, t\u2019animem a dur&hellip;","coauthors":[],"tax_additional":{"categories":{"linked":["<a href=\"https:\/\/www.ametllerorigenwp.com\/ca\/category\/noticies\/\" class=\"advgb-post-tax-term\">Noticies<\/a>"],"unlinked":["<span class=\"advgb-post-tax-term\">Noticies<\/span>"]}},"comment_count":"0","relative_dates":{"created":"Posted 4 anys ago","modified":"Updated 4 anys ago"},"absolute_dates":{"created":"Posted on 4 de setembre de 2022","modified":"Updated on 9 d'agost de 2022"},"absolute_dates_time":{"created":"Posted on 4 de setembre de 2022 13:53","modified":"Updated on 9 d'agost de 2022 13:53"},"featured_img_caption":"","series_order":"","show_in_app":true,"fecha_inicio_destacado":null,"hora_inicio_visualizacion":null,"minutos_inicio_visualizacion":null,"fecha_final_destacado":null,"hora_final_visualizacion":null,"minutos_final_visualizacion":null,"posicion_visualizacion":null,"estado_destacado":null,"niveles_destacados":null,"url_del_enlace":null,"banner_destacado":null,"posicion_visualizacion_de_la_noticia":null,"estado_noticia":null,"fecha_de_inicio_de_visualizacion_del_tutorial":null,"hora_inicio_visualizacion_tutorial":null,"minutos_inicio_visualizacion_tutorial":null,"fecha_de_final_de_visualizacion_del_tutorial":null,"hora_final_visualizacion_tutorial":null,"minutos_final_visualizacion_tutorial":null,"numero_de_veces_visto":null,"numero_de_veces_total":null,"niveles_tutorial":null,"tutorial_recursos_castellano":null,"tutorial_recursos_catalan":null,"dias_disponibles":null,"dias_de_la_semana":null,"dias_del_mes":null,"other_lang_post_id":null,"lang":"ca","campanya_descripcion":null,"campanya_fecha_inicio":null,"campanya_fecha_fin":null,"campanya_legales":null,"campanya_imagen":null,"campanya_characteristics":null,"campanya_url":null,"campanya_posicion_visualizacion":null,"campanya_estado":null,"_links":{"self":[{"href":"https:\/\/www.ametllerorigenwp.com\/ca\/wp-json\/wp\/v2\/posts\/6005","targetHints":{"allow":["GET"]}}],"collection":[{"href":"https:\/\/www.ametllerorigenwp.com\/ca\/wp-json\/wp\/v2\/posts"}],"about":[{"href":"https:\/\/www.ametllerorigenwp.com\/ca\/wp-json\/wp\/v2\/types\/post"}],"author":[{"embeddable":true,"href":"https:\/\/www.ametllerorigenwp.com\/ca\/wp-json\/wp\/v2\/users\/3"}],"replies":[{"embeddable":true,"href":"https:\/\/www.ametllerorigenwp.com\/ca\/wp-json\/wp\/v2\/comments?post=6005"}],"version-history":[{"count":1,"href":"https:\/\/www.ametllerorigenwp.com\/ca\/wp-json\/wp\/v2\/posts\/6005\/revisions"}],"predecessor-version":[{"id":6006,"href":"https:\/\/www.ametllerorigenwp.com\/ca\/wp-json\/wp\/v2\/posts\/6005\/revisions\/6006"}],"wp:featuredmedia":[{"embeddable":true,"href":"https:\/\/www.ametllerorigenwp.com\/ca\/wp-json\/wp\/v2\/media\/6001"}],"wp:attachment":[{"href":"https:\/\/www.ametllerorigenwp.com\/ca\/wp-json\/wp\/v2\/media?parent=6005"}],"wp:term":[{"taxonomy":"category","embeddable":true,"href":"https:\/\/www.ametllerorigenwp.com\/ca\/wp-json\/wp\/v2\/categories?post=6005"},{"taxonomy":"post_tag","embeddable":true,"href":"https:\/\/www.ametllerorigenwp.com\/ca\/wp-json\/wp\/v2\/tags?post=6005"}],"curies":[{"name":"wp","href":"https:\/\/api.w.org\/{rel}","templated":true}]}}