{"id":6094,"date":"2022-09-07T14:59:49","date_gmt":"2022-09-07T14:59:49","guid":{"rendered":"https:\/\/www.ametllerorigenwp.com\/?p=6094"},"modified":"2022-09-07T15:01:55","modified_gmt":"2022-09-07T15:01:55","slug":"fem-cami-amb-the-ricky-rubio-fundation-per-promoure-uns-habits-saludables-entre-els-mes-petits","status":"publish","type":"post","link":"https:\/\/www.ametllerorigenwp.com\/ca\/fem-cami-amb-the-ricky-rubio-fundation-per-promoure-uns-habits-saludables-entre-els-mes-petits\/","title":{"rendered":"Fem cam\u00ed amb The Ricky Rubio Fundation per promoure uns h\u00e0bits saludables entre els m\u00e9s petits"},"content":{"rendered":"\n<p>Iniciem el curs escolar i tornen les tardes de b\u00e0squet amb The Ricky Rubio Fundation. <strong>Aquest \u00e9s el segon any consecutiu que des d&#8217;Ametller Origen col\u00b7laborem amb el projecte Community Team<\/strong> <strong>oferint als infants fruita de temporada per tal de garantir-los un berenar saludable.<\/strong> Aquest gran projecte d\u2019inserci\u00f3 social, impulsat per Ricky Rubio, compta ja amb m\u00e9s de 300 infants de La Mina, el Raval, Girona i El Masnou que aprenen, a trav\u00e9s de l\u2019esport, uns valors i h\u00e0bits de vida saludables.<\/p>\n\n\n\n<p>No et perdis la <a href=\"https:\/\/www.instagram.com\/reel\/CiIs2cNIK8j\/?igshid=YmMyMTA2M2Y=\">festa de final de curs<\/a> que es va celebrar el mes de juny. Seguim fent cam\u00ed cap al m\u00f3n on volem viure!<\/p>\n","protected":false},"excerpt":{"rendered":"<p>Iniciem el curs escolar i tornen les tardes de b\u00e0squet amb The Ricky Rubio Fundation. Aquest \u00e9s el segon any consecutiu que des d&#8217;Ametller Origen col\u00b7laborem amb el projecte Community Team oferint als infants fruita de temporada per tal de garantir-los un berenar saludable. Aquest gran projecte d\u2019inserci\u00f3 social, impulsat per Ricky Rubio, compta ja &hellip; <a href=\"https:\/\/www.ametllerorigenwp.com\/ca\/fem-cami-amb-the-ricky-rubio-fundation-per-promoure-uns-habits-saludables-entre-els-mes-petits\/\" class=\"more-link\">Continua llegint <span class=\"screen-reader-text\">\u00abFem cam\u00ed amb The Ricky Rubio Fundation per promoure uns h\u00e0bits saludables entre els m\u00e9s petits\u00bb<\/span><\/a><\/p>\n","protected":false},"author":5,"featured_media":6097,"comment_status":"closed","ping_status":"closed","sticky":false,"template":"","format":"standard","meta":{"_uag_custom_page_level_css":"","advgb_blocks_editor_width":"default","advgb_blocks_columns_visual_guide":"","footnotes":""},"categories":[2],"tags":[],"class_list":["post-6094","post","type-post","status-publish","format-standard","has-post-thumbnail","hentry","category-noticies"],"author_meta":{"display_name":"Mireia Zaragoza","author_link":"https:\/\/www.ametllerorigenwp.com\/ca\/author\/mzaragoza\/"},"featured_img":"https:\/\/www.ametllerorigenwp.com\/wp-content\/uploads\/2022\/09\/DSC4111-300x102.jpg","uagb_featured_image_src":{"full":["https:\/\/www.ametllerorigenwp.com\/wp-content\/uploads\/2022\/09\/DSC4111.jpg",995,339,false],"thumbnail":["https:\/\/www.ametllerorigenwp.com\/wp-content\/uploads\/2022\/09\/DSC4111-150x150.jpg",150,150,true],"medium":["https:\/\/www.ametllerorigenwp.com\/wp-content\/uploads\/2022\/09\/DSC4111-300x102.jpg",300,102,true],"medium_large":["https:\/\/www.ametllerorigenwp.com\/wp-content\/uploads\/2022\/09\/DSC4111-768x262.jpg",768,262,true],"large":["https:\/\/www.ametllerorigenwp.com\/wp-content\/uploads\/2022\/09\/DSC4111.jpg",840,286,false],"1536x1536":["https:\/\/www.ametllerorigenwp.com\/wp-content\/uploads\/2022\/09\/DSC4111.jpg",995,339,false],"2048x2048":["https:\/\/www.ametllerorigenwp.com\/wp-content\/uploads\/2022\/09\/DSC4111.jpg",995,339,false],"post-thumbnail":["https:\/\/www.ametllerorigenwp.com\/wp-content\/uploads\/2022\/09\/DSC4111.jpg",995,339,false]},"uagb_author_info":{"display_name":"Mireia Zaragoza","author_link":"https:\/\/www.ametllerorigenwp.com\/ca\/author\/mzaragoza\/"},"uagb_comment_info":0,"uagb_excerpt":"Iniciem el curs escolar i tornen les tardes de b\u00e0squet amb The Ricky Rubio Fundation. Aquest \u00e9s el segon any consecutiu que des d&#8217;Ametller Origen col\u00b7laborem amb el projecte Community Team oferint als infants fruita de temporada per tal de garantir-los un berenar saludable. Aquest gran projecte d\u2019inserci\u00f3 social, impulsat per Ricky Rubio, compta ja&hellip;","coauthors":[],"tax_additional":{"categories":{"linked":["<a href=\"https:\/\/www.ametllerorigenwp.com\/ca\/category\/noticies\/\" class=\"advgb-post-tax-term\">Noticies<\/a>"],"unlinked":["<span class=\"advgb-post-tax-term\">Noticies<\/span>"]}},"comment_count":"0","relative_dates":{"created":"Posted 4 anys ago","modified":"Updated 4 anys ago"},"absolute_dates":{"created":"Posted on 7 de setembre de 2022","modified":"Updated on 7 de setembre de 2022"},"absolute_dates_time":{"created":"Posted on 7 de setembre de 2022 14:59","modified":"Updated on 7 de setembre de 2022 15:01"},"featured_img_caption":"","series_order":"","show_in_app":true,"fecha_inicio_destacado":null,"hora_inicio_visualizacion":null,"minutos_inicio_visualizacion":null,"fecha_final_destacado":null,"hora_final_visualizacion":null,"minutos_final_visualizacion":null,"posicion_visualizacion":null,"estado_destacado":null,"niveles_destacados":null,"url_del_enlace":null,"banner_destacado":null,"posicion_visualizacion_de_la_noticia":null,"estado_noticia":null,"fecha_de_inicio_de_visualizacion_del_tutorial":null,"hora_inicio_visualizacion_tutorial":null,"minutos_inicio_visualizacion_tutorial":null,"fecha_de_final_de_visualizacion_del_tutorial":null,"hora_final_visualizacion_tutorial":null,"minutos_final_visualizacion_tutorial":null,"numero_de_veces_visto":null,"numero_de_veces_total":null,"niveles_tutorial":null,"tutorial_recursos_castellano":null,"tutorial_recursos_catalan":null,"dias_disponibles":null,"dias_de_la_semana":null,"dias_del_mes":null,"other_lang_post_id":null,"lang":"ca","campanya_descripcion":null,"campanya_fecha_inicio":null,"campanya_fecha_fin":null,"campanya_legales":null,"campanya_imagen":null,"campanya_characteristics":null,"campanya_url":null,"campanya_posicion_visualizacion":null,"campanya_estado":null,"_links":{"self":[{"href":"https:\/\/www.ametllerorigenwp.com\/ca\/wp-json\/wp\/v2\/posts\/6094","targetHints":{"allow":["GET"]}}],"collection":[{"href":"https:\/\/www.ametllerorigenwp.com\/ca\/wp-json\/wp\/v2\/posts"}],"about":[{"href":"https:\/\/www.ametllerorigenwp.com\/ca\/wp-json\/wp\/v2\/types\/post"}],"author":[{"embeddable":true,"href":"https:\/\/www.ametllerorigenwp.com\/ca\/wp-json\/wp\/v2\/users\/5"}],"replies":[{"embeddable":true,"href":"https:\/\/www.ametllerorigenwp.com\/ca\/wp-json\/wp\/v2\/comments?post=6094"}],"version-history":[{"count":1,"href":"https:\/\/www.ametllerorigenwp.com\/ca\/wp-json\/wp\/v2\/posts\/6094\/revisions"}],"predecessor-version":[{"id":6095,"href":"https:\/\/www.ametllerorigenwp.com\/ca\/wp-json\/wp\/v2\/posts\/6094\/revisions\/6095"}],"wp:featuredmedia":[{"embeddable":true,"href":"https:\/\/www.ametllerorigenwp.com\/ca\/wp-json\/wp\/v2\/media\/6097"}],"wp:attachment":[{"href":"https:\/\/www.ametllerorigenwp.com\/ca\/wp-json\/wp\/v2\/media?parent=6094"}],"wp:term":[{"taxonomy":"category","embeddable":true,"href":"https:\/\/www.ametllerorigenwp.com\/ca\/wp-json\/wp\/v2\/categories?post=6094"},{"taxonomy":"post_tag","embeddable":true,"href":"https:\/\/www.ametllerorigenwp.com\/ca\/wp-json\/wp\/v2\/tags?post=6094"}],"curies":[{"name":"wp","href":"https:\/\/api.w.org\/{rel}","templated":true}]}}