{"id":6126,"date":"2022-09-11T12:20:00","date_gmt":"2022-09-11T12:20:00","guid":{"rendered":"https:\/\/www.ametllerorigenwp.com\/?p=6126"},"modified":"2022-09-09T12:21:46","modified_gmt":"2022-09-09T12:21:46","slug":"torna-a-la-rutina-amb-el-nostre-menu-saludable-i-economic","status":"publish","type":"post","link":"https:\/\/www.ametllerorigenwp.com\/ca\/torna-a-la-rutina-amb-el-nostre-menu-saludable-i-economic\/","title":{"rendered":"Torna a la rutina amb el nostre men\u00fa saludable i econ\u00f2mic"},"content":{"rendered":"\n<p>Aquest setembre, anem tots a l\u2019una! Et facilitem la tornada i per aix\u00f2 <strong>hem preparat <a href=\"https:\/\/corp.ametllerorigen.com\/ca\/menu-setmanal\/\">un men\u00fa setmanal<\/a> amb el qual podr\u00e0s estalviar mentre segueixes una dieta saludable i equilibrada<\/strong>. &nbsp;<\/p>\n\n\n\n<p>Gaudeix <strong>cada dilluns d\u2019un men\u00fa equilibrat per a tota la setmana<\/strong>, <strong>a base de fruites i verdures fresques de temporada, cereals integrals, llegums, fruita seca, peix, carn i ous<\/strong>. &nbsp;<\/p>\n\n\n\n<p>Aquest setembre t\u2019ajudem a estalviar mentre et cuides!<\/p>\n","protected":false},"excerpt":{"rendered":"<p>Aquest setembre, anem tots a l\u2019una! Et facilitem la tornada i per aix\u00f2 hem preparat un men\u00fa setmanal amb el qual podr\u00e0s estalviar mentre segueixes una dieta saludable i equilibrada. &nbsp; Gaudeix cada dilluns d\u2019un men\u00fa equilibrat per a tota la setmana, a base de fruites i verdures fresques de temporada, cereals integrals, llegums, fruita &hellip; <a href=\"https:\/\/www.ametllerorigenwp.com\/ca\/torna-a-la-rutina-amb-el-nostre-menu-saludable-i-economic\/\" class=\"more-link\">Continua llegint <span class=\"screen-reader-text\">\u00abTorna a la rutina amb el nostre men\u00fa saludable i econ\u00f2mic\u00bb<\/span><\/a><\/p>\n","protected":false},"author":3,"featured_media":6127,"comment_status":"closed","ping_status":"closed","sticky":false,"template":"","format":"standard","meta":{"_uag_custom_page_level_css":"","advgb_blocks_editor_width":"","advgb_blocks_columns_visual_guide":"","footnotes":""},"categories":[2],"tags":[],"class_list":["post-6126","post","type-post","status-publish","format-standard","has-post-thumbnail","hentry","category-noticies"],"author_meta":{"display_name":"Ametller Origen","author_link":"https:\/\/www.ametllerorigenwp.com\/ca\/author\/ao_editor\/"},"featured_img":"https:\/\/www.ametllerorigenwp.com\/wp-content\/uploads\/2022\/09\/Captura-de-pantalla-2022-08-25-a-les-11.30.12-300x105.png","uagb_featured_image_src":{"full":["https:\/\/www.ametllerorigenwp.com\/wp-content\/uploads\/2022\/09\/Captura-de-pantalla-2022-08-25-a-les-11.30.12.png",1760,616,false],"thumbnail":["https:\/\/www.ametllerorigenwp.com\/wp-content\/uploads\/2022\/09\/Captura-de-pantalla-2022-08-25-a-les-11.30.12-150x150.png",150,150,true],"medium":["https:\/\/www.ametllerorigenwp.com\/wp-content\/uploads\/2022\/09\/Captura-de-pantalla-2022-08-25-a-les-11.30.12-300x105.png",300,105,true],"medium_large":["https:\/\/www.ametllerorigenwp.com\/wp-content\/uploads\/2022\/09\/Captura-de-pantalla-2022-08-25-a-les-11.30.12-768x269.png",768,269,true],"large":["https:\/\/www.ametllerorigenwp.com\/wp-content\/uploads\/2022\/09\/Captura-de-pantalla-2022-08-25-a-les-11.30.12-1024x358.png",840,294,true],"1536x1536":["https:\/\/www.ametllerorigenwp.com\/wp-content\/uploads\/2022\/09\/Captura-de-pantalla-2022-08-25-a-les-11.30.12-1536x538.png",1536,538,true],"2048x2048":["https:\/\/www.ametllerorigenwp.com\/wp-content\/uploads\/2022\/09\/Captura-de-pantalla-2022-08-25-a-les-11.30.12.png",1760,616,false],"post-thumbnail":["https:\/\/www.ametllerorigenwp.com\/wp-content\/uploads\/2022\/09\/Captura-de-pantalla-2022-08-25-a-les-11.30.12-1200x420.png",1200,420,true]},"uagb_author_info":{"display_name":"Ametller Origen","author_link":"https:\/\/www.ametllerorigenwp.com\/ca\/author\/ao_editor\/"},"uagb_comment_info":0,"uagb_excerpt":"Aquest setembre, anem tots a l\u2019una! Et facilitem la tornada i per aix\u00f2 hem preparat un men\u00fa setmanal amb el qual podr\u00e0s estalviar mentre segueixes una dieta saludable i equilibrada. &nbsp; Gaudeix cada dilluns d\u2019un men\u00fa equilibrat per a tota la setmana, a base de fruites i verdures fresques de temporada, cereals integrals, llegums, fruita&hellip;","coauthors":[],"tax_additional":{"categories":{"linked":["<a href=\"https:\/\/www.ametllerorigenwp.com\/ca\/category\/noticies\/\" class=\"advgb-post-tax-term\">Noticies<\/a>"],"unlinked":["<span class=\"advgb-post-tax-term\">Noticies<\/span>"]}},"comment_count":"0","relative_dates":{"created":"Posted 4 anys ago","modified":"Updated 4 anys ago"},"absolute_dates":{"created":"Posted on 11 de setembre de 2022","modified":"Updated on 9 de setembre de 2022"},"absolute_dates_time":{"created":"Posted on 11 de setembre de 2022 12:20","modified":"Updated on 9 de setembre de 2022 12:21"},"featured_img_caption":"","series_order":"","show_in_app":true,"fecha_inicio_destacado":null,"hora_inicio_visualizacion":null,"minutos_inicio_visualizacion":null,"fecha_final_destacado":null,"hora_final_visualizacion":null,"minutos_final_visualizacion":null,"posicion_visualizacion":null,"estado_destacado":null,"niveles_destacados":null,"url_del_enlace":null,"banner_destacado":null,"posicion_visualizacion_de_la_noticia":null,"estado_noticia":null,"fecha_de_inicio_de_visualizacion_del_tutorial":null,"hora_inicio_visualizacion_tutorial":null,"minutos_inicio_visualizacion_tutorial":null,"fecha_de_final_de_visualizacion_del_tutorial":null,"hora_final_visualizacion_tutorial":null,"minutos_final_visualizacion_tutorial":null,"numero_de_veces_visto":null,"numero_de_veces_total":null,"niveles_tutorial":null,"tutorial_recursos_castellano":null,"tutorial_recursos_catalan":null,"dias_disponibles":null,"dias_de_la_semana":null,"dias_del_mes":null,"other_lang_post_id":null,"lang":"ca","campanya_descripcion":null,"campanya_fecha_inicio":null,"campanya_fecha_fin":null,"campanya_legales":null,"campanya_imagen":null,"campanya_characteristics":null,"campanya_url":null,"campanya_posicion_visualizacion":null,"campanya_estado":null,"_links":{"self":[{"href":"https:\/\/www.ametllerorigenwp.com\/ca\/wp-json\/wp\/v2\/posts\/6126","targetHints":{"allow":["GET"]}}],"collection":[{"href":"https:\/\/www.ametllerorigenwp.com\/ca\/wp-json\/wp\/v2\/posts"}],"about":[{"href":"https:\/\/www.ametllerorigenwp.com\/ca\/wp-json\/wp\/v2\/types\/post"}],"author":[{"embeddable":true,"href":"https:\/\/www.ametllerorigenwp.com\/ca\/wp-json\/wp\/v2\/users\/3"}],"replies":[{"embeddable":true,"href":"https:\/\/www.ametllerorigenwp.com\/ca\/wp-json\/wp\/v2\/comments?post=6126"}],"version-history":[{"count":1,"href":"https:\/\/www.ametllerorigenwp.com\/ca\/wp-json\/wp\/v2\/posts\/6126\/revisions"}],"predecessor-version":[{"id":6129,"href":"https:\/\/www.ametllerorigenwp.com\/ca\/wp-json\/wp\/v2\/posts\/6126\/revisions\/6129"}],"wp:featuredmedia":[{"embeddable":true,"href":"https:\/\/www.ametllerorigenwp.com\/ca\/wp-json\/wp\/v2\/media\/6127"}],"wp:attachment":[{"href":"https:\/\/www.ametllerorigenwp.com\/ca\/wp-json\/wp\/v2\/media?parent=6126"}],"wp:term":[{"taxonomy":"category","embeddable":true,"href":"https:\/\/www.ametllerorigenwp.com\/ca\/wp-json\/wp\/v2\/categories?post=6126"},{"taxonomy":"post_tag","embeddable":true,"href":"https:\/\/www.ametllerorigenwp.com\/ca\/wp-json\/wp\/v2\/tags?post=6126"}],"curies":[{"name":"wp","href":"https:\/\/api.w.org\/{rel}","templated":true}]}}