{"id":6347,"date":"2022-10-13T15:34:00","date_gmt":"2022-10-13T15:34:00","guid":{"rendered":"https:\/\/www.ametllerorigenwp.com\/?p=6347"},"modified":"2022-10-13T14:38:37","modified_gmt":"2022-10-13T14:38:37","slug":"fent-cami-al-costat-dels-esportistes-al-triatlo-de-barcelona","status":"publish","type":"post","link":"https:\/\/www.ametllerorigenwp.com\/ca\/fent-cami-al-costat-dels-esportistes-al-triatlo-de-barcelona\/","title":{"rendered":"Col\u00b7laborem amb el Triatl\u00f3 de Barcelona amb fruita fresca per als esportistes"},"content":{"rendered":"\n<p>El passat diumenge 9 d\u2019octubre<strong> es va celebrar una nova edici\u00f3 del Triatl\u00f3 de Barcelona<\/strong> a la platja de la Mar Bella i el CEM la Mar Bella, en el qual <strong>van participar m\u00e9s de 1.500 esportistes<\/strong> en quatre modalitats diferents.<\/p>\n\n\n\n<p>Seguint <strong>amb el ferm prop\u00f2sit de continuar promovent un estil de vida m\u00e9s saludable i sostenible a trav\u00e9s d\u2019una alimentaci\u00f3 nutritiva, plaent i neta<\/strong>, un cop passada la meta, <strong>vam repartir entre els esportistes fruita fresca i fruita seca <\/strong>per ajudar-los a tenir una bona recuperaci\u00f3.<\/p>\n\n\n\n<p>Continuem avan\u00e7ant junts cap al m\u00f3n on volem viure!<\/p>\n","protected":false},"excerpt":{"rendered":"<p>El passat diumenge 9 d\u2019octubre es va celebrar una nova edici\u00f3 del Triatl\u00f3 de Barcelona a la platja de la Mar Bella i el CEM la Mar Bella, en el qual van participar m\u00e9s de 1.500 esportistes en quatre modalitats diferents. Seguint amb el ferm prop\u00f2sit de continuar promovent un estil de vida m\u00e9s saludable &hellip; <a href=\"https:\/\/www.ametllerorigenwp.com\/ca\/fent-cami-al-costat-dels-esportistes-al-triatlo-de-barcelona\/\" class=\"more-link\">Continua llegint <span class=\"screen-reader-text\">\u00abCol\u00b7laborem amb el Triatl\u00f3 de Barcelona amb fruita fresca per als esportistes\u00bb<\/span><\/a><\/p>\n","protected":false},"author":3,"featured_media":6379,"comment_status":"closed","ping_status":"closed","sticky":false,"template":"","format":"standard","meta":{"_uag_custom_page_level_css":"","advgb_blocks_editor_width":"","advgb_blocks_columns_visual_guide":"","footnotes":""},"categories":[2],"tags":[],"class_list":["post-6347","post","type-post","status-publish","format-standard","has-post-thumbnail","hentry","category-noticies"],"author_meta":{"display_name":"Ametller Origen","author_link":"https:\/\/www.ametllerorigenwp.com\/ca\/author\/ao_editor\/"},"featured_img":"https:\/\/www.ametllerorigenwp.com\/wp-content\/uploads\/2022\/10\/BarcelonaTriathlon2994-300x102.png","uagb_featured_image_src":{"full":["https:\/\/www.ametllerorigenwp.com\/wp-content\/uploads\/2022\/10\/BarcelonaTriathlon2994.png",1000,340,false],"thumbnail":["https:\/\/www.ametllerorigenwp.com\/wp-content\/uploads\/2022\/10\/BarcelonaTriathlon2994-150x150.png",150,150,true],"medium":["https:\/\/www.ametllerorigenwp.com\/wp-content\/uploads\/2022\/10\/BarcelonaTriathlon2994-300x102.png",300,102,true],"medium_large":["https:\/\/www.ametllerorigenwp.com\/wp-content\/uploads\/2022\/10\/BarcelonaTriathlon2994-768x261.png",768,261,true],"large":["https:\/\/www.ametllerorigenwp.com\/wp-content\/uploads\/2022\/10\/BarcelonaTriathlon2994.png",840,286,false],"1536x1536":["https:\/\/www.ametllerorigenwp.com\/wp-content\/uploads\/2022\/10\/BarcelonaTriathlon2994.png",1000,340,false],"2048x2048":["https:\/\/www.ametllerorigenwp.com\/wp-content\/uploads\/2022\/10\/BarcelonaTriathlon2994.png",1000,340,false],"post-thumbnail":["https:\/\/www.ametllerorigenwp.com\/wp-content\/uploads\/2022\/10\/BarcelonaTriathlon2994.png",1000,340,false]},"uagb_author_info":{"display_name":"Ametller Origen","author_link":"https:\/\/www.ametllerorigenwp.com\/ca\/author\/ao_editor\/"},"uagb_comment_info":0,"uagb_excerpt":"El passat diumenge 9 d\u2019octubre es va celebrar una nova edici\u00f3 del Triatl\u00f3 de Barcelona a la platja de la Mar Bella i el CEM la Mar Bella, en el qual van participar m\u00e9s de 1.500 esportistes en quatre modalitats diferents. Seguint amb el ferm prop\u00f2sit de continuar promovent un estil de vida m\u00e9s saludable&hellip;","coauthors":[],"tax_additional":{"categories":{"linked":["<a href=\"https:\/\/www.ametllerorigenwp.com\/ca\/category\/noticies\/\" class=\"advgb-post-tax-term\">Noticies<\/a>"],"unlinked":["<span class=\"advgb-post-tax-term\">Noticies<\/span>"]}},"comment_count":"0","relative_dates":{"created":"Posted 4 anys ago","modified":"Updated 4 anys ago"},"absolute_dates":{"created":"Posted on 13 d'octubre de 2022","modified":"Updated on 13 d'octubre de 2022"},"absolute_dates_time":{"created":"Posted on 13 d'octubre de 2022 15:34","modified":"Updated on 13 d'octubre de 2022 14:38"},"featured_img_caption":"","series_order":"","show_in_app":true,"fecha_inicio_destacado":null,"hora_inicio_visualizacion":null,"minutos_inicio_visualizacion":null,"fecha_final_destacado":null,"hora_final_visualizacion":null,"minutos_final_visualizacion":null,"posicion_visualizacion":null,"estado_destacado":null,"niveles_destacados":null,"url_del_enlace":null,"banner_destacado":null,"posicion_visualizacion_de_la_noticia":null,"estado_noticia":null,"fecha_de_inicio_de_visualizacion_del_tutorial":null,"hora_inicio_visualizacion_tutorial":null,"minutos_inicio_visualizacion_tutorial":null,"fecha_de_final_de_visualizacion_del_tutorial":null,"hora_final_visualizacion_tutorial":null,"minutos_final_visualizacion_tutorial":null,"numero_de_veces_visto":null,"numero_de_veces_total":null,"niveles_tutorial":null,"tutorial_recursos_castellano":null,"tutorial_recursos_catalan":null,"dias_disponibles":null,"dias_de_la_semana":null,"dias_del_mes":null,"other_lang_post_id":null,"lang":"ca","campanya_descripcion":null,"campanya_fecha_inicio":null,"campanya_fecha_fin":null,"campanya_legales":null,"campanya_imagen":null,"campanya_characteristics":null,"campanya_url":null,"campanya_posicion_visualizacion":null,"campanya_estado":null,"_links":{"self":[{"href":"https:\/\/www.ametllerorigenwp.com\/ca\/wp-json\/wp\/v2\/posts\/6347","targetHints":{"allow":["GET"]}}],"collection":[{"href":"https:\/\/www.ametllerorigenwp.com\/ca\/wp-json\/wp\/v2\/posts"}],"about":[{"href":"https:\/\/www.ametllerorigenwp.com\/ca\/wp-json\/wp\/v2\/types\/post"}],"author":[{"embeddable":true,"href":"https:\/\/www.ametllerorigenwp.com\/ca\/wp-json\/wp\/v2\/users\/3"}],"replies":[{"embeddable":true,"href":"https:\/\/www.ametllerorigenwp.com\/ca\/wp-json\/wp\/v2\/comments?post=6347"}],"version-history":[{"count":3,"href":"https:\/\/www.ametllerorigenwp.com\/ca\/wp-json\/wp\/v2\/posts\/6347\/revisions"}],"predecessor-version":[{"id":6353,"href":"https:\/\/www.ametllerorigenwp.com\/ca\/wp-json\/wp\/v2\/posts\/6347\/revisions\/6353"}],"wp:featuredmedia":[{"embeddable":true,"href":"https:\/\/www.ametllerorigenwp.com\/ca\/wp-json\/wp\/v2\/media\/6379"}],"wp:attachment":[{"href":"https:\/\/www.ametllerorigenwp.com\/ca\/wp-json\/wp\/v2\/media?parent=6347"}],"wp:term":[{"taxonomy":"category","embeddable":true,"href":"https:\/\/www.ametllerorigenwp.com\/ca\/wp-json\/wp\/v2\/categories?post=6347"},{"taxonomy":"post_tag","embeddable":true,"href":"https:\/\/www.ametllerorigenwp.com\/ca\/wp-json\/wp\/v2\/tags?post=6347"}],"curies":[{"name":"wp","href":"https:\/\/api.w.org\/{rel}","templated":true}]}}