{"id":6417,"date":"2022-10-20T14:35:58","date_gmt":"2022-10-20T14:35:58","guid":{"rendered":"https:\/\/www.ametllerorigenwp.com\/?p=6417"},"modified":"2022-10-21T13:42:39","modified_gmt":"2022-10-21T13:42:39","slug":"participa-a-la-i-caminada-solidaria-directe-al-cor-en-benefici-de-la-marato","status":"publish","type":"post","link":"https:\/\/www.ametllerorigenwp.com\/ca\/participa-a-la-i-caminada-solidaria-directe-al-cor-en-benefici-de-la-marato\/","title":{"rendered":"Participa a la I Caminada Solid\u00e0ria \u2018Directe al Cor\u2019 en benefici de La Marat\u00f3"},"content":{"rendered":"\n<p>El pr\u00f2xim diumenge 13 de novembre, hem organitzat, de la m\u00e0 del <strong>Centre Excursionista del Pened\u00e8s, la I Caminada Solid\u00e0ria \u2018Directe al Cor\u2019 per recaptar fons per a La Marat\u00f3<\/strong>, que aquest any es dedica a les malalties cardiovasculars, la principal causa de mort als pa\u00efsos desenvolupats i un dels problemes actuals de salut p\u00fablica m\u00e9s rellevants.<\/p>\n\n\n\n<p>La <strong>ruta comen\u00e7ar\u00e0 a la porta del Pened\u00e8s, a Gelida, i s&#8217;endinsar\u00e0 pels paisatges del territori<\/strong>, com la Talaia o Can Batllevell, fins a arribar a Can Mata d&#8217;Abell\u00f3 on hi haur\u00e0 el primer avituallament i una segona parada a Can Rius de Juv\u00e9 &amp; Camps on esmorzarem i gaudirem d\u2019una copa de cava.<\/p>\n\n\n\n<p><strong>El recorregut ser\u00e0 circular i l\u2019hora de sortida ser\u00e0 a les 9h i l\u2019hora d\u2019arribada aproximada a les 12h<\/strong>.<\/p>\n\n\n\n<p><strong>El 100% dels diners recaptats es destinaran \u00edntegrament a La Marat\u00f3<\/strong>. <a href=\"https:\/\/mercat-autors.ametllerorigen.com\/icaminadasolidariadirectealcorenbeneficidelamarato\">Apunta\u2019t a aquesta caminada solid\u00e0ria<\/a> i fem cam\u00ed junts per aconseguir fons per a millorar l\u2019esperan\u00e7a i la qualitat de vida de les persones afectades!<\/p>\n\n\n\n<p>La I Caminada Solid\u00e0ria \u2018Directe al Cor\u2019 compta amb la col\u00b7laboraci\u00f3 de Juv\u00e9 &amp; Camps, Biocop, Mitjans, Coliflow, Heura, Caf\u00e8s Novell, Yo Soy, Fruit Friends, Noel, Panet, Sim\u00f3n Coll, Damm, Obrador Sorribas i Flax &amp; Kale. &nbsp;<\/p>\n","protected":false},"excerpt":{"rendered":"<p>El pr\u00f2xim diumenge 13 de novembre, hem organitzat, de la m\u00e0 del Centre Excursionista del Pened\u00e8s, la I Caminada Solid\u00e0ria \u2018Directe al Cor\u2019 per recaptar fons per a La Marat\u00f3, que aquest any es dedica a les malalties cardiovasculars, la principal causa de mort als pa\u00efsos desenvolupats i un dels problemes actuals de salut p\u00fablica &hellip; <a href=\"https:\/\/www.ametllerorigenwp.com\/ca\/participa-a-la-i-caminada-solidaria-directe-al-cor-en-benefici-de-la-marato\/\" class=\"more-link\">Continua llegint <span class=\"screen-reader-text\">\u00abParticipa a la I Caminada Solid\u00e0ria \u2018Directe al Cor\u2019 en benefici de La Marat\u00f3\u00bb<\/span><\/a><\/p>\n","protected":false},"author":3,"featured_media":6418,"comment_status":"closed","ping_status":"closed","sticky":false,"template":"","format":"standard","meta":{"_uag_custom_page_level_css":"","advgb_blocks_editor_width":"","advgb_blocks_columns_visual_guide":"","footnotes":""},"categories":[2],"tags":[],"class_list":["post-6417","post","type-post","status-publish","format-standard","has-post-thumbnail","hentry","category-noticies"],"author_meta":{"display_name":"Ametller Origen","author_link":"https:\/\/www.ametllerorigenwp.com\/ca\/author\/ao_editor\/"},"featured_img":"https:\/\/www.ametllerorigenwp.com\/wp-content\/uploads\/2022\/10\/IM_APP_CaminadaSolidaria_1000x340-300x102.jpg","uagb_featured_image_src":{"full":["https:\/\/www.ametllerorigenwp.com\/wp-content\/uploads\/2022\/10\/IM_APP_CaminadaSolidaria_1000x340.jpg",1000,340,false],"thumbnail":["https:\/\/www.ametllerorigenwp.com\/wp-content\/uploads\/2022\/10\/IM_APP_CaminadaSolidaria_1000x340-150x150.jpg",150,150,true],"medium":["https:\/\/www.ametllerorigenwp.com\/wp-content\/uploads\/2022\/10\/IM_APP_CaminadaSolidaria_1000x340-300x102.jpg",300,102,true],"medium_large":["https:\/\/www.ametllerorigenwp.com\/wp-content\/uploads\/2022\/10\/IM_APP_CaminadaSolidaria_1000x340-768x261.jpg",768,261,true],"large":["https:\/\/www.ametllerorigenwp.com\/wp-content\/uploads\/2022\/10\/IM_APP_CaminadaSolidaria_1000x340.jpg",840,286,false],"1536x1536":["https:\/\/www.ametllerorigenwp.com\/wp-content\/uploads\/2022\/10\/IM_APP_CaminadaSolidaria_1000x340.jpg",1000,340,false],"2048x2048":["https:\/\/www.ametllerorigenwp.com\/wp-content\/uploads\/2022\/10\/IM_APP_CaminadaSolidaria_1000x340.jpg",1000,340,false],"post-thumbnail":["https:\/\/www.ametllerorigenwp.com\/wp-content\/uploads\/2022\/10\/IM_APP_CaminadaSolidaria_1000x340.jpg",1000,340,false]},"uagb_author_info":{"display_name":"Ametller Origen","author_link":"https:\/\/www.ametllerorigenwp.com\/ca\/author\/ao_editor\/"},"uagb_comment_info":0,"uagb_excerpt":"El pr\u00f2xim diumenge 13 de novembre, hem organitzat, de la m\u00e0 del Centre Excursionista del Pened\u00e8s, la I Caminada Solid\u00e0ria \u2018Directe al Cor\u2019 per recaptar fons per a La Marat\u00f3, que aquest any es dedica a les malalties cardiovasculars, la principal causa de mort als pa\u00efsos desenvolupats i un dels problemes actuals de salut p\u00fablica&hellip;","coauthors":[],"tax_additional":{"categories":{"linked":["<a href=\"https:\/\/www.ametllerorigenwp.com\/ca\/category\/noticies\/\" class=\"advgb-post-tax-term\">Noticies<\/a>"],"unlinked":["<span class=\"advgb-post-tax-term\">Noticies<\/span>"]}},"comment_count":"0","relative_dates":{"created":"Posted 4 anys ago","modified":"Updated 4 anys ago"},"absolute_dates":{"created":"Posted on 20 d'octubre de 2022","modified":"Updated on 21 d'octubre de 2022"},"absolute_dates_time":{"created":"Posted on 20 d'octubre de 2022 14:35","modified":"Updated on 21 d'octubre de 2022 13:42"},"featured_img_caption":"","series_order":"","show_in_app":true,"fecha_inicio_destacado":null,"hora_inicio_visualizacion":null,"minutos_inicio_visualizacion":null,"fecha_final_destacado":null,"hora_final_visualizacion":null,"minutos_final_visualizacion":null,"posicion_visualizacion":null,"estado_destacado":null,"niveles_destacados":null,"url_del_enlace":null,"banner_destacado":null,"posicion_visualizacion_de_la_noticia":null,"estado_noticia":null,"fecha_de_inicio_de_visualizacion_del_tutorial":null,"hora_inicio_visualizacion_tutorial":null,"minutos_inicio_visualizacion_tutorial":null,"fecha_de_final_de_visualizacion_del_tutorial":null,"hora_final_visualizacion_tutorial":null,"minutos_final_visualizacion_tutorial":null,"numero_de_veces_visto":null,"numero_de_veces_total":null,"niveles_tutorial":null,"tutorial_recursos_castellano":null,"tutorial_recursos_catalan":null,"dias_disponibles":null,"dias_de_la_semana":null,"dias_del_mes":null,"other_lang_post_id":null,"lang":"ca","campanya_descripcion":null,"campanya_fecha_inicio":null,"campanya_fecha_fin":null,"campanya_legales":null,"campanya_imagen":null,"campanya_characteristics":null,"campanya_url":null,"campanya_posicion_visualizacion":null,"campanya_estado":null,"_links":{"self":[{"href":"https:\/\/www.ametllerorigenwp.com\/ca\/wp-json\/wp\/v2\/posts\/6417","targetHints":{"allow":["GET"]}}],"collection":[{"href":"https:\/\/www.ametllerorigenwp.com\/ca\/wp-json\/wp\/v2\/posts"}],"about":[{"href":"https:\/\/www.ametllerorigenwp.com\/ca\/wp-json\/wp\/v2\/types\/post"}],"author":[{"embeddable":true,"href":"https:\/\/www.ametllerorigenwp.com\/ca\/wp-json\/wp\/v2\/users\/3"}],"replies":[{"embeddable":true,"href":"https:\/\/www.ametllerorigenwp.com\/ca\/wp-json\/wp\/v2\/comments?post=6417"}],"version-history":[{"count":3,"href":"https:\/\/www.ametllerorigenwp.com\/ca\/wp-json\/wp\/v2\/posts\/6417\/revisions"}],"predecessor-version":[{"id":6438,"href":"https:\/\/www.ametllerorigenwp.com\/ca\/wp-json\/wp\/v2\/posts\/6417\/revisions\/6438"}],"wp:featuredmedia":[{"embeddable":true,"href":"https:\/\/www.ametllerorigenwp.com\/ca\/wp-json\/wp\/v2\/media\/6418"}],"wp:attachment":[{"href":"https:\/\/www.ametllerorigenwp.com\/ca\/wp-json\/wp\/v2\/media?parent=6417"}],"wp:term":[{"taxonomy":"category","embeddable":true,"href":"https:\/\/www.ametllerorigenwp.com\/ca\/wp-json\/wp\/v2\/categories?post=6417"},{"taxonomy":"post_tag","embeddable":true,"href":"https:\/\/www.ametllerorigenwp.com\/ca\/wp-json\/wp\/v2\/tags?post=6417"}],"curies":[{"name":"wp","href":"https:\/\/api.w.org\/{rel}","templated":true}]}}