{"id":6433,"date":"2022-10-23T13:17:00","date_gmt":"2022-10-23T13:17:00","guid":{"rendered":"https:\/\/www.ametllerorigenwp.com\/?p=6433"},"modified":"2022-10-21T13:17:58","modified_gmt":"2022-10-21T13:17:58","slug":"reduim-un-31-les-emissions-directes-de-carboni-durant-lultima-decada","status":"publish","type":"post","link":"https:\/\/www.ametllerorigenwp.com\/ca\/reduim-un-31-les-emissions-directes-de-carboni-durant-lultima-decada\/","title":{"rendered":"Redu\u00efm un 31% les emissions directes de carboni durant l\u2019\u00faltima d\u00e8cada"},"content":{"rendered":"\n<p><strong>Coincidint amb el Dia Mundial contra el Canvi Clim\u00e0tic<\/strong> i seguint amb el nostre prop\u00f2sit per ser una empresa neutra en emissions de CO<sub>2<\/sub> l\u2019any 2027, durant l\u2019\u00faltima d\u00e8cada hem redu\u00eft <strong>un 31% les emissions directes de carboni i altres gasos d\u2019efecte hivernacle (GEH)<\/strong> del negoci de distribuci\u00f3, tot i haver gaireb\u00e9 duplicat el nombre de botigues en el mateix per\u00edode.<\/p>\n\n\n\n<p>M\u00e9s concretament, <strong>durant l\u2019any 2021<\/strong>, tot i el fort creixement que vam experimentar, <strong>vam aconseguir reduir, <\/strong>respecte a l\u2019any 2020,<strong> les emissions generades al llarg de tota la seva cadena de valor, evitant l\u2019emissi\u00f3 de m\u00e9s de 6.000 tones de CO2<\/strong>.<\/p>\n\n\n\n<p>Aix\u00f2 ha estat possible <strong>gr\u00e0cies al pla d\u2019acci\u00f3 d\u2019efici\u00e8ncia energ\u00e8tica i descarbonitzaci\u00f3 que hem aplicat<\/strong> en paral\u00b7lel a la nostra estrat\u00e8gia de creixement.<\/p>\n\n\n\n<p>Continuem avan\u00e7ant junts cap al m\u00f3n on volem viure!<\/p>\n","protected":false},"excerpt":{"rendered":"<p>Coincidint amb el Dia Mundial contra el Canvi Clim\u00e0tic i seguint amb el nostre prop\u00f2sit per ser una empresa neutra en emissions de CO2 l\u2019any 2027, durant l\u2019\u00faltima d\u00e8cada hem redu\u00eft un 31% les emissions directes de carboni i altres gasos d\u2019efecte hivernacle (GEH) del negoci de distribuci\u00f3, tot i haver gaireb\u00e9 duplicat el nombre &hellip; <a href=\"https:\/\/www.ametllerorigenwp.com\/ca\/reduim-un-31-les-emissions-directes-de-carboni-durant-lultima-decada\/\" class=\"more-link\">Continua llegint <span class=\"screen-reader-text\">\u00abRedu\u00efm un 31% les emissions directes de carboni durant l\u2019\u00faltima d\u00e8cada\u00bb<\/span><\/a><\/p>\n","protected":false},"author":3,"featured_media":6434,"comment_status":"closed","ping_status":"closed","sticky":false,"template":"","format":"standard","meta":{"_uag_custom_page_level_css":"","advgb_blocks_editor_width":"","advgb_blocks_columns_visual_guide":"","footnotes":""},"categories":[2],"tags":[],"class_list":["post-6433","post","type-post","status-publish","format-standard","has-post-thumbnail","hentry","category-noticies"],"author_meta":{"display_name":"Ametller Origen","author_link":"https:\/\/www.ametllerorigenwp.com\/ca\/author\/ao_editor\/"},"featured_img":"https:\/\/www.ametllerorigenwp.com\/wp-content\/uploads\/2022\/10\/app-2027-femcami-CAT-300x102.jpg","uagb_featured_image_src":{"full":["https:\/\/www.ametllerorigenwp.com\/wp-content\/uploads\/2022\/10\/app-2027-femcami-CAT.jpg",1000,340,false],"thumbnail":["https:\/\/www.ametllerorigenwp.com\/wp-content\/uploads\/2022\/10\/app-2027-femcami-CAT-150x150.jpg",150,150,true],"medium":["https:\/\/www.ametllerorigenwp.com\/wp-content\/uploads\/2022\/10\/app-2027-femcami-CAT-300x102.jpg",300,102,true],"medium_large":["https:\/\/www.ametllerorigenwp.com\/wp-content\/uploads\/2022\/10\/app-2027-femcami-CAT-768x261.jpg",768,261,true],"large":["https:\/\/www.ametllerorigenwp.com\/wp-content\/uploads\/2022\/10\/app-2027-femcami-CAT.jpg",840,286,false],"1536x1536":["https:\/\/www.ametllerorigenwp.com\/wp-content\/uploads\/2022\/10\/app-2027-femcami-CAT.jpg",1000,340,false],"2048x2048":["https:\/\/www.ametllerorigenwp.com\/wp-content\/uploads\/2022\/10\/app-2027-femcami-CAT.jpg",1000,340,false],"post-thumbnail":["https:\/\/www.ametllerorigenwp.com\/wp-content\/uploads\/2022\/10\/app-2027-femcami-CAT.jpg",1000,340,false]},"uagb_author_info":{"display_name":"Ametller Origen","author_link":"https:\/\/www.ametllerorigenwp.com\/ca\/author\/ao_editor\/"},"uagb_comment_info":0,"uagb_excerpt":"Coincidint amb el Dia Mundial contra el Canvi Clim\u00e0tic i seguint amb el nostre prop\u00f2sit per ser una empresa neutra en emissions de CO2 l\u2019any 2027, durant l\u2019\u00faltima d\u00e8cada hem redu\u00eft un 31% les emissions directes de carboni i altres gasos d\u2019efecte hivernacle (GEH) del negoci de distribuci\u00f3, tot i haver gaireb\u00e9 duplicat el nombre&hellip;","coauthors":[],"tax_additional":{"categories":{"linked":["<a href=\"https:\/\/www.ametllerorigenwp.com\/ca\/category\/noticies\/\" class=\"advgb-post-tax-term\">Noticies<\/a>"],"unlinked":["<span class=\"advgb-post-tax-term\">Noticies<\/span>"]}},"comment_count":"0","relative_dates":{"created":"Posted 4 anys ago","modified":"Updated 4 anys ago"},"absolute_dates":{"created":"Posted on 23 d'octubre de 2022","modified":"Updated on 21 d'octubre de 2022"},"absolute_dates_time":{"created":"Posted on 23 d'octubre de 2022 13:17","modified":"Updated on 21 d'octubre de 2022 13:17"},"featured_img_caption":"","series_order":"","show_in_app":true,"fecha_inicio_destacado":null,"hora_inicio_visualizacion":null,"minutos_inicio_visualizacion":null,"fecha_final_destacado":null,"hora_final_visualizacion":null,"minutos_final_visualizacion":null,"posicion_visualizacion":null,"estado_destacado":null,"niveles_destacados":null,"url_del_enlace":null,"banner_destacado":null,"posicion_visualizacion_de_la_noticia":null,"estado_noticia":null,"fecha_de_inicio_de_visualizacion_del_tutorial":null,"hora_inicio_visualizacion_tutorial":null,"minutos_inicio_visualizacion_tutorial":null,"fecha_de_final_de_visualizacion_del_tutorial":null,"hora_final_visualizacion_tutorial":null,"minutos_final_visualizacion_tutorial":null,"numero_de_veces_visto":null,"numero_de_veces_total":null,"niveles_tutorial":null,"tutorial_recursos_castellano":null,"tutorial_recursos_catalan":null,"dias_disponibles":null,"dias_de_la_semana":null,"dias_del_mes":null,"other_lang_post_id":null,"lang":"ca","campanya_descripcion":null,"campanya_fecha_inicio":null,"campanya_fecha_fin":null,"campanya_legales":null,"campanya_imagen":null,"campanya_characteristics":null,"campanya_url":null,"campanya_posicion_visualizacion":null,"campanya_estado":null,"_links":{"self":[{"href":"https:\/\/www.ametllerorigenwp.com\/ca\/wp-json\/wp\/v2\/posts\/6433","targetHints":{"allow":["GET"]}}],"collection":[{"href":"https:\/\/www.ametllerorigenwp.com\/ca\/wp-json\/wp\/v2\/posts"}],"about":[{"href":"https:\/\/www.ametllerorigenwp.com\/ca\/wp-json\/wp\/v2\/types\/post"}],"author":[{"embeddable":true,"href":"https:\/\/www.ametllerorigenwp.com\/ca\/wp-json\/wp\/v2\/users\/3"}],"replies":[{"embeddable":true,"href":"https:\/\/www.ametllerorigenwp.com\/ca\/wp-json\/wp\/v2\/comments?post=6433"}],"version-history":[{"count":1,"href":"https:\/\/www.ametllerorigenwp.com\/ca\/wp-json\/wp\/v2\/posts\/6433\/revisions"}],"predecessor-version":[{"id":6436,"href":"https:\/\/www.ametllerorigenwp.com\/ca\/wp-json\/wp\/v2\/posts\/6433\/revisions\/6436"}],"wp:featuredmedia":[{"embeddable":true,"href":"https:\/\/www.ametllerorigenwp.com\/ca\/wp-json\/wp\/v2\/media\/6434"}],"wp:attachment":[{"href":"https:\/\/www.ametllerorigenwp.com\/ca\/wp-json\/wp\/v2\/media?parent=6433"}],"wp:term":[{"taxonomy":"category","embeddable":true,"href":"https:\/\/www.ametllerorigenwp.com\/ca\/wp-json\/wp\/v2\/categories?post=6433"},{"taxonomy":"post_tag","embeddable":true,"href":"https:\/\/www.ametllerorigenwp.com\/ca\/wp-json\/wp\/v2\/tags?post=6433"}],"curies":[{"name":"wp","href":"https:\/\/api.w.org\/{rel}","templated":true}]}}