{"id":6456,"date":"2022-10-25T14:57:08","date_gmt":"2022-10-25T14:57:08","guid":{"rendered":"https:\/\/www.ametllerorigenwp.com\/?p=6456"},"modified":"2022-10-25T14:58:20","modified_gmt":"2022-10-25T14:58:20","slug":"saps-com-cuinar-el-pinetell","status":"publish","type":"post","link":"https:\/\/www.ametllerorigenwp.com\/ca\/saps-com-cuinar-el-pinetell\/","title":{"rendered":"Saps com cuinar el pinetell?"},"content":{"rendered":"\n<p><strong>El <a href=\"https:\/\/www.ametllerorigen.com\/ca\/verdura\/bolets\">pinetell<\/a><\/strong>, germ\u00e0 bess\u00f3 del rovell\u00f3, sovint <strong>presenta taques verdes<\/strong> a la part superior i la seva <strong>cut\u00edcula llisa t\u00e9 cercles de color ataronjat i vermell\u00f3s<\/strong>. &nbsp;Pel que fa al seu sabor, aquest <strong>\u00e9s molt dol\u00e7 i sabor\u00f3s<\/strong>. Per\u00f2, <strong>saps com cuinar aquesta del\u00edcia de temporada?<\/strong> A continuaci\u00f3 et donem algunes idees!<\/p>\n\n\n\n<ul class=\"wp-block-list\"><li>Sol, a la brasa, amb un rajol\u00ed d\u2019oli d\u2019oliva verge i un polsim de sal.<\/li><li>Amb carn o arr\u00f2s a la cassola, acompanyat de castanyes o verduretes.<\/li><li>Amb un remenat d\u2019ous i una mica de julivert per sobre. &nbsp;<\/li><\/ul>\n\n\n\n<p>Anima\u2019t i delecta\u2019t amb aquests plats!<\/p>\n","protected":false},"excerpt":{"rendered":"<p>El pinetell, germ\u00e0 bess\u00f3 del rovell\u00f3, sovint presenta taques verdes a la part superior i la seva cut\u00edcula llisa t\u00e9 cercles de color ataronjat i vermell\u00f3s. &nbsp;Pel que fa al seu sabor, aquest \u00e9s molt dol\u00e7 i sabor\u00f3s. Per\u00f2, saps com cuinar aquesta del\u00edcia de temporada? A continuaci\u00f3 et donem algunes idees! Sol, a la &hellip; <a href=\"https:\/\/www.ametllerorigenwp.com\/ca\/saps-com-cuinar-el-pinetell\/\" class=\"more-link\">Continua llegint <span class=\"screen-reader-text\">\u00abSaps com cuinar el pinetell?\u00bb<\/span><\/a><\/p>\n","protected":false},"author":3,"featured_media":6457,"comment_status":"closed","ping_status":"closed","sticky":false,"template":"","format":"standard","meta":{"_uag_custom_page_level_css":"","advgb_blocks_editor_width":"","advgb_blocks_columns_visual_guide":"","footnotes":""},"categories":[2],"tags":[],"class_list":["post-6456","post","type-post","status-publish","format-standard","has-post-thumbnail","hentry","category-noticies"],"author_meta":{"display_name":"Ametller Origen","author_link":"https:\/\/www.ametllerorigenwp.com\/ca\/author\/ao_editor\/"},"featured_img":"https:\/\/www.ametllerorigenwp.com\/wp-content\/uploads\/2022\/10\/IM_ROVELLO_PINATELL-300x102.jpg","uagb_featured_image_src":{"full":["https:\/\/www.ametllerorigenwp.com\/wp-content\/uploads\/2022\/10\/IM_ROVELLO_PINATELL.jpg",1000,340,false],"thumbnail":["https:\/\/www.ametllerorigenwp.com\/wp-content\/uploads\/2022\/10\/IM_ROVELLO_PINATELL-150x150.jpg",150,150,true],"medium":["https:\/\/www.ametllerorigenwp.com\/wp-content\/uploads\/2022\/10\/IM_ROVELLO_PINATELL-300x102.jpg",300,102,true],"medium_large":["https:\/\/www.ametllerorigenwp.com\/wp-content\/uploads\/2022\/10\/IM_ROVELLO_PINATELL-768x261.jpg",768,261,true],"large":["https:\/\/www.ametllerorigenwp.com\/wp-content\/uploads\/2022\/10\/IM_ROVELLO_PINATELL.jpg",840,286,false],"1536x1536":["https:\/\/www.ametllerorigenwp.com\/wp-content\/uploads\/2022\/10\/IM_ROVELLO_PINATELL.jpg",1000,340,false],"2048x2048":["https:\/\/www.ametllerorigenwp.com\/wp-content\/uploads\/2022\/10\/IM_ROVELLO_PINATELL.jpg",1000,340,false],"post-thumbnail":["https:\/\/www.ametllerorigenwp.com\/wp-content\/uploads\/2022\/10\/IM_ROVELLO_PINATELL.jpg",1000,340,false]},"uagb_author_info":{"display_name":"Ametller Origen","author_link":"https:\/\/www.ametllerorigenwp.com\/ca\/author\/ao_editor\/"},"uagb_comment_info":0,"uagb_excerpt":"El pinetell, germ\u00e0 bess\u00f3 del rovell\u00f3, sovint presenta taques verdes a la part superior i la seva cut\u00edcula llisa t\u00e9 cercles de color ataronjat i vermell\u00f3s. &nbsp;Pel que fa al seu sabor, aquest \u00e9s molt dol\u00e7 i sabor\u00f3s. Per\u00f2, saps com cuinar aquesta del\u00edcia de temporada? A continuaci\u00f3 et donem algunes idees! Sol, a la&hellip;","coauthors":[],"tax_additional":{"categories":{"linked":["<a href=\"https:\/\/www.ametllerorigenwp.com\/ca\/category\/noticies\/\" class=\"advgb-post-tax-term\">Noticies<\/a>"],"unlinked":["<span class=\"advgb-post-tax-term\">Noticies<\/span>"]}},"comment_count":"0","relative_dates":{"created":"Posted 4 anys ago","modified":"Updated 4 anys ago"},"absolute_dates":{"created":"Posted on 25 d'octubre de 2022","modified":"Updated on 25 d'octubre de 2022"},"absolute_dates_time":{"created":"Posted on 25 d'octubre de 2022 14:57","modified":"Updated on 25 d'octubre de 2022 14:58"},"featured_img_caption":"","series_order":"","show_in_app":true,"fecha_inicio_destacado":null,"hora_inicio_visualizacion":null,"minutos_inicio_visualizacion":null,"fecha_final_destacado":null,"hora_final_visualizacion":null,"minutos_final_visualizacion":null,"posicion_visualizacion":null,"estado_destacado":null,"niveles_destacados":null,"url_del_enlace":null,"banner_destacado":null,"posicion_visualizacion_de_la_noticia":null,"estado_noticia":null,"fecha_de_inicio_de_visualizacion_del_tutorial":null,"hora_inicio_visualizacion_tutorial":null,"minutos_inicio_visualizacion_tutorial":null,"fecha_de_final_de_visualizacion_del_tutorial":null,"hora_final_visualizacion_tutorial":null,"minutos_final_visualizacion_tutorial":null,"numero_de_veces_visto":null,"numero_de_veces_total":null,"niveles_tutorial":null,"tutorial_recursos_castellano":null,"tutorial_recursos_catalan":null,"dias_disponibles":null,"dias_de_la_semana":null,"dias_del_mes":null,"other_lang_post_id":null,"lang":"ca","campanya_descripcion":null,"campanya_fecha_inicio":null,"campanya_fecha_fin":null,"campanya_legales":null,"campanya_imagen":null,"campanya_characteristics":null,"campanya_url":null,"campanya_posicion_visualizacion":null,"campanya_estado":null,"_links":{"self":[{"href":"https:\/\/www.ametllerorigenwp.com\/ca\/wp-json\/wp\/v2\/posts\/6456","targetHints":{"allow":["GET"]}}],"collection":[{"href":"https:\/\/www.ametllerorigenwp.com\/ca\/wp-json\/wp\/v2\/posts"}],"about":[{"href":"https:\/\/www.ametllerorigenwp.com\/ca\/wp-json\/wp\/v2\/types\/post"}],"author":[{"embeddable":true,"href":"https:\/\/www.ametllerorigenwp.com\/ca\/wp-json\/wp\/v2\/users\/3"}],"replies":[{"embeddable":true,"href":"https:\/\/www.ametllerorigenwp.com\/ca\/wp-json\/wp\/v2\/comments?post=6456"}],"version-history":[{"count":1,"href":"https:\/\/www.ametllerorigenwp.com\/ca\/wp-json\/wp\/v2\/posts\/6456\/revisions"}],"predecessor-version":[{"id":6459,"href":"https:\/\/www.ametllerorigenwp.com\/ca\/wp-json\/wp\/v2\/posts\/6456\/revisions\/6459"}],"wp:featuredmedia":[{"embeddable":true,"href":"https:\/\/www.ametllerorigenwp.com\/ca\/wp-json\/wp\/v2\/media\/6457"}],"wp:attachment":[{"href":"https:\/\/www.ametllerorigenwp.com\/ca\/wp-json\/wp\/v2\/media?parent=6456"}],"wp:term":[{"taxonomy":"category","embeddable":true,"href":"https:\/\/www.ametllerorigenwp.com\/ca\/wp-json\/wp\/v2\/categories?post=6456"},{"taxonomy":"post_tag","embeddable":true,"href":"https:\/\/www.ametllerorigenwp.com\/ca\/wp-json\/wp\/v2\/tags?post=6456"}],"curies":[{"name":"wp","href":"https:\/\/api.w.org\/{rel}","templated":true}]}}