{"id":6474,"date":"2022-10-27T15:26:20","date_gmt":"2022-10-27T15:26:20","guid":{"rendered":"https:\/\/www.ametllerorigenwp.com\/?p=6474"},"modified":"2022-10-27T15:38:00","modified_gmt":"2022-10-27T15:38:00","slug":"vols-passar-una-bona-estona-vine-als-nostres-tallers-i-activitats","status":"publish","type":"post","link":"https:\/\/www.ametllerorigenwp.com\/ca\/vols-passar-una-bona-estona-vine-als-nostres-tallers-i-activitats\/","title":{"rendered":"Vols passar una bona estona? Vine als nostres tallers i activitats!"},"content":{"rendered":"\n<p>Amb ganes de saber quines s\u00f3n les activitats d\u2019aquest mes de novembre? N\u2019hi ha per a tots els gustos!<\/p>\n\n\n\n<p>Com a novetat, aquest mes hem preparat <strong>dues activitats solid\u00e0ries per recaptar fons per a La Marat\u00f3<\/strong>, que aquest any es dedica a les malalties cardiovasculars: la <strong>I Caminada Solid\u00e0ria \u2018Directe al Cor\u2019<\/strong> i el <strong>Sopar Solidari de Nadal<\/strong>. El 100% dels diners recaptats es destinaran \u00edntegrament a La Marat\u00f3.<\/p>\n\n\n\n<p>Tanmateix, tamb\u00e9 podr\u00e0s gaudir <strong>dels millors showcookings de tardor amb el xef Miquel Antoja i de fideus a la cassola amb l\u2019instagramer @kitmesures<\/strong>. Si <strong>ets esportista, amb el Cintet<\/strong> elaborar\u00e0s receptes que t\u2019ajudin a tenir un <strong>m\u00e0xim rendiment esportiu<\/strong>, tamb\u00e9 descobrir\u00e0s la cuina de tardor amb <strong>receptes de bolets<\/strong> i t\u2019endinsar\u00e0s en la cuina asi\u00e0tica amb un <strong>taller de gyozes<\/strong>. Aix\u00ed mateix, podr\u00e0s gaudir del <strong>maridatge m\u00e9s selecte de cat\u00e0nies Cudi\u00e9 i caves Juv\u00e9&amp;Camps<\/strong>. I <strong>per als m\u00e9s petits<\/strong>, hem organitzat un <strong>taller de sushi<\/strong> amb fruites i verdures.<\/p>\n\n\n\n<p>Consulta <a href=\"https:\/\/mercat-autors.ametllerorigen.com\/\">el nostre calendari<\/a> i apunta-t\u2019hi!<\/p>\n","protected":false},"excerpt":{"rendered":"<p>Amb ganes de saber quines s\u00f3n les activitats d\u2019aquest mes de novembre? N\u2019hi ha per a tots els gustos! Com a novetat, aquest mes hem preparat dues activitats solid\u00e0ries per recaptar fons per a La Marat\u00f3, que aquest any es dedica a les malalties cardiovasculars: la I Caminada Solid\u00e0ria \u2018Directe al Cor\u2019 i el Sopar &hellip; <a href=\"https:\/\/www.ametllerorigenwp.com\/ca\/vols-passar-una-bona-estona-vine-als-nostres-tallers-i-activitats\/\" class=\"more-link\">Continua llegint <span class=\"screen-reader-text\">\u00abVols passar una bona estona? Vine als nostres tallers i activitats!\u00bb<\/span><\/a><\/p>\n","protected":false},"author":3,"featured_media":6475,"comment_status":"closed","ping_status":"closed","sticky":false,"template":"","format":"standard","meta":{"_uag_custom_page_level_css":"","advgb_blocks_editor_width":"","advgb_blocks_columns_visual_guide":"","footnotes":""},"categories":[2],"tags":[],"class_list":["post-6474","post","type-post","status-publish","format-standard","has-post-thumbnail","hentry","category-noticies"],"author_meta":{"display_name":"Ametller Origen","author_link":"https:\/\/www.ametllerorigenwp.com\/ca\/author\/ao_editor\/"},"featured_img":"https:\/\/www.ametllerorigenwp.com\/wp-content\/uploads\/2022\/10\/COMMS_NOTI_APP_ESDEVENIMENTS_NOV_1000x340_1-300x102.jpg","uagb_featured_image_src":{"full":["https:\/\/www.ametllerorigenwp.com\/wp-content\/uploads\/2022\/10\/COMMS_NOTI_APP_ESDEVENIMENTS_NOV_1000x340_1.jpg",1000,340,false],"thumbnail":["https:\/\/www.ametllerorigenwp.com\/wp-content\/uploads\/2022\/10\/COMMS_NOTI_APP_ESDEVENIMENTS_NOV_1000x340_1-150x150.jpg",150,150,true],"medium":["https:\/\/www.ametllerorigenwp.com\/wp-content\/uploads\/2022\/10\/COMMS_NOTI_APP_ESDEVENIMENTS_NOV_1000x340_1-300x102.jpg",300,102,true],"medium_large":["https:\/\/www.ametllerorigenwp.com\/wp-content\/uploads\/2022\/10\/COMMS_NOTI_APP_ESDEVENIMENTS_NOV_1000x340_1-768x261.jpg",768,261,true],"large":["https:\/\/www.ametllerorigenwp.com\/wp-content\/uploads\/2022\/10\/COMMS_NOTI_APP_ESDEVENIMENTS_NOV_1000x340_1.jpg",840,286,false],"1536x1536":["https:\/\/www.ametllerorigenwp.com\/wp-content\/uploads\/2022\/10\/COMMS_NOTI_APP_ESDEVENIMENTS_NOV_1000x340_1.jpg",1000,340,false],"2048x2048":["https:\/\/www.ametllerorigenwp.com\/wp-content\/uploads\/2022\/10\/COMMS_NOTI_APP_ESDEVENIMENTS_NOV_1000x340_1.jpg",1000,340,false],"post-thumbnail":["https:\/\/www.ametllerorigenwp.com\/wp-content\/uploads\/2022\/10\/COMMS_NOTI_APP_ESDEVENIMENTS_NOV_1000x340_1.jpg",1000,340,false]},"uagb_author_info":{"display_name":"Ametller Origen","author_link":"https:\/\/www.ametllerorigenwp.com\/ca\/author\/ao_editor\/"},"uagb_comment_info":0,"uagb_excerpt":"Amb ganes de saber quines s\u00f3n les activitats d\u2019aquest mes de novembre? N\u2019hi ha per a tots els gustos! Com a novetat, aquest mes hem preparat dues activitats solid\u00e0ries per recaptar fons per a La Marat\u00f3, que aquest any es dedica a les malalties cardiovasculars: la I Caminada Solid\u00e0ria \u2018Directe al Cor\u2019 i el Sopar&hellip;","coauthors":[],"tax_additional":{"categories":{"linked":["<a href=\"https:\/\/www.ametllerorigenwp.com\/ca\/category\/noticies\/\" class=\"advgb-post-tax-term\">Noticies<\/a>"],"unlinked":["<span class=\"advgb-post-tax-term\">Noticies<\/span>"]}},"comment_count":"0","relative_dates":{"created":"Posted 4 anys ago","modified":"Updated 4 anys ago"},"absolute_dates":{"created":"Posted on 27 d'octubre de 2022","modified":"Updated on 27 d'octubre de 2022"},"absolute_dates_time":{"created":"Posted on 27 d'octubre de 2022 15:26","modified":"Updated on 27 d'octubre de 2022 15:38"},"featured_img_caption":"","series_order":"","show_in_app":true,"fecha_inicio_destacado":null,"hora_inicio_visualizacion":null,"minutos_inicio_visualizacion":null,"fecha_final_destacado":null,"hora_final_visualizacion":null,"minutos_final_visualizacion":null,"posicion_visualizacion":null,"estado_destacado":null,"niveles_destacados":null,"url_del_enlace":null,"banner_destacado":null,"posicion_visualizacion_de_la_noticia":null,"estado_noticia":null,"fecha_de_inicio_de_visualizacion_del_tutorial":null,"hora_inicio_visualizacion_tutorial":null,"minutos_inicio_visualizacion_tutorial":null,"fecha_de_final_de_visualizacion_del_tutorial":null,"hora_final_visualizacion_tutorial":null,"minutos_final_visualizacion_tutorial":null,"numero_de_veces_visto":null,"numero_de_veces_total":null,"niveles_tutorial":null,"tutorial_recursos_castellano":null,"tutorial_recursos_catalan":null,"dias_disponibles":null,"dias_de_la_semana":null,"dias_del_mes":null,"other_lang_post_id":null,"lang":"ca","campanya_descripcion":null,"campanya_fecha_inicio":null,"campanya_fecha_fin":null,"campanya_legales":null,"campanya_imagen":null,"campanya_characteristics":null,"campanya_url":null,"campanya_posicion_visualizacion":null,"campanya_estado":null,"_links":{"self":[{"href":"https:\/\/www.ametllerorigenwp.com\/ca\/wp-json\/wp\/v2\/posts\/6474","targetHints":{"allow":["GET"]}}],"collection":[{"href":"https:\/\/www.ametllerorigenwp.com\/ca\/wp-json\/wp\/v2\/posts"}],"about":[{"href":"https:\/\/www.ametllerorigenwp.com\/ca\/wp-json\/wp\/v2\/types\/post"}],"author":[{"embeddable":true,"href":"https:\/\/www.ametllerorigenwp.com\/ca\/wp-json\/wp\/v2\/users\/3"}],"replies":[{"embeddable":true,"href":"https:\/\/www.ametllerorigenwp.com\/ca\/wp-json\/wp\/v2\/comments?post=6474"}],"version-history":[{"count":1,"href":"https:\/\/www.ametllerorigenwp.com\/ca\/wp-json\/wp\/v2\/posts\/6474\/revisions"}],"predecessor-version":[{"id":6477,"href":"https:\/\/www.ametllerorigenwp.com\/ca\/wp-json\/wp\/v2\/posts\/6474\/revisions\/6477"}],"wp:featuredmedia":[{"embeddable":true,"href":"https:\/\/www.ametllerorigenwp.com\/ca\/wp-json\/wp\/v2\/media\/6475"}],"wp:attachment":[{"href":"https:\/\/www.ametllerorigenwp.com\/ca\/wp-json\/wp\/v2\/media?parent=6474"}],"wp:term":[{"taxonomy":"category","embeddable":true,"href":"https:\/\/www.ametllerorigenwp.com\/ca\/wp-json\/wp\/v2\/categories?post=6474"},{"taxonomy":"post_tag","embeddable":true,"href":"https:\/\/www.ametllerorigenwp.com\/ca\/wp-json\/wp\/v2\/tags?post=6474"}],"curies":[{"name":"wp","href":"https:\/\/api.w.org\/{rel}","templated":true}]}}