{"id":6569,"date":"2022-11-14T15:39:43","date_gmt":"2022-11-14T15:39:43","guid":{"rendered":"https:\/\/www.ametllerorigenwp.com\/?p=6569"},"modified":"2022-11-14T15:39:45","modified_gmt":"2022-11-14T15:39:45","slug":"el-caqui-una-fruita-amb-un-elevat-efecte-antioxidant","status":"publish","type":"post","link":"https:\/\/www.ametllerorigenwp.com\/ca\/el-caqui-una-fruita-amb-un-elevat-efecte-antioxidant\/","title":{"rendered":"El caqui, una fruita amb un elevat efecte antioxidant"},"content":{"rendered":"\n<p>Si et preguntem per una fruita de tardor de pell llisa i brillant, de color ataronjat i sabor molt dol\u00e7, estem segurs que ens dir\u00e0s el caqui! <strong>Aquesta fruita no nom\u00e9s \u00e9s deliciosa, sin\u00f3 que tamb\u00e9 disposa de moltes propietats beneficioses per a la salut<\/strong>. A continuaci\u00f3 te n\u2019expliquem algunes!<\/p>\n\n\n\n<ul class=\"wp-block-list\"><li><strong>Vitamina A i betacarotens<\/strong>, fet que li dona una capacitat antioxidant elevada. Aquesta vitamina \u00e9s responsable del manteniment de les c\u00e8l\u00b7lules, la vista i la pell.<\/li><li><strong>Vitamina C<\/strong>, antioxidant tamb\u00e9, que afavoreix la formaci\u00f3 de col\u00b7lagen, gl\u00f2buls vermells, ossos i dents.<\/li><li><strong>Alt en potassi<\/strong>, necessari per transmetre i generar l\u2019impuls nervi\u00f3s, i <strong>baix en sodi<\/strong>, fet que permet un efecte di\u00fcr\u00e8tic.<\/li><li><strong>Ric en fibra<\/strong>, que contribueix a millorar la microbiota intestinal.<\/li><\/ul>\n\n\n\n<p>Aprofita ara que estan de temporada i incorpora els caquis a la teva dieta!<\/p>\n","protected":false},"excerpt":{"rendered":"<p>Si et preguntem per una fruita de tardor de pell llisa i brillant, de color ataronjat i sabor molt dol\u00e7, estem segurs que ens dir\u00e0s el caqui! Aquesta fruita no nom\u00e9s \u00e9s deliciosa, sin\u00f3 que tamb\u00e9 disposa de moltes propietats beneficioses per a la salut. A continuaci\u00f3 te n\u2019expliquem algunes! Vitamina A i betacarotens, fet &hellip; <a href=\"https:\/\/www.ametllerorigenwp.com\/ca\/el-caqui-una-fruita-amb-un-elevat-efecte-antioxidant\/\" class=\"more-link\">Continua llegint <span class=\"screen-reader-text\">\u00abEl caqui, una fruita amb un elevat efecte antioxidant\u00bb<\/span><\/a><\/p>\n","protected":false},"author":3,"featured_media":6570,"comment_status":"closed","ping_status":"closed","sticky":false,"template":"","format":"standard","meta":{"_uag_custom_page_level_css":"","advgb_blocks_editor_width":"","advgb_blocks_columns_visual_guide":"","footnotes":""},"categories":[2],"tags":[],"class_list":["post-6569","post","type-post","status-publish","format-standard","has-post-thumbnail","hentry","category-noticies"],"author_meta":{"display_name":"Ametller Origen","author_link":"https:\/\/www.ametllerorigenwp.com\/ca\/author\/ao_editor\/"},"featured_img":"https:\/\/www.ametllerorigenwp.com\/wp-content\/uploads\/2022\/11\/APP_IM_CAQUIS-1-300x102.jpg","uagb_featured_image_src":{"full":["https:\/\/www.ametllerorigenwp.com\/wp-content\/uploads\/2022\/11\/APP_IM_CAQUIS-1.jpg",1000,340,false],"thumbnail":["https:\/\/www.ametllerorigenwp.com\/wp-content\/uploads\/2022\/11\/APP_IM_CAQUIS-1-150x150.jpg",150,150,true],"medium":["https:\/\/www.ametllerorigenwp.com\/wp-content\/uploads\/2022\/11\/APP_IM_CAQUIS-1-300x102.jpg",300,102,true],"medium_large":["https:\/\/www.ametllerorigenwp.com\/wp-content\/uploads\/2022\/11\/APP_IM_CAQUIS-1-768x261.jpg",768,261,true],"large":["https:\/\/www.ametllerorigenwp.com\/wp-content\/uploads\/2022\/11\/APP_IM_CAQUIS-1.jpg",840,286,false],"1536x1536":["https:\/\/www.ametllerorigenwp.com\/wp-content\/uploads\/2022\/11\/APP_IM_CAQUIS-1.jpg",1000,340,false],"2048x2048":["https:\/\/www.ametllerorigenwp.com\/wp-content\/uploads\/2022\/11\/APP_IM_CAQUIS-1.jpg",1000,340,false],"post-thumbnail":["https:\/\/www.ametllerorigenwp.com\/wp-content\/uploads\/2022\/11\/APP_IM_CAQUIS-1.jpg",1000,340,false]},"uagb_author_info":{"display_name":"Ametller Origen","author_link":"https:\/\/www.ametllerorigenwp.com\/ca\/author\/ao_editor\/"},"uagb_comment_info":0,"uagb_excerpt":"Si et preguntem per una fruita de tardor de pell llisa i brillant, de color ataronjat i sabor molt dol\u00e7, estem segurs que ens dir\u00e0s el caqui! Aquesta fruita no nom\u00e9s \u00e9s deliciosa, sin\u00f3 que tamb\u00e9 disposa de moltes propietats beneficioses per a la salut. A continuaci\u00f3 te n\u2019expliquem algunes! Vitamina A i betacarotens, fet&hellip;","coauthors":[],"tax_additional":{"categories":{"linked":["<a href=\"https:\/\/www.ametllerorigenwp.com\/ca\/category\/noticies\/\" class=\"advgb-post-tax-term\">Noticies<\/a>"],"unlinked":["<span class=\"advgb-post-tax-term\">Noticies<\/span>"]}},"comment_count":"0","relative_dates":{"created":"Posted 3 anys ago","modified":"Updated 3 anys ago"},"absolute_dates":{"created":"Posted on 14 de novembre de 2022","modified":"Updated on 14 de novembre de 2022"},"absolute_dates_time":{"created":"Posted on 14 de novembre de 2022 15:39","modified":"Updated on 14 de novembre de 2022 15:39"},"featured_img_caption":"","series_order":"","show_in_app":true,"fecha_inicio_destacado":null,"hora_inicio_visualizacion":null,"minutos_inicio_visualizacion":null,"fecha_final_destacado":null,"hora_final_visualizacion":null,"minutos_final_visualizacion":null,"posicion_visualizacion":null,"estado_destacado":null,"niveles_destacados":null,"url_del_enlace":null,"banner_destacado":null,"posicion_visualizacion_de_la_noticia":null,"estado_noticia":null,"fecha_de_inicio_de_visualizacion_del_tutorial":null,"hora_inicio_visualizacion_tutorial":null,"minutos_inicio_visualizacion_tutorial":null,"fecha_de_final_de_visualizacion_del_tutorial":null,"hora_final_visualizacion_tutorial":null,"minutos_final_visualizacion_tutorial":null,"numero_de_veces_visto":null,"numero_de_veces_total":null,"niveles_tutorial":null,"tutorial_recursos_castellano":null,"tutorial_recursos_catalan":null,"dias_disponibles":null,"dias_de_la_semana":null,"dias_del_mes":null,"other_lang_post_id":null,"lang":"ca","campanya_descripcion":null,"campanya_fecha_inicio":null,"campanya_fecha_fin":null,"campanya_legales":null,"campanya_imagen":null,"campanya_characteristics":null,"campanya_url":null,"campanya_posicion_visualizacion":null,"campanya_estado":null,"_links":{"self":[{"href":"https:\/\/www.ametllerorigenwp.com\/ca\/wp-json\/wp\/v2\/posts\/6569","targetHints":{"allow":["GET"]}}],"collection":[{"href":"https:\/\/www.ametllerorigenwp.com\/ca\/wp-json\/wp\/v2\/posts"}],"about":[{"href":"https:\/\/www.ametllerorigenwp.com\/ca\/wp-json\/wp\/v2\/types\/post"}],"author":[{"embeddable":true,"href":"https:\/\/www.ametllerorigenwp.com\/ca\/wp-json\/wp\/v2\/users\/3"}],"replies":[{"embeddable":true,"href":"https:\/\/www.ametllerorigenwp.com\/ca\/wp-json\/wp\/v2\/comments?post=6569"}],"version-history":[{"count":1,"href":"https:\/\/www.ametllerorigenwp.com\/ca\/wp-json\/wp\/v2\/posts\/6569\/revisions"}],"predecessor-version":[{"id":6572,"href":"https:\/\/www.ametllerorigenwp.com\/ca\/wp-json\/wp\/v2\/posts\/6569\/revisions\/6572"}],"wp:featuredmedia":[{"embeddable":true,"href":"https:\/\/www.ametllerorigenwp.com\/ca\/wp-json\/wp\/v2\/media\/6570"}],"wp:attachment":[{"href":"https:\/\/www.ametllerorigenwp.com\/ca\/wp-json\/wp\/v2\/media?parent=6569"}],"wp:term":[{"taxonomy":"category","embeddable":true,"href":"https:\/\/www.ametllerorigenwp.com\/ca\/wp-json\/wp\/v2\/categories?post=6569"},{"taxonomy":"post_tag","embeddable":true,"href":"https:\/\/www.ametllerorigenwp.com\/ca\/wp-json\/wp\/v2\/tags?post=6569"}],"curies":[{"name":"wp","href":"https:\/\/api.w.org\/{rel}","templated":true}]}}