{"id":6589,"date":"2022-11-16T15:03:36","date_gmt":"2022-11-16T15:03:36","guid":{"rendered":"https:\/\/www.ametllerorigenwp.com\/?p=6589"},"modified":"2022-11-16T18:16:44","modified_gmt":"2022-11-16T18:16:44","slug":"el-pilot-de-motos-aleix-espargaro-i-el-xef-vicent-guimera-se-sumen-al-projecte-cuina-solidaria-que-ja-porta-recaptats-30-925e","status":"publish","type":"post","link":"https:\/\/www.ametllerorigenwp.com\/ca\/el-pilot-de-motos-aleix-espargaro-i-el-xef-vicent-guimera-se-sumen-al-projecte-cuina-solidaria-que-ja-porta-recaptats-30-925e\/","title":{"rendered":"El pilot de motos Aleix Espargar\u00f3 i el xef Vicent Guimer\u00e0 se sumen al projecte \u2018Cuina Solid\u00e0ria\u2019 que ja porta recaptats 31.000\u20ac"},"content":{"rendered":"\n<p><strong>Estem molt satisfets d\u2019anunciar que el pilot de motociclisme Aleix Espargar\u00f3 i el xef amb estrella Michelin i estrella verda Michelin de l\u2019Antic Mol\u00ed, Vicent Guimer\u00e0, s\u2019han unit al projecte \u2018Cuina Solid\u00e0ria\u2019<\/strong>, que vam posar en marxa juntament amb el Juan Carlos Unzu\u00e9 el juny, coincidint amb el Dia Mundial de l\u2019ELA. L\u2019objectiu d\u2019aquesta iniciativa solid\u00e0ria \u00e9s recaptar fons per a la Fundaci\u00f3 Catalana d\u2019ELA Miquel Valls, que treballa per contribuir a la millora de la qualitat de vida dels pacients i els seus familiars.<\/p>\n\n\n\n<p><strong>En nom\u00e9s cinc mesos, hem recaptat ja un total de 31.000\u20ac, que aniran \u00edntegrament destinats a la Fundaci\u00f3<\/strong>. \u201c<em>Estem molt agra\u00efts i satisfets de la bona rebuda que ha tingut el projecte i nom\u00e9s podem donar les gr\u00e0cies als nostres clients per la seva solidaritat<\/em>\u201d, ha explicat el <strong>conseller delegat i cofundador d\u2019Ametller Origen, Josep Ametller<\/strong>.\u00a0<\/p>\n\n\n\n<p>Continuem avan\u00e7ant cap al m\u00f3n on volem viure!<\/p>\n","protected":false},"excerpt":{"rendered":"<p>Estem molt satisfets d\u2019anunciar que el pilot de motociclisme Aleix Espargar\u00f3 i el xef amb estrella Michelin i estrella verda Michelin de l\u2019Antic Mol\u00ed, Vicent Guimer\u00e0, s\u2019han unit al projecte \u2018Cuina Solid\u00e0ria\u2019, que vam posar en marxa juntament amb el Juan Carlos Unzu\u00e9 el juny, coincidint amb el Dia Mundial de l\u2019ELA. L\u2019objectiu d\u2019aquesta iniciativa &hellip; <a href=\"https:\/\/www.ametllerorigenwp.com\/ca\/el-pilot-de-motos-aleix-espargaro-i-el-xef-vicent-guimera-se-sumen-al-projecte-cuina-solidaria-que-ja-porta-recaptats-30-925e\/\" class=\"more-link\">Continua llegint <span class=\"screen-reader-text\">\u00abEl pilot de motos Aleix Espargar\u00f3 i el xef Vicent Guimer\u00e0 se sumen al projecte \u2018Cuina Solid\u00e0ria\u2019 que ja porta recaptats 31.000\u20ac\u00bb<\/span><\/a><\/p>\n","protected":false},"author":3,"featured_media":6590,"comment_status":"closed","ping_status":"closed","sticky":false,"template":"","format":"standard","meta":{"_uag_custom_page_level_css":"","advgb_blocks_editor_width":"","advgb_blocks_columns_visual_guide":"","footnotes":""},"categories":[2],"tags":[],"class_list":["post-6589","post","type-post","status-publish","format-standard","has-post-thumbnail","hentry","category-noticies"],"author_meta":{"display_name":"Ametller Origen","author_link":"https:\/\/www.ametllerorigenwp.com\/ca\/author\/ao_editor\/"},"featured_img":"https:\/\/www.ametllerorigenwp.com\/wp-content\/uploads\/2022\/11\/APP_DEST_CUINA_SOLIDARIA_CAT-300x102.jpg","uagb_featured_image_src":{"full":["https:\/\/www.ametllerorigenwp.com\/wp-content\/uploads\/2022\/11\/APP_DEST_CUINA_SOLIDARIA_CAT.jpg",1000,340,false],"thumbnail":["https:\/\/www.ametllerorigenwp.com\/wp-content\/uploads\/2022\/11\/APP_DEST_CUINA_SOLIDARIA_CAT-150x150.jpg",150,150,true],"medium":["https:\/\/www.ametllerorigenwp.com\/wp-content\/uploads\/2022\/11\/APP_DEST_CUINA_SOLIDARIA_CAT-300x102.jpg",300,102,true],"medium_large":["https:\/\/www.ametllerorigenwp.com\/wp-content\/uploads\/2022\/11\/APP_DEST_CUINA_SOLIDARIA_CAT-768x261.jpg",768,261,true],"large":["https:\/\/www.ametllerorigenwp.com\/wp-content\/uploads\/2022\/11\/APP_DEST_CUINA_SOLIDARIA_CAT.jpg",840,286,false],"1536x1536":["https:\/\/www.ametllerorigenwp.com\/wp-content\/uploads\/2022\/11\/APP_DEST_CUINA_SOLIDARIA_CAT.jpg",1000,340,false],"2048x2048":["https:\/\/www.ametllerorigenwp.com\/wp-content\/uploads\/2022\/11\/APP_DEST_CUINA_SOLIDARIA_CAT.jpg",1000,340,false],"post-thumbnail":["https:\/\/www.ametllerorigenwp.com\/wp-content\/uploads\/2022\/11\/APP_DEST_CUINA_SOLIDARIA_CAT.jpg",1000,340,false]},"uagb_author_info":{"display_name":"Ametller Origen","author_link":"https:\/\/www.ametllerorigenwp.com\/ca\/author\/ao_editor\/"},"uagb_comment_info":0,"uagb_excerpt":"Estem molt satisfets d\u2019anunciar que el pilot de motociclisme Aleix Espargar\u00f3 i el xef amb estrella Michelin i estrella verda Michelin de l\u2019Antic Mol\u00ed, Vicent Guimer\u00e0, s\u2019han unit al projecte \u2018Cuina Solid\u00e0ria\u2019, que vam posar en marxa juntament amb el Juan Carlos Unzu\u00e9 el juny, coincidint amb el Dia Mundial de l\u2019ELA. L\u2019objectiu d\u2019aquesta iniciativa&hellip;","coauthors":[],"tax_additional":{"categories":{"linked":["<a href=\"https:\/\/www.ametllerorigenwp.com\/ca\/category\/noticies\/\" class=\"advgb-post-tax-term\">Noticies<\/a>"],"unlinked":["<span class=\"advgb-post-tax-term\">Noticies<\/span>"]}},"comment_count":"0","relative_dates":{"created":"Posted 3 anys ago","modified":"Updated 3 anys ago"},"absolute_dates":{"created":"Posted on 16 de novembre de 2022","modified":"Updated on 16 de novembre de 2022"},"absolute_dates_time":{"created":"Posted on 16 de novembre de 2022 15:03","modified":"Updated on 16 de novembre de 2022 18:16"},"featured_img_caption":"","series_order":"","show_in_app":true,"fecha_inicio_destacado":null,"hora_inicio_visualizacion":null,"minutos_inicio_visualizacion":null,"fecha_final_destacado":null,"hora_final_visualizacion":null,"minutos_final_visualizacion":null,"posicion_visualizacion":null,"estado_destacado":null,"niveles_destacados":null,"url_del_enlace":null,"banner_destacado":null,"posicion_visualizacion_de_la_noticia":null,"estado_noticia":null,"fecha_de_inicio_de_visualizacion_del_tutorial":null,"hora_inicio_visualizacion_tutorial":null,"minutos_inicio_visualizacion_tutorial":null,"fecha_de_final_de_visualizacion_del_tutorial":null,"hora_final_visualizacion_tutorial":null,"minutos_final_visualizacion_tutorial":null,"numero_de_veces_visto":null,"numero_de_veces_total":null,"niveles_tutorial":null,"tutorial_recursos_castellano":null,"tutorial_recursos_catalan":null,"dias_disponibles":null,"dias_de_la_semana":null,"dias_del_mes":null,"other_lang_post_id":null,"lang":"ca","campanya_descripcion":null,"campanya_fecha_inicio":null,"campanya_fecha_fin":null,"campanya_legales":null,"campanya_imagen":null,"campanya_characteristics":null,"campanya_url":null,"campanya_posicion_visualizacion":null,"campanya_estado":null,"_links":{"self":[{"href":"https:\/\/www.ametllerorigenwp.com\/ca\/wp-json\/wp\/v2\/posts\/6589","targetHints":{"allow":["GET"]}}],"collection":[{"href":"https:\/\/www.ametllerorigenwp.com\/ca\/wp-json\/wp\/v2\/posts"}],"about":[{"href":"https:\/\/www.ametllerorigenwp.com\/ca\/wp-json\/wp\/v2\/types\/post"}],"author":[{"embeddable":true,"href":"https:\/\/www.ametllerorigenwp.com\/ca\/wp-json\/wp\/v2\/users\/3"}],"replies":[{"embeddable":true,"href":"https:\/\/www.ametllerorigenwp.com\/ca\/wp-json\/wp\/v2\/comments?post=6589"}],"version-history":[{"count":3,"href":"https:\/\/www.ametllerorigenwp.com\/ca\/wp-json\/wp\/v2\/posts\/6589\/revisions"}],"predecessor-version":[{"id":6598,"href":"https:\/\/www.ametllerorigenwp.com\/ca\/wp-json\/wp\/v2\/posts\/6589\/revisions\/6598"}],"wp:featuredmedia":[{"embeddable":true,"href":"https:\/\/www.ametllerorigenwp.com\/ca\/wp-json\/wp\/v2\/media\/6590"}],"wp:attachment":[{"href":"https:\/\/www.ametllerorigenwp.com\/ca\/wp-json\/wp\/v2\/media?parent=6589"}],"wp:term":[{"taxonomy":"category","embeddable":true,"href":"https:\/\/www.ametllerorigenwp.com\/ca\/wp-json\/wp\/v2\/categories?post=6589"},{"taxonomy":"post_tag","embeddable":true,"href":"https:\/\/www.ametllerorigenwp.com\/ca\/wp-json\/wp\/v2\/tags?post=6589"}],"curies":[{"name":"wp","href":"https:\/\/api.w.org\/{rel}","templated":true}]}}