{"id":6627,"date":"2022-11-22T15:42:22","date_gmt":"2022-11-22T15:42:22","guid":{"rendered":"https:\/\/www.ametllerorigenwp.com\/?p=6627"},"modified":"2022-11-22T15:42:24","modified_gmt":"2022-11-22T15:42:24","slug":"ja-son-aqui-les-nostres-mandarines-12h","status":"publish","type":"post","link":"https:\/\/www.ametllerorigenwp.com\/ca\/ja-son-aqui-les-nostres-mandarines-12h\/","title":{"rendered":"Ja s\u00f3n aqu\u00ed les nostres mandarines 12h!"},"content":{"rendered":"\n<p>De color taronja brillant, amb l\u2019escor\u00e7a llisa i f\u00e0cil de pelar, <strong>la mandarina \u00e9s una fruita<\/strong> <strong>de temporada caracter\u00edstica no nom\u00e9s per estar deliciosa, sin\u00f3 tamb\u00e9 per les seves propietats beneficioses per a la salut.<\/strong><\/p>\n\n\n\n<p>Les <strong>nostres mandarines de collita pr\u00f2pia s\u00f3n bon\u00edssimes perqu\u00e8 reben 12h de llum solar al dia i, per tant, s\u00f3n m\u00e9s dolces i sucoses<\/strong>. &nbsp;I \u00e9s que <strong>les deixem madurar a l\u2019arbre i les collim en el seu punt \u00f2ptim de maduraci\u00f3<\/strong>.<\/p>\n\n\n\n<p>Pel que fa a les seves propietats, les mandarines s\u00f3n font de <strong>vitamina C<\/strong>, que actua com a antioxidant i ajuda a refor\u00e7ar el teu sistema immunitari.&nbsp; A m\u00e9s a m\u00e9s, la seva aportaci\u00f3 en <strong>provitamina A<\/strong>, permet mantenir una bona salut de la pell i la vista. Tanmateix, el seu alt contingut en <strong>aigua<\/strong>, <strong>potassi<\/strong> i <strong>\u00e0cid c\u00edtric<\/strong> permet que tingui un gran efecte di\u00fcr\u00e8tic.<\/p>\n\n\n\n<p>Troba les millors mandarines a les nostres botigues f\u00edsiques i a la <a href=\"https:\/\/www.ametllerorigen.com\/ca\/fruita\/taronges-i-citrics?utm_source=app&amp;utm_medium=appcat&amp;utm_campaign=&amp;utm_content=990x250\">botiga online<\/a>!<\/p>\n","protected":false},"excerpt":{"rendered":"<p>De color taronja brillant, amb l\u2019escor\u00e7a llisa i f\u00e0cil de pelar, la mandarina \u00e9s una fruita de temporada caracter\u00edstica no nom\u00e9s per estar deliciosa, sin\u00f3 tamb\u00e9 per les seves propietats beneficioses per a la salut. Les nostres mandarines de collita pr\u00f2pia s\u00f3n bon\u00edssimes perqu\u00e8 reben 12h de llum solar al dia i, per tant, s\u00f3n &hellip; <a href=\"https:\/\/www.ametllerorigenwp.com\/ca\/ja-son-aqui-les-nostres-mandarines-12h\/\" class=\"more-link\">Continua llegint <span class=\"screen-reader-text\">\u00abJa s\u00f3n aqu\u00ed les nostres mandarines 12h!\u00bb<\/span><\/a><\/p>\n","protected":false},"author":3,"featured_media":6628,"comment_status":"closed","ping_status":"closed","sticky":false,"template":"","format":"standard","meta":{"_uag_custom_page_level_css":"","advgb_blocks_editor_width":"","advgb_blocks_columns_visual_guide":"","footnotes":""},"categories":[2],"tags":[],"class_list":["post-6627","post","type-post","status-publish","format-standard","has-post-thumbnail","hentry","category-noticies"],"author_meta":{"display_name":"Ametller Origen","author_link":"https:\/\/www.ametllerorigenwp.com\/ca\/author\/ao_editor\/"},"featured_img":"https:\/\/www.ametllerorigenwp.com\/wp-content\/uploads\/2022\/11\/APP_IM_MANDARINES-300x102.jpg","uagb_featured_image_src":{"full":["https:\/\/www.ametllerorigenwp.com\/wp-content\/uploads\/2022\/11\/APP_IM_MANDARINES.jpg",1000,340,false],"thumbnail":["https:\/\/www.ametllerorigenwp.com\/wp-content\/uploads\/2022\/11\/APP_IM_MANDARINES-150x150.jpg",150,150,true],"medium":["https:\/\/www.ametllerorigenwp.com\/wp-content\/uploads\/2022\/11\/APP_IM_MANDARINES-300x102.jpg",300,102,true],"medium_large":["https:\/\/www.ametllerorigenwp.com\/wp-content\/uploads\/2022\/11\/APP_IM_MANDARINES-768x261.jpg",768,261,true],"large":["https:\/\/www.ametllerorigenwp.com\/wp-content\/uploads\/2022\/11\/APP_IM_MANDARINES.jpg",840,286,false],"1536x1536":["https:\/\/www.ametllerorigenwp.com\/wp-content\/uploads\/2022\/11\/APP_IM_MANDARINES.jpg",1000,340,false],"2048x2048":["https:\/\/www.ametllerorigenwp.com\/wp-content\/uploads\/2022\/11\/APP_IM_MANDARINES.jpg",1000,340,false],"post-thumbnail":["https:\/\/www.ametllerorigenwp.com\/wp-content\/uploads\/2022\/11\/APP_IM_MANDARINES.jpg",1000,340,false]},"uagb_author_info":{"display_name":"Ametller Origen","author_link":"https:\/\/www.ametllerorigenwp.com\/ca\/author\/ao_editor\/"},"uagb_comment_info":0,"uagb_excerpt":"De color taronja brillant, amb l\u2019escor\u00e7a llisa i f\u00e0cil de pelar, la mandarina \u00e9s una fruita de temporada caracter\u00edstica no nom\u00e9s per estar deliciosa, sin\u00f3 tamb\u00e9 per les seves propietats beneficioses per a la salut. Les nostres mandarines de collita pr\u00f2pia s\u00f3n bon\u00edssimes perqu\u00e8 reben 12h de llum solar al dia i, per tant, s\u00f3n&hellip;","coauthors":[],"tax_additional":{"categories":{"linked":["<a href=\"https:\/\/www.ametllerorigenwp.com\/ca\/category\/noticies\/\" class=\"advgb-post-tax-term\">Noticies<\/a>"],"unlinked":["<span class=\"advgb-post-tax-term\">Noticies<\/span>"]}},"comment_count":"0","relative_dates":{"created":"Posted 3 anys ago","modified":"Updated 3 anys ago"},"absolute_dates":{"created":"Posted on 22 de novembre de 2022","modified":"Updated on 22 de novembre de 2022"},"absolute_dates_time":{"created":"Posted on 22 de novembre de 2022 15:42","modified":"Updated on 22 de novembre de 2022 15:42"},"featured_img_caption":"","series_order":"","show_in_app":true,"fecha_inicio_destacado":null,"hora_inicio_visualizacion":null,"minutos_inicio_visualizacion":null,"fecha_final_destacado":null,"hora_final_visualizacion":null,"minutos_final_visualizacion":null,"posicion_visualizacion":null,"estado_destacado":null,"niveles_destacados":null,"url_del_enlace":null,"banner_destacado":null,"posicion_visualizacion_de_la_noticia":null,"estado_noticia":null,"fecha_de_inicio_de_visualizacion_del_tutorial":null,"hora_inicio_visualizacion_tutorial":null,"minutos_inicio_visualizacion_tutorial":null,"fecha_de_final_de_visualizacion_del_tutorial":null,"hora_final_visualizacion_tutorial":null,"minutos_final_visualizacion_tutorial":null,"numero_de_veces_visto":null,"numero_de_veces_total":null,"niveles_tutorial":null,"tutorial_recursos_castellano":null,"tutorial_recursos_catalan":null,"dias_disponibles":null,"dias_de_la_semana":null,"dias_del_mes":null,"other_lang_post_id":null,"lang":"ca","campanya_descripcion":null,"campanya_fecha_inicio":null,"campanya_fecha_fin":null,"campanya_legales":null,"campanya_imagen":null,"campanya_characteristics":null,"campanya_url":null,"campanya_posicion_visualizacion":null,"campanya_estado":null,"_links":{"self":[{"href":"https:\/\/www.ametllerorigenwp.com\/ca\/wp-json\/wp\/v2\/posts\/6627","targetHints":{"allow":["GET"]}}],"collection":[{"href":"https:\/\/www.ametllerorigenwp.com\/ca\/wp-json\/wp\/v2\/posts"}],"about":[{"href":"https:\/\/www.ametllerorigenwp.com\/ca\/wp-json\/wp\/v2\/types\/post"}],"author":[{"embeddable":true,"href":"https:\/\/www.ametllerorigenwp.com\/ca\/wp-json\/wp\/v2\/users\/3"}],"replies":[{"embeddable":true,"href":"https:\/\/www.ametllerorigenwp.com\/ca\/wp-json\/wp\/v2\/comments?post=6627"}],"version-history":[{"count":1,"href":"https:\/\/www.ametllerorigenwp.com\/ca\/wp-json\/wp\/v2\/posts\/6627\/revisions"}],"predecessor-version":[{"id":6630,"href":"https:\/\/www.ametllerorigenwp.com\/ca\/wp-json\/wp\/v2\/posts\/6627\/revisions\/6630"}],"wp:featuredmedia":[{"embeddable":true,"href":"https:\/\/www.ametllerorigenwp.com\/ca\/wp-json\/wp\/v2\/media\/6628"}],"wp:attachment":[{"href":"https:\/\/www.ametllerorigenwp.com\/ca\/wp-json\/wp\/v2\/media?parent=6627"}],"wp:term":[{"taxonomy":"category","embeddable":true,"href":"https:\/\/www.ametllerorigenwp.com\/ca\/wp-json\/wp\/v2\/categories?post=6627"},{"taxonomy":"post_tag","embeddable":true,"href":"https:\/\/www.ametllerorigenwp.com\/ca\/wp-json\/wp\/v2\/tags?post=6627"}],"curies":[{"name":"wp","href":"https:\/\/api.w.org\/{rel}","templated":true}]}}