{"id":6693,"date":"2022-12-04T08:45:00","date_gmt":"2022-12-04T08:45:00","guid":{"rendered":"https:\/\/www.ametllerorigenwp.com\/?p=6693"},"modified":"2022-12-02T08:46:08","modified_gmt":"2022-12-02T08:46:08","slug":"sopar-solidari-de-nadal-una-nit-magica-divertida-i-solidaria-gracies-a-tu","status":"publish","type":"post","link":"https:\/\/www.ametllerorigenwp.com\/ca\/sopar-solidari-de-nadal-una-nit-magica-divertida-i-solidaria-gracies-a-tu\/","title":{"rendered":"Sopar Solidari de Nadal: una nit m\u00e0gica, divertida i solid\u00e0ria gr\u00e0cies a tu!"},"content":{"rendered":"\n<p>El passat dijous 24 de novembre, <strong>m\u00e9s de 500 persones es van reunir al Museu Mar\u00edtim de Barcelona per participar en el <a href=\"https:\/\/www.instagram.com\/reel\/Clo4x7sInEy\/?igshid=YmMyMTA2M2Y=\">Sopar Solidari en benefici de La Marat\u00f3<\/a> que vam organitzar<\/strong>. Una nit m\u00e0gica, divertida i solid\u00e0ria on vam riure amb el presentador<strong> \u00d2scar Dalmau<\/strong> i gaudir dels nous canelons d&#8217;espinacs amb panses i pinyons del cuiner <strong>Nandu Jubany<\/strong>, del sushi del xef <strong>Hideki Matsuhisa<\/strong> i del nou panettone en exclusiva de xocolata i gerds del pastisser <strong>Oriol Balaguer<\/strong>.<\/p>\n\n\n\n<p><strong>Gr\u00e0cies a l&#8217;\u00e8xit del Sopar Solidari de Nadal i de la Caminada solid\u00e0ria &#8216;Directe al cor&#8217;, hem aconseguit recaptar 20.000 euros que destinem \u00edntegrament a La Marat\u00f3 de TV3<\/strong>, que aquest any vol conscienciar sobre la salut cardiovascular.<\/p>\n\n\n\n<p>Gr\u00e0cies per fer cam\u00ed amb nosaltres!<\/p>\n","protected":false},"excerpt":{"rendered":"<p>El passat dijous 24 de novembre, m\u00e9s de 500 persones es van reunir al Museu Mar\u00edtim de Barcelona per participar en el Sopar Solidari en benefici de La Marat\u00f3 que vam organitzar. Una nit m\u00e0gica, divertida i solid\u00e0ria on vam riure amb el presentador \u00d2scar Dalmau i gaudir dels nous canelons d&#8217;espinacs amb panses i &hellip; <a href=\"https:\/\/www.ametllerorigenwp.com\/ca\/sopar-solidari-de-nadal-una-nit-magica-divertida-i-solidaria-gracies-a-tu\/\" class=\"more-link\">Continua llegint <span class=\"screen-reader-text\">\u00abSopar Solidari de Nadal: una nit m\u00e0gica, divertida i solid\u00e0ria gr\u00e0cies a tu!\u00bb<\/span><\/a><\/p>\n","protected":false},"author":3,"featured_media":6694,"comment_status":"closed","ping_status":"closed","sticky":false,"template":"","format":"standard","meta":{"_uag_custom_page_level_css":"","advgb_blocks_editor_width":"","advgb_blocks_columns_visual_guide":"","footnotes":""},"categories":[2],"tags":[],"class_list":["post-6693","post","type-post","status-publish","format-standard","has-post-thumbnail","hentry","category-noticies"],"author_meta":{"display_name":"Ametller Origen","author_link":"https:\/\/www.ametllerorigenwp.com\/ca\/author\/ao_editor\/"},"featured_img":"https:\/\/www.ametllerorigenwp.com\/wp-content\/uploads\/2022\/12\/Sopa_solidari_App-300x102.jpg","uagb_featured_image_src":{"full":["https:\/\/www.ametllerorigenwp.com\/wp-content\/uploads\/2022\/12\/Sopa_solidari_App.jpg",1000,340,false],"thumbnail":["https:\/\/www.ametllerorigenwp.com\/wp-content\/uploads\/2022\/12\/Sopa_solidari_App-150x150.jpg",150,150,true],"medium":["https:\/\/www.ametllerorigenwp.com\/wp-content\/uploads\/2022\/12\/Sopa_solidari_App-300x102.jpg",300,102,true],"medium_large":["https:\/\/www.ametllerorigenwp.com\/wp-content\/uploads\/2022\/12\/Sopa_solidari_App-768x261.jpg",768,261,true],"large":["https:\/\/www.ametllerorigenwp.com\/wp-content\/uploads\/2022\/12\/Sopa_solidari_App.jpg",840,286,false],"1536x1536":["https:\/\/www.ametllerorigenwp.com\/wp-content\/uploads\/2022\/12\/Sopa_solidari_App.jpg",1000,340,false],"2048x2048":["https:\/\/www.ametllerorigenwp.com\/wp-content\/uploads\/2022\/12\/Sopa_solidari_App.jpg",1000,340,false],"post-thumbnail":["https:\/\/www.ametllerorigenwp.com\/wp-content\/uploads\/2022\/12\/Sopa_solidari_App.jpg",1000,340,false]},"uagb_author_info":{"display_name":"Ametller Origen","author_link":"https:\/\/www.ametllerorigenwp.com\/ca\/author\/ao_editor\/"},"uagb_comment_info":0,"uagb_excerpt":"El passat dijous 24 de novembre, m\u00e9s de 500 persones es van reunir al Museu Mar\u00edtim de Barcelona per participar en el Sopar Solidari en benefici de La Marat\u00f3 que vam organitzar. Una nit m\u00e0gica, divertida i solid\u00e0ria on vam riure amb el presentador \u00d2scar Dalmau i gaudir dels nous canelons d&#8217;espinacs amb panses i&hellip;","coauthors":[],"tax_additional":{"categories":{"linked":["<a href=\"https:\/\/www.ametllerorigenwp.com\/ca\/category\/noticies\/\" class=\"advgb-post-tax-term\">Noticies<\/a>"],"unlinked":["<span class=\"advgb-post-tax-term\">Noticies<\/span>"]}},"comment_count":"0","relative_dates":{"created":"Posted 3 anys ago","modified":"Updated 3 anys ago"},"absolute_dates":{"created":"Posted on 4 de desembre de 2022","modified":"Updated on 2 de desembre de 2022"},"absolute_dates_time":{"created":"Posted on 4 de desembre de 2022 08:45","modified":"Updated on 2 de desembre de 2022 08:46"},"featured_img_caption":"","series_order":"","show_in_app":true,"fecha_inicio_destacado":null,"hora_inicio_visualizacion":null,"minutos_inicio_visualizacion":null,"fecha_final_destacado":null,"hora_final_visualizacion":null,"minutos_final_visualizacion":null,"posicion_visualizacion":null,"estado_destacado":null,"niveles_destacados":null,"url_del_enlace":null,"banner_destacado":null,"posicion_visualizacion_de_la_noticia":null,"estado_noticia":null,"fecha_de_inicio_de_visualizacion_del_tutorial":null,"hora_inicio_visualizacion_tutorial":null,"minutos_inicio_visualizacion_tutorial":null,"fecha_de_final_de_visualizacion_del_tutorial":null,"hora_final_visualizacion_tutorial":null,"minutos_final_visualizacion_tutorial":null,"numero_de_veces_visto":null,"numero_de_veces_total":null,"niveles_tutorial":null,"tutorial_recursos_castellano":null,"tutorial_recursos_catalan":null,"dias_disponibles":null,"dias_de_la_semana":null,"dias_del_mes":null,"other_lang_post_id":null,"lang":"ca","campanya_descripcion":null,"campanya_fecha_inicio":null,"campanya_fecha_fin":null,"campanya_legales":null,"campanya_imagen":null,"campanya_characteristics":null,"campanya_url":null,"campanya_posicion_visualizacion":null,"campanya_estado":null,"_links":{"self":[{"href":"https:\/\/www.ametllerorigenwp.com\/ca\/wp-json\/wp\/v2\/posts\/6693","targetHints":{"allow":["GET"]}}],"collection":[{"href":"https:\/\/www.ametllerorigenwp.com\/ca\/wp-json\/wp\/v2\/posts"}],"about":[{"href":"https:\/\/www.ametllerorigenwp.com\/ca\/wp-json\/wp\/v2\/types\/post"}],"author":[{"embeddable":true,"href":"https:\/\/www.ametllerorigenwp.com\/ca\/wp-json\/wp\/v2\/users\/3"}],"replies":[{"embeddable":true,"href":"https:\/\/www.ametllerorigenwp.com\/ca\/wp-json\/wp\/v2\/comments?post=6693"}],"version-history":[{"count":1,"href":"https:\/\/www.ametllerorigenwp.com\/ca\/wp-json\/wp\/v2\/posts\/6693\/revisions"}],"predecessor-version":[{"id":6696,"href":"https:\/\/www.ametllerorigenwp.com\/ca\/wp-json\/wp\/v2\/posts\/6693\/revisions\/6696"}],"wp:featuredmedia":[{"embeddable":true,"href":"https:\/\/www.ametllerorigenwp.com\/ca\/wp-json\/wp\/v2\/media\/6694"}],"wp:attachment":[{"href":"https:\/\/www.ametllerorigenwp.com\/ca\/wp-json\/wp\/v2\/media?parent=6693"}],"wp:term":[{"taxonomy":"category","embeddable":true,"href":"https:\/\/www.ametllerorigenwp.com\/ca\/wp-json\/wp\/v2\/categories?post=6693"},{"taxonomy":"post_tag","embeddable":true,"href":"https:\/\/www.ametllerorigenwp.com\/ca\/wp-json\/wp\/v2\/tags?post=6693"}],"curies":[{"name":"wp","href":"https:\/\/api.w.org\/{rel}","templated":true}]}}